{"id":9971,"date":"2025-09-05T03:45:26","date_gmt":"2025-09-05T01:45:26","guid":{"rendered":"https:\/\/aleeknews.com\/4l33k5\/2025\/09\/05\/karla-monroig-sobre-su-relacion-con-tommy-torres-estamos-en-un-proceso-de-divorcio\/"},"modified":"2025-09-07T18:06:17","modified_gmt":"2025-09-07T16:06:17","slug":"karla-monroig-sobre-su-relacion-con-tommy-torres-estamos-en-un-proceso-de-divorcio","status":"publish","type":"post","link":"https:\/\/aleeknews.com\/4l33k5\/2025\/09\/05\/karla-monroig-sobre-su-relacion-con-tommy-torres-estamos-en-un-proceso-de-divorcio\/","title":{"rendered":"Karla Monroig sobre su relaci\u00f3n con Tommy Torres: \u201cEstamos en un proceso de divorcio\u201d"},"content":{"rendered":"<div>\n<p>La actriz<b> <\/b><a href=\"https:\/\/www.elnuevodia.com\/entretenimiento\/farandula\/notas\/karla-monroig-supera-con-honores-uno-de-los-momentos-mas-retantes-de-su-vida\/\" target=\"_self\" rel title=\"https:\/\/www.elnuevodia.com\/entretenimiento\/farandula\/notas\/karla-monroig-supera-con-honores-uno-de-los-momentos-mas-retantes-de-su-vida\/\"><b>Karla Monroig<\/b> <\/a>admiti\u00f3 hoy, martes, que se encuentra en proceso de divorcio del cantautor puertorrique\u00f1o <a href=\"https:\/\/www.elnuevodia.com\/entretenimiento\/musica\/notas\/tommy-torres-ofrece-consejos-a-estudiantes-de-harvard-y-berklee\/\" target=\"_self\" rel title=\"https:\/\/www.elnuevodia.com\/entretenimiento\/musica\/notas\/tommy-torres-ofrece-consejos-a-estudiantes-de-harvard-y-berklee\/\"><b>Tommy Torres<\/b><\/a>, <b>tras 20 a\u00f1os de relaci\u00f3n. <\/b><\/p>\n<p>Las declaraciones de la actriz puertorrique\u00f1a las hizo durante su participaci\u00f3n en el programa <b>\u201cHoy D\u00eda\u201d de <\/b><a href=\"https:\/\/www.elnuevodia.com\/topicos\/telemundo\/\" target=\"_self\" rel title=\"https:\/\/www.elnuevodia.com\/topicos\/telemundo\/\"><b>Telemundo<\/b>.<\/a> <\/p>\n<p>\u201c<b>Un momento cr\u00edtico con mi pareja es el que estoy viviendo.<\/b> <b>Estamos en un proceso de divorcio luego de 20 a\u00f1os juntos<\/b>, <b>unos 16, casi 17 a\u00f1os de casado. Ya llega un momento en que si no funciona, cada cual tiene el derecho de buscar su felicidad. Lo m\u00e1s sabio es tomar caminos diferentes y ense\u00f1arle a nuestra hija que lo m\u00e1s importante no son las apariencias, sino vivir en verdadero amor. Un divorcio siempre es muy duro<\/b>\u201d, confes\u00f3 la actriz, quien hace unas semanas estuvo en Puerto Rico como parte del <a href=\"https:\/\/www.elnuevodia.com\/entretenimiento\/peliculas-series\/notas\/roselyn-sanchez-debuta-como-directora-con-una-comedia-elegante-y-con-corazon\/\" target=\"_self\" rel title=\"https:\/\/www.elnuevodia.com\/entretenimiento\/peliculas-series\/notas\/roselyn-sanchez-debuta-como-directora-con-una-comedia-elegante-y-con-corazon\/\">estreno de la pel\u00edcula <b>\u201cDiario, mujer y caf\u00e9\u201d<\/b><\/a>, dirigida por <a href=\"https:\/\/www.elnuevodia.com\/topicos\/roselyn-sanchez\/\" target=\"_self\" rel title=\"https:\/\/www.elnuevodia.com\/topicos\/roselyn-sanchez\/\">Roselyn S\u00e1nchez<\/a>.<\/p>\n<div>\n<p><b>1 \/ 25 | <\/b><span> Noche de ensue\u00f1o en la premier de la pel\u00edcula \u201cDiario, Mujer y Caf\u00e9\u201d . La proyecci\u00f3n marc\u00f3 un momento hist\u00f3rico en la carrera de Roselyn S\u00e1nchez, quien dirige por primera vez un largometraje, llevando a la pantalla grande una historia que celebra la amistad, la cultura puertorrique\u00f1a y la capacidad de reinventarse.<\/span><i> &#8211; Suministrada<\/i><\/p>\n<\/div>\n<p>La actriz comparti\u00f3 el video de su confesi\u00f3n en sus redes sociales, donde expres\u00f3 que su determinaci\u00f3n <b>es un acto de amor propio<\/b>. La confesi\u00f3n se dio en medio del segmento \u201cLos dados de la vida\u201d. <\/p>\n<p>\u201cA veces el destino nos empuja\u2026 y hoy no fue la excepci\u00f3n. \u00a1Creo que hasta me toca jugar el Powerball! \ud83e\udd2aHablando en serio, el dolor vino acompa\u00f1ado de mucho aprendizaje. <b>Entend\u00ed que dejar atr\u00e1s no es debilidad, sino el acto m\u00e1s valiente de amor propio.<\/b> Y de valent\u00eda, cr\u00e9anme, yo s\u00ed s\u00e9. Gracias a mi familia, mis amigos que sin ellos no se que ser\u00eda de mi y a todos ustedes que, en lo laboral, me abrieron las puertas, respetaron mi proceso y me apoyaron para poder salir frente a c\u00e1mara<a href=\"https:\/\/www.instagram.com\/diariomujerycafemovie\/\" rel>@diariomujerycafemovie<\/a><a href=\"https:\/\/www.instagram.com\/baila.wapa\/\" rel>@baila.wapa<\/a><a href=\"https:\/\/www.instagram.com\/lamesacaliente\/\" rel>@lamesacaliente<\/a><a href=\"https:\/\/www.instagram.com\/hoydia\/\" rel>@hoydia<\/a>. <b>Hoy les comparto un cierre de ciclo lleno de gratitud y con la certeza de que lo mejor siempre est\u00e1 por venir. Conf\u00edo en el plan que Dios tiene para m\u00ed. Gracias<\/b> por su cari\u00f1o y oraciones&#8221;, expres\u00f3 Monroig. <\/p>\n<p>La pareja procre\u00f3 a la ni\u00f1a Amanda Zo\u00e9, quien naci\u00f3 en el 2012. <\/p>\n<p>Sobre la ruptura amorosa indic\u00f3 que ha recibido apoyo de un c\u00edrculo cercano de personas que le han ayudado a sanar. De hecho recientemente dio a conocer que se mud\u00f3 de casa en el estado de Florida. <\/p>\n<p>A la actriz se le ha visto sola desde hace unos meses tanto en sus apariciones p\u00fablicas como en las redes sociales, por lo que los rumores de la separaci\u00f3n sonaban con fuerza. Sin embargo, no fue hasta, hoy, que la actriz lo hizo p\u00fablico. <\/p>\n<p>Cuando fue la conductora de \u201c\u00a1Claro que baila!\u201d de Wapa Televisi\u00f3n y luego en la premier de \u201cDiario, mujer y caf\u00e9\u201d, la actriz estuvo sola en Puerto Rico. <\/p>\n<p>Hasta el momento, el cantautor de \u201cNunca imagin\u00e9\u201d no se ha expresado sobre su divorcio. <\/p>\n<\/div>\n\n    <div class=\"xs_social_share_widget xs_share_url after_content \t\tmain_content  wslu-style-1 wslu-share-box-shaped wslu-fill-colored wslu-none wslu-share-horizontal wslu-theme-font-no wslu-main_content\">\n\n\t\t\n        <ul>\n\t\t\t        <\/ul>\n    <\/div> \n","protected":false},"excerpt":{"rendered":"<p>La actriz Karla Monroig admiti\u00f3 hoy, martes, que se encuentra en proceso de divorcio del cantautor puertorrique\u00f1o Tommy Torres , tras 20 a\u00f1os de relaci\u00f3n. Las declaraciones de la actriz puertorrique\u00f1a las hizo durante su participaci\u00f3n en el programa \u201cHoy D\u00eda\u201d de Telemundo. \u201cUn momento cr\u00edtico con mi pareja es el que estoy viviendo. Estamos<\/p>\n","protected":false},"author":2,"featured_media":0,"comment_status":"open","ping_status":"open","sticky":false,"template":"","format":"standard","meta":{"om_disable_all_campaigns":false,"_monsterinsights_skip_tracking":false,"_monsterinsights_sitenote_active":false,"_monsterinsights_sitenote_note":"","_monsterinsights_sitenote_category":0,"footnotes":""},"categories":[47],"tags":[50],"class_list":["post-9971","post","type-post","status-publish","format-standard","hentry","category-farandula","tag-farandula"],"aioseo_notices":[],"_links":{"self":[{"href":"https:\/\/aleeknews.com\/4l33k5\/wp-json\/wp\/v2\/posts\/9971","targetHints":{"allow":["GET"]}}],"collection":[{"href":"https:\/\/aleeknews.com\/4l33k5\/wp-json\/wp\/v2\/posts"}],"about":[{"href":"https:\/\/aleeknews.com\/4l33k5\/wp-json\/wp\/v2\/types\/post"}],"author":[{"embeddable":true,"href":"https:\/\/aleeknews.com\/4l33k5\/wp-json\/wp\/v2\/users\/2"}],"replies":[{"embeddable":true,"href":"https:\/\/aleeknews.com\/4l33k5\/wp-json\/wp\/v2\/comments?post=9971"}],"version-history":[{"count":1,"href":"https:\/\/aleeknews.com\/4l33k5\/wp-json\/wp\/v2\/posts\/9971\/revisions"}],"predecessor-version":[{"id":10197,"href":"https:\/\/aleeknews.com\/4l33k5\/wp-json\/wp\/v2\/posts\/9971\/revisions\/10197"}],"wp:attachment":[{"href":"https:\/\/aleeknews.com\/4l33k5\/wp-json\/wp\/v2\/media?parent=9971"}],"wp:term":[{"taxonomy":"category","embeddable":true,"href":"https:\/\/aleeknews.com\/4l33k5\/wp-json\/wp\/v2\/categories?post=9971"},{"taxonomy":"post_tag","embeddable":true,"href":"https:\/\/aleeknews.com\/4l33k5\/wp-json\/wp\/v2\/tags?post=9971"}],"curies":[{"name":"wp","href":"https:\/\/api.w.org\/{rel}","templated":true}]}}