{"id":6949,"date":"2025-08-02T17:19:13","date_gmt":"2025-08-02T15:19:13","guid":{"rendered":"https:\/\/aleeknews.com\/4l33k5\/2025\/08\/02\/detenidos-en-alligator-alcatraz-estan-retenidos-sin-cargos-y-sin-acceso-a-abogados\/"},"modified":"2025-08-02T17:19:13","modified_gmt":"2025-08-02T15:19:13","slug":"detenidos-en-alligator-alcatraz-estan-retenidos-sin-cargos-y-sin-acceso-a-abogados","status":"publish","type":"post","link":"https:\/\/aleeknews.com\/4l33k5\/2025\/08\/02\/detenidos-en-alligator-alcatraz-estan-retenidos-sin-cargos-y-sin-acceso-a-abogados\/","title":{"rendered":"Detenidos en \u201cAlligator Alcatraz\u201d est\u00e1n retenidos sin cargos y sin acceso a abogados"},"content":{"rendered":"<div>\n<p>Abogados de derechos civiles que buscan una orden de restricci\u00f3n temporal contra un centro de detenci\u00f3n de inmigraci\u00f3n en los Everglades de <a href=\"https:\/\/www.elnuevodia.com\/topicos\/estado-de-florida\/\" target=\"_blank\" rel=\"noreferrer\" title=\"https:\/\/www.elnuevodia.com\/topicos\/estado-de-florida\/\"><b>Florida<\/b><\/a> dicen que a los detenidos en el <b>\u201cAlcatraz de los Caimanes\u201d se les ha prohibido reunirse con abogados, est\u00e1n retenidos sin cargos y que un tribunal federal de inmigraci\u00f3n ha cancelado las audiencias de fianza.<\/b><\/p>\n<p>Los abogados de inmigraci\u00f3n argumentaron el lunes durante una audiencia virtual que se estaban violando los derechos constitucionales de los detenidos y que <b>100 de ellos ya fueron deportados desde el \u201cAlcatraz de los Caimanes\u201d.<\/b><\/p>\n<p>Los abogados de los detenidos han sido informados de que el tribunal de inmigraci\u00f3n no tiene jurisdicci\u00f3n sobre sus clientes, y los abogados de derechos civiles exigieron que los funcionarios federales y estatales identifiquen un tribunal de inmigraci\u00f3n que tenga jurisdicci\u00f3n sobre los detenidos que pueda comenzar a aceptar peticiones de fianza.<\/p>\n<p><b>\u201cEsta es una situaci\u00f3n de emergencia\u201d<\/b>, dijo Eunice Cho, abogada de la <a href=\"https:\/\/www.elnuevodia.com\/topicos\/aclu\/\" target=\"_blank\" rel=\"noreferrer\" title=\"https:\/\/www.elnuevodia.com\/topicos\/aclu\/\"><b>Fundaci\u00f3n de la Uni\u00f3n Americana de Libertades Civiles<\/b><\/a> (ACLU), durante la audiencia en el tribunal federal en Miami. <b>\u201cLos oficiales en el \u2018Alcatraz de los Caimanes\u2019 est\u00e1n tratando de forzar a las personas a firmar \u00f3rdenes de deportaci\u00f3n sin la capacidad de hablar con un abogado\u201d<\/b>.<\/p>\n<p>Pero <b>Nicholas Meros<\/b>, un abogado que representa al gobernador de Florida, <a href=\"https:\/\/www.elnuevodia.com\/topicos\/ron-desantis\" target=\"_blank\" rel=\"noreferrer\" title=\"https:\/\/www.elnuevodia.com\/topicos\/ron-desantis\"><b>Ron DeSantis<\/b><\/a>, dijo que la situaci\u00f3n hab\u00eda evolucionado desde que se present\u00f3 la demanda de los grupos de derechos civiles, el 16 de julio. Se hab\u00edan instalado salas de videoconferencia para que los detenidos pudieran hablar con abogados, y hab\u00edan comenzado las reuniones en persona entre detenidos y abogados.<\/p>\n<div>\n<p><b>1 \/ 18 | <\/b><span> &#8220;Alligator Alcatraz&#8221;: Donald Trump visita pol\u00e9mico centro de detenci\u00f3n de inmigrantes en Florida. A eso de las 10:00 a.m., hora local, el presidente estadounidense, Donald Trump, visit\u00f3 este martes, junto a la secretaria de Seguridad Nacional, Kristi Noem y el gobernador de Florida, Ron DeSantis, las instalaciones de un nuevo centro de detenci\u00f3n para migrantes en el estado sure\u00f1o.<\/span><i> &#8211; ANDREW CABALLERO-REYNOLDS<\/i><\/p>\n<\/div>\n<p><b>\u201cHa habido una serie de hechos que han cambiado\u201d<\/b>, dijo Meros durante la audiencia del lunes.<\/p>\n<p>El juez federal de distrito, <b>Rodolfo Ruiz<\/b>, designado por el presidente <a href=\"https:\/\/www.elnuevodia.com\/topicos\/donald-trump\/\" target=\"_blank\" rel=\"noreferrer\" title=\"https:\/\/www.elnuevodia.com\/topicos\/donald-trump\/\"><b>Donald Trump<\/b><\/a>, no emiti\u00f3 un fallo inmediato. Pidi\u00f3 a los abogados de derechos civiles que volvieran a presentar su queja para consolidar sus alegatos como una solicitud de orden judicial preliminar y estableci\u00f3 un calendario de presentaciones que culminar\u00e1 con una audiencia en persona el 18 de agosto.<\/p>\n<p>El juez advirti\u00f3 que su papel era proporcionar alivio a cualquier violaci\u00f3n constitucional probada y dijo que <b>\u201clos intentos de transformar el tribunal en el guardi\u00e1n del \u2018Alcatraz de los Caimanes\u2019 no van a suceder aqu\u00ed\u201d<\/b>. El juez tambi\u00e9n permiti\u00f3 que los grupos de derechos civiles argumentaran por la divulgaci\u00f3n de cualquier acuerdo entre los gobiernos federal y estatal que muestre qui\u00e9n tiene autoridad sobre el centro de detenci\u00f3n, un tema confuso desde que se abri\u00f3 hace un mes.<\/p>\n<p>Conocer m\u00e1s sobre cualquier acuerdo \u201cser\u00eda bueno para todas las partes, ya que el tribunal podr\u00eda estar entrando en un agujero negro sobre la interacci\u00f3n entre las autoridades federales y estatales y ciertamente preocupaciones jurisdiccionales\u201d, dijo Ruiz. \u201cY ese es parte del problema: \u00bfqui\u00e9n est\u00e1 haciendo qu\u00e9 en esta instalaci\u00f3n?\u201d.<\/p>\n<p>La demanda es la segunda contra este centro de detenci\u00f3n para migrantes en Florida. Grupos ambientalistas demandaron el mes pasado a funcionarios federales y estatales pidiendo que se detenga el proyecto construido en una pista de aterrizaje en el coraz\u00f3n de los Everglades porque el proceso no sigui\u00f3 las leyes ambientales estatales y federales.<\/p>\n<p>Los abogados del estado de Florida y del gobierno federal han argumentado en ambos casos que el Distrito Sur del tribunal federal en Florida era el lugar incorrecto, ya que la pista de aterrizaje est\u00e1 ubicada en el condado vecino de Collier, que es parte del Distrito Medio, aunque la propiedad es propiedad del condado de Miami-Dade. Tambi\u00e9n argumentaron que la toma de decisiones tuvo lugar en Tallahassee, que est\u00e1 en el Distrito Norte. Una audiencia sobre si el distrito sur es el lugar adecuado en el caso ambiental est\u00e1 programada para el mi\u00e9rcoles.<\/p>\n<p><b>\u201cTodas las actividades que los demandantes alegan que perjudican sus intereses \u2014construcci\u00f3n, pavimentaci\u00f3n, detenci\u00f3n\u2014 ocurrieron en el Distrito Medio, no en el Distrito Sur. Y toda la toma de decisiones relevante ocurri\u00f3 en el Distrito Medio o en el Distrito Norte de Florida\u201d<\/b>, dijeron el viernes los abogados del Departamento de Justicia federal en una presentaci\u00f3n judicial para la demanda ambiental.<\/p>\n<p>Los cr\u00edticos han se\u00f1alado que la instalaci\u00f3n es una amenaza cruel e inhumana para los detenidos, mientras que DeSantis y otros funcionarios estatales republicanos la han defendido como parte del impulso agresivo del estado para apoyar las acciones del presidente Donald Trump contra la inmigraci\u00f3n ilegal.<\/p>\n<p>La secretaria de Seguridad Nacional, Kristi Noem, ha elogiado a Florida por presentar la idea, mientras su agencia busca expandir significativamente su capacidad de detenci\u00f3n migratoria.<\/p>\n<p>En una conferencia de prensa en Panama City Beach el lunes, DeSantis dijo que esperaba que el ritmo de las deportaciones aumentara en la instalaci\u00f3n.<\/p>\n<p>\u201cLa realidad es que, si no apoyas enviar a alguien de regreso a su propio pa\u00eds que ingres\u00f3 ilegalmente y ya se le ha ordenado que est\u00e1 violando la ley y se le ha ordenado ser removido, si no apoyas eso, entonces est\u00e1s a favor de una frontera abierta\u201d, dijo DeSantis. \u201cRechazo eso. As\u00ed no puede operar un pa\u00eds\u201d.<\/p>\n<\/div>\n\n    <div class=\"xs_social_share_widget xs_share_url after_content \t\tmain_content  wslu-style-1 wslu-share-box-shaped wslu-fill-colored wslu-none wslu-share-horizontal wslu-theme-font-no wslu-main_content\">\n\n\t\t\n        <ul>\n\t\t\t        <\/ul>\n    <\/div> \n","protected":false},"excerpt":{"rendered":"<p>Abogados de derechos civiles que buscan una orden de restricci\u00f3n temporal contra un centro de detenci\u00f3n de inmigraci\u00f3n en los Everglades de Florida dicen que a los detenidos en el \u201cAlcatraz de los Caimanes\u201d se les ha prohibido reunirse con abogados, est\u00e1n retenidos sin cargos y que un tribunal federal de inmigraci\u00f3n ha cancelado las<\/p>\n","protected":false},"author":2,"featured_media":6950,"comment_status":"open","ping_status":"open","sticky":false,"template":"","format":"standard","meta":{"om_disable_all_campaigns":false,"_monsterinsights_skip_tracking":false,"_monsterinsights_sitenote_active":false,"_monsterinsights_sitenote_note":"","_monsterinsights_sitenote_category":0,"footnotes":""},"categories":[10],"tags":[],"class_list":["post-6949","post","type-post","status-publish","format-standard","has-post-thumbnail","hentry","category-mundo"],"aioseo_notices":[],"_links":{"self":[{"href":"https:\/\/aleeknews.com\/4l33k5\/wp-json\/wp\/v2\/posts\/6949","targetHints":{"allow":["GET"]}}],"collection":[{"href":"https:\/\/aleeknews.com\/4l33k5\/wp-json\/wp\/v2\/posts"}],"about":[{"href":"https:\/\/aleeknews.com\/4l33k5\/wp-json\/wp\/v2\/types\/post"}],"author":[{"embeddable":true,"href":"https:\/\/aleeknews.com\/4l33k5\/wp-json\/wp\/v2\/users\/2"}],"replies":[{"embeddable":true,"href":"https:\/\/aleeknews.com\/4l33k5\/wp-json\/wp\/v2\/comments?post=6949"}],"version-history":[{"count":0,"href":"https:\/\/aleeknews.com\/4l33k5\/wp-json\/wp\/v2\/posts\/6949\/revisions"}],"wp:featuredmedia":[{"embeddable":true,"href":"https:\/\/aleeknews.com\/4l33k5\/wp-json\/wp\/v2\/media\/6950"}],"wp:attachment":[{"href":"https:\/\/aleeknews.com\/4l33k5\/wp-json\/wp\/v2\/media?parent=6949"}],"wp:term":[{"taxonomy":"category","embeddable":true,"href":"https:\/\/aleeknews.com\/4l33k5\/wp-json\/wp\/v2\/categories?post=6949"},{"taxonomy":"post_tag","embeddable":true,"href":"https:\/\/aleeknews.com\/4l33k5\/wp-json\/wp\/v2\/tags?post=6949"}],"curies":[{"name":"wp","href":"https:\/\/api.w.org\/{rel}","templated":true}]}}