{"id":6948,"date":"2025-08-02T17:19:14","date_gmt":"2025-08-02T15:19:14","guid":{"rendered":"https:\/\/aleeknews.com\/4l33k5\/2025\/08\/02\/una-jueza-ordena-liberar-de-su-arresto-domiciliario-al-expresidente-colombiano-alvaro-uribe-2\/"},"modified":"2025-08-02T17:19:14","modified_gmt":"2025-08-02T15:19:14","slug":"una-jueza-ordena-liberar-de-su-arresto-domiciliario-al-expresidente-colombiano-alvaro-uribe-2","status":"publish","type":"post","link":"https:\/\/aleeknews.com\/4l33k5\/2025\/08\/02\/una-jueza-ordena-liberar-de-su-arresto-domiciliario-al-expresidente-colombiano-alvaro-uribe-2\/","title":{"rendered":"Una jueza ordena liberar de su arresto domiciliario al expresidente colombiano \u00c1lvaro Uribe"},"content":{"rendered":"<div>\n<div data-fusion-lazy-id=\"f0fQYcNoHQKSGL\">\n<div class>\n<p><a href=\"https:\/\/thetrustproject.org\/\"><img decoding=\"async\" src=\"https:\/\/www.elnuevodia.com\/pf\/resources\/v2\/icons\/trust-icon.svg?d=203\"><\/a><\/p>\n<div>\n<p>Se adhiere a los criterios de The Trust Project<\/p>\n<\/div>\n<\/div>\n<div>\n<h2>Est\u00e1 detenido desde el pasado 4 de agosto por un caso sobre posible manipulaci\u00f3n de testigos <\/h2>\n<div>\n<p>10 de octubre de 2020 &#8211; 3:43 PM<\/p>\n<\/div>\n<div>\n<p><b>Nota de archivo<\/b><\/p>\n<p>Esta historia fue publicada hace m\u00e1s de 4 a\u00f1os.<\/p>\n<\/div>\n<\/div>\n<\/div>\n<div data-fusion-lazy-id=\"f0fIYaQF9GLV14D\">\n<div><picture><source media=\"(max-width: 375px)\" ><source media=\"(max-width: 767px)\" ><source media=\"(max-width: 1023px)\" ><source ><\/picture><figcaption>\u00c1lvaro Uribe, expresidente de Colombia. <span>(Giorgio Viera)<\/span><\/figcaption><\/div>\n<div>\n<p><span>Por <b><\/b><b>The Associated Press<\/b><\/span><\/p>\n<p><span>Agencia de noticias<\/span><\/p>\n<\/div>\n<div>\n<p><b>Bogot\u00e1<\/b> &#8211; Una jueza orden\u00f3 el s\u00e1bado que el poderoso expresidente colombiano <a href=\"https:\/\/www.elnuevodia.com\/topicos\/alvaro-uribe\/\" target=\"_blank\">\u00c1lvaro Uribe<\/a> sea liberado de su arresto domiciliario mientras se le investiga por posible manipulaci\u00f3n de testigos, el cap\u00edtulo m\u00e1s reciente de un caso que ha revelado tensiones persistentes sobre el proceso de paz del pa\u00eds.<\/p>\n<\/div>\n<\/div>\n<section>\n<header><span>Popular en la Comunidad<\/span><\/header>\n<\/section>\n<\/div>\n\n    <div class=\"xs_social_share_widget xs_share_url after_content \t\tmain_content  wslu-style-1 wslu-share-box-shaped wslu-fill-colored wslu-none wslu-share-horizontal wslu-theme-font-no wslu-main_content\">\n\n\t\t\n        <ul>\n\t\t\t        <\/ul>\n    <\/div> \n","protected":false},"excerpt":{"rendered":"<p>Se adhiere a los criterios de The Trust Project Est\u00e1 detenido desde el pasado 4 de agosto por un caso sobre posible manipulaci\u00f3n de testigos 10 de octubre de 2020 &#8211; 3:43 PM Nota de archivo Esta historia fue publicada hace m\u00e1s de 4 a\u00f1os. \u00c1lvaro Uribe, expresidente de Colombia. (Giorgio Viera) Por The Associated<\/p>\n","protected":false},"author":2,"featured_media":6943,"comment_status":"open","ping_status":"open","sticky":false,"template":"","format":"standard","meta":{"om_disable_all_campaigns":false,"_monsterinsights_skip_tracking":false,"_monsterinsights_sitenote_active":false,"_monsterinsights_sitenote_note":"","_monsterinsights_sitenote_category":0,"footnotes":""},"categories":[10],"tags":[],"class_list":["post-6948","post","type-post","status-publish","format-standard","has-post-thumbnail","hentry","category-mundo"],"aioseo_notices":[],"_links":{"self":[{"href":"https:\/\/aleeknews.com\/4l33k5\/wp-json\/wp\/v2\/posts\/6948","targetHints":{"allow":["GET"]}}],"collection":[{"href":"https:\/\/aleeknews.com\/4l33k5\/wp-json\/wp\/v2\/posts"}],"about":[{"href":"https:\/\/aleeknews.com\/4l33k5\/wp-json\/wp\/v2\/types\/post"}],"author":[{"embeddable":true,"href":"https:\/\/aleeknews.com\/4l33k5\/wp-json\/wp\/v2\/users\/2"}],"replies":[{"embeddable":true,"href":"https:\/\/aleeknews.com\/4l33k5\/wp-json\/wp\/v2\/comments?post=6948"}],"version-history":[{"count":0,"href":"https:\/\/aleeknews.com\/4l33k5\/wp-json\/wp\/v2\/posts\/6948\/revisions"}],"wp:featuredmedia":[{"embeddable":true,"href":"https:\/\/aleeknews.com\/4l33k5\/wp-json\/wp\/v2\/media\/6943"}],"wp:attachment":[{"href":"https:\/\/aleeknews.com\/4l33k5\/wp-json\/wp\/v2\/media?parent=6948"}],"wp:term":[{"taxonomy":"category","embeddable":true,"href":"https:\/\/aleeknews.com\/4l33k5\/wp-json\/wp\/v2\/categories?post=6948"},{"taxonomy":"post_tag","embeddable":true,"href":"https:\/\/aleeknews.com\/4l33k5\/wp-json\/wp\/v2\/tags?post=6948"}],"curies":[{"name":"wp","href":"https:\/\/api.w.org\/{rel}","templated":true}]}}