{"id":6946,"date":"2025-08-02T17:19:16","date_gmt":"2025-08-02T15:19:16","guid":{"rendered":"https:\/\/aleeknews.com\/4l33k5\/2025\/08\/02\/colombia-espera-la-sentencia-contra-el-expresidente-alvaro-uribe-por-soborno-a-testigos-y-fraude-procesal-2\/"},"modified":"2025-08-08T02:45:05","modified_gmt":"2025-08-08T00:45:05","slug":"colombia-espera-la-sentencia-contra-el-expresidente-alvaro-uribe-por-soborno-a-testigos-y-fraude-procesal-2","status":"publish","type":"post","link":"https:\/\/aleeknews.com\/4l33k5\/2025\/08\/02\/colombia-espera-la-sentencia-contra-el-expresidente-alvaro-uribe-por-soborno-a-testigos-y-fraude-procesal-2\/","title":{"rendered":"Colombia espera la sentencia contra el expresidente \u00c1lvaro Uribe por soborno a testigos y fraude procesal"},"content":{"rendered":"<div>\n<p><b>Bogot\u00e1 <\/b> &#8211; Una jueza colombiana dar\u00e1 el viernes a conocer la sentencia al expresidente <a href=\"https:\/\/www.elnuevodia.com\/noticias\/mundo\/notas\/alvaro-uribe-declarado-culpable-por-soborno-y-fraude-procesal-en-juicio-sin-precedentes-en-colombia\/\" target=\"_self\" rel title=\"https:\/\/www.elnuevodia.com\/noticias\/mundo\/notas\/alvaro-uribe-declarado-culpable-por-soborno-y-fraude-procesal-en-juicio-sin-precedentes-en-colombia\/\"><b>\u00c1lvaro Uribe V\u00e9lez<\/b><\/a>, declarado culpable de los delitos de fraude procesal y soborno a testigos en un in\u00e9dito fallo contra un exmandatario en el pa\u00eds sudamericano que podr\u00e1 ser apelado por su defensa.<\/p>\n<p><b>La jueza determinar\u00e1 los a\u00f1os de pena y definir\u00e1 si le dicta una medida de aseguramiento, que puede ser bajo el beneficio de prisi\u00f3n domiciliaria, o lo deja en libertad mientras se define la segunda instancia.<\/b><\/p>\n<p>Uribe, quien gobern\u00f3 entre 2002 y 2010, se declar\u00f3 inocente y asegur\u00f3 que nunca busc\u00f3 sobornar testigos o enga\u00f1ar a la justicia, por lo que considera que su caso es una \u201cpersecuci\u00f3n pol\u00edtica\u201d.<\/p>\n<p><b>El viernes, horas antes de la lectura de la sentencia, Uribe escribi\u00f3 en la red social X que estaba preparando la argumentaci\u00f3n para sustentar su apelaci\u00f3n. Asegur\u00f3 que en momentos de crisis hay que \u201cpensar mucho m\u00e1s en la soluci\u00f3n que en el problema\u201d.<\/b><\/p>\n<p>La jueza concluy\u00f3 el lunes que Uribe instig\u00f3 a un abogado para manipular a tres exparamilitares con ofrecimientos de dinero o beneficios penales para que declararan a su favor y negaran cualquier presunto v\u00ednculo del expresidente con grupos paramilitares. Sin embargo, lo absolvi\u00f3 por un caso de soborno a una exfiscal condenada por corrupci\u00f3n.<\/p>\n<p>El influyente expresidente de 73 a\u00f1os se expone a una pena de hasta 12 a\u00f1os de prisi\u00f3n. Sin embargo, la fiscal\u00eda \u2014que lo acus\u00f3 en el proceso\u2014 recomend\u00f3 que fuera condenado a 9 a\u00f1os, mientras la defensa pidi\u00f3 que pueda continuar defendi\u00e9ndose en libertad mientras espera el fallo de segunda instancia que tendr\u00e1 que resolver en los pr\u00f3ximos meses otro tribunal.<\/p>\n<p>El expresidente, l\u00edder del partido Centro Democr\u00e1tico, contin\u00faa generando una marcada admiraci\u00f3n entre una parte de la poblaci\u00f3n que defiende su legado pol\u00edtico y un fuerte rechazo en otra que lo se\u00f1ala de haber permitido en su gobierno graves violaciones a los derechos humanos como ejecuciones extrajudiciales, por lo que el fallo en su contra de inmediato gener\u00f3 un pulso pol\u00edtico .<\/p>\n<p><b>El caso inici\u00f3 en 2012 cuando el senador de izquierda Iv\u00e1n Cepeda denunci\u00f3 en el Congreso los presuntos v\u00ednculos de Uribe con grupos paramilitares, los cuales siempre ha negado el expresidente, por lo que decidi\u00f3 demandar por difamaci\u00f3n a Cepeda.<\/b><\/p>\n<p>La Corte Suprema cerr\u00f3 en 2018 el caso contra Cepeda y, en un giro inesperado, abri\u00f3 uno contra Uribe para investigar si el expresidente estaba intentando manipular testigos para que declararan a su favor.<\/p>\n<p><b>Uribe estuvo dos meses en arresto domiciliario en 2020 por orden de la Corte Suprema de Justicia mientras avanzaba la investigaci\u00f3n en su contra. <\/b>Sin embargo, recuper\u00f3 la libertad cuando Uribe \u2014entonces senador\u2014 renunci\u00f3 a su esca\u00f1o en el Congreso y el proceso penal pas\u00f3 a la fiscal\u00eda, que a\u00f1os despu\u00e9s termin\u00f3 por acusarlo formalmente dando inicio al juicio en el que fue condenado.<\/p>\n<\/div>\n\n    <div class=\"xs_social_share_widget xs_share_url after_content \t\tmain_content  wslu-style-1 wslu-share-box-shaped wslu-fill-colored wslu-none wslu-share-horizontal wslu-theme-font-no wslu-main_content\">\n\n\t\t\n        <ul>\n\t\t\t        <\/ul>\n    <\/div> \n","protected":false},"excerpt":{"rendered":"<p>Bogot\u00e1 &#8211; Una jueza colombiana dar\u00e1 el viernes a conocer la sentencia al expresidente \u00c1lvaro Uribe V\u00e9lez , declarado culpable de los delitos de fraude procesal y soborno a testigos en un in\u00e9dito fallo contra un exmandatario en el pa\u00eds sudamericano que podr\u00e1 ser apelado por su defensa. La jueza determinar\u00e1 los a\u00f1os de pena<\/p>\n","protected":false},"author":2,"featured_media":6941,"comment_status":"open","ping_status":"open","sticky":false,"template":"","format":"standard","meta":{"om_disable_all_campaigns":false,"_monsterinsights_skip_tracking":false,"_monsterinsights_sitenote_active":false,"_monsterinsights_sitenote_note":"","_monsterinsights_sitenote_category":0,"footnotes":""},"categories":[10],"tags":[45],"class_list":["post-6946","post","type-post","status-publish","format-standard","has-post-thumbnail","hentry","category-mundo","tag-mundo"],"aioseo_notices":[],"_links":{"self":[{"href":"https:\/\/aleeknews.com\/4l33k5\/wp-json\/wp\/v2\/posts\/6946","targetHints":{"allow":["GET"]}}],"collection":[{"href":"https:\/\/aleeknews.com\/4l33k5\/wp-json\/wp\/v2\/posts"}],"about":[{"href":"https:\/\/aleeknews.com\/4l33k5\/wp-json\/wp\/v2\/types\/post"}],"author":[{"embeddable":true,"href":"https:\/\/aleeknews.com\/4l33k5\/wp-json\/wp\/v2\/users\/2"}],"replies":[{"embeddable":true,"href":"https:\/\/aleeknews.com\/4l33k5\/wp-json\/wp\/v2\/comments?post=6946"}],"version-history":[{"count":1,"href":"https:\/\/aleeknews.com\/4l33k5\/wp-json\/wp\/v2\/posts\/6946\/revisions"}],"predecessor-version":[{"id":7334,"href":"https:\/\/aleeknews.com\/4l33k5\/wp-json\/wp\/v2\/posts\/6946\/revisions\/7334"}],"wp:featuredmedia":[{"embeddable":true,"href":"https:\/\/aleeknews.com\/4l33k5\/wp-json\/wp\/v2\/media\/6941"}],"wp:attachment":[{"href":"https:\/\/aleeknews.com\/4l33k5\/wp-json\/wp\/v2\/media?parent=6946"}],"wp:term":[{"taxonomy":"category","embeddable":true,"href":"https:\/\/aleeknews.com\/4l33k5\/wp-json\/wp\/v2\/categories?post=6946"},{"taxonomy":"post_tag","embeddable":true,"href":"https:\/\/aleeknews.com\/4l33k5\/wp-json\/wp\/v2\/tags?post=6946"}],"curies":[{"name":"wp","href":"https:\/\/api.w.org\/{rel}","templated":true}]}}