{"id":6944,"date":"2025-08-02T17:19:17","date_gmt":"2025-08-02T15:19:17","guid":{"rendered":"https:\/\/aleeknews.com\/4l33k5\/2025\/08\/02\/la-corte-suprema-de-colombia-ordena-la-detencion-domiciliaria-del-expresidente-alvaro-uribe\/"},"modified":"2025-08-08T02:44:59","modified_gmt":"2025-08-08T00:44:59","slug":"la-corte-suprema-de-colombia-ordena-la-detencion-domiciliaria-del-expresidente-alvaro-uribe","status":"publish","type":"post","link":"https:\/\/aleeknews.com\/4l33k5\/2025\/08\/02\/la-corte-suprema-de-colombia-ordena-la-detencion-domiciliaria-del-expresidente-alvaro-uribe\/","title":{"rendered":"La Corte Suprema de Colombia ordena la detenci\u00f3n domiciliaria del expresidente \u00c1lvaro Uribe"},"content":{"rendered":"<div>\n<div data-fusion-lazy-id=\"f0fQYcNoHQKSGL\">\n<div class>\n<p><a href=\"https:\/\/thetrustproject.org\/\"><img decoding=\"async\" src=\"https:\/\/www.elnuevodia.com\/pf\/resources\/v2\/icons\/trust-icon.svg?d=203\"><\/a><\/p>\n<div>\n<p>Se adhiere a los criterios de The Trust Project<\/p>\n<\/div>\n<\/div>\n<div>\n<h2>El actual senador del pa\u00eds sudamericano enfrenta un proceso judicial por supuesto fraude y soborno de testigos<\/h2>\n<div>\n<p>4 de agosto de 2020 &#8211; 3:07 PM<\/p>\n<\/div>\n<div>\n<p><b>Nota de archivo<\/b><\/p>\n<p>Esta historia fue publicada hace m\u00e1s de 5 a\u00f1os.<\/p>\n<\/div>\n<\/div>\n<\/div>\n<div data-fusion-lazy-id=\"f0fIYaQF9GLV14D\">\n<div><picture><source media=\"(max-width: 375px)\" ><source media=\"(max-width: 767px)\" ><source media=\"(max-width: 1023px)\" ><source ><\/picture><figcaption>El expresidente de Colombia, \u00c1lvaro Uribe. <span>(The Associated Press)<\/span><\/figcaption><\/div>\n<div>\n<p><span>Por <b><\/b><b>Agencia EFE<\/b><\/span><\/p>\n<p><span>Agencia de Noticias<\/span><\/p>\n<\/div>\n<div>\n<p>La Corte Suprema de Justicia de Colombia orden\u00f3 este martes la detenci\u00f3n domiciliaria del expresidente y senador <a href=\"https:\/\/www.elnuevodia.com\/topicos\/alvaro-uribe\/\" target=\"_blank\"><b>\u00c1lvaro Uribe<\/b><\/a>, dentro de un proceso que se le sigue por presunto fraude procesal y soborno de testigos, inform\u00f3 el propio acusado.<\/p>\n<\/div>\n<\/div>\n<section>\n<header><span>Popular en la Comunidad<\/span><\/header>\n<\/section>\n<\/div>\n\n    <div class=\"xs_social_share_widget xs_share_url after_content \t\tmain_content  wslu-style-1 wslu-share-box-shaped wslu-fill-colored wslu-none wslu-share-horizontal wslu-theme-font-no wslu-main_content\">\n\n\t\t\n        <ul>\n\t\t\t        <\/ul>\n    <\/div> \n","protected":false},"excerpt":{"rendered":"<p>Se adhiere a los criterios de The Trust Project El actual senador del pa\u00eds sudamericano enfrenta un proceso judicial por supuesto fraude y soborno de testigos 4 de agosto de 2020 &#8211; 3:07 PM Nota de archivo Esta historia fue publicada hace m\u00e1s de 5 a\u00f1os. El expresidente de Colombia, \u00c1lvaro Uribe. (The Associated Press)<\/p>\n","protected":false},"author":2,"featured_media":6945,"comment_status":"open","ping_status":"open","sticky":false,"template":"","format":"standard","meta":{"om_disable_all_campaigns":false,"_monsterinsights_skip_tracking":false,"_monsterinsights_sitenote_active":false,"_monsterinsights_sitenote_note":"","_monsterinsights_sitenote_category":0,"footnotes":""},"categories":[10],"tags":[45],"class_list":["post-6944","post","type-post","status-publish","format-standard","has-post-thumbnail","hentry","category-mundo","tag-mundo"],"aioseo_notices":[],"_links":{"self":[{"href":"https:\/\/aleeknews.com\/4l33k5\/wp-json\/wp\/v2\/posts\/6944","targetHints":{"allow":["GET"]}}],"collection":[{"href":"https:\/\/aleeknews.com\/4l33k5\/wp-json\/wp\/v2\/posts"}],"about":[{"href":"https:\/\/aleeknews.com\/4l33k5\/wp-json\/wp\/v2\/types\/post"}],"author":[{"embeddable":true,"href":"https:\/\/aleeknews.com\/4l33k5\/wp-json\/wp\/v2\/users\/2"}],"replies":[{"embeddable":true,"href":"https:\/\/aleeknews.com\/4l33k5\/wp-json\/wp\/v2\/comments?post=6944"}],"version-history":[{"count":1,"href":"https:\/\/aleeknews.com\/4l33k5\/wp-json\/wp\/v2\/posts\/6944\/revisions"}],"predecessor-version":[{"id":7333,"href":"https:\/\/aleeknews.com\/4l33k5\/wp-json\/wp\/v2\/posts\/6944\/revisions\/7333"}],"wp:featuredmedia":[{"embeddable":true,"href":"https:\/\/aleeknews.com\/4l33k5\/wp-json\/wp\/v2\/media\/6945"}],"wp:attachment":[{"href":"https:\/\/aleeknews.com\/4l33k5\/wp-json\/wp\/v2\/media?parent=6944"}],"wp:term":[{"taxonomy":"category","embeddable":true,"href":"https:\/\/aleeknews.com\/4l33k5\/wp-json\/wp\/v2\/categories?post=6944"},{"taxonomy":"post_tag","embeddable":true,"href":"https:\/\/aleeknews.com\/4l33k5\/wp-json\/wp\/v2\/tags?post=6944"}],"curies":[{"name":"wp","href":"https:\/\/api.w.org\/{rel}","templated":true}]}}