{"id":6732,"date":"2025-07-30T16:16:58","date_gmt":"2025-07-30T14:16:58","guid":{"rendered":"https:\/\/aleeknews.com\/4l33k5\/2025\/07\/30\/acreedores-de-hima-san-pablo-solo-recuperarian-centavos-de-millones-de-dolares-en-deudas-por-cobrar-2\/"},"modified":"2025-07-30T16:16:58","modified_gmt":"2025-07-30T14:16:58","slug":"acreedores-de-hima-san-pablo-solo-recuperarian-centavos-de-millones-de-dolares-en-deudas-por-cobrar-2","status":"publish","type":"post","link":"https:\/\/aleeknews.com\/4l33k5\/2025\/07\/30\/acreedores-de-hima-san-pablo-solo-recuperarian-centavos-de-millones-de-dolares-en-deudas-por-cobrar-2\/","title":{"rendered":"Acreedores de HIMA San Pablo solo recuperar\u00edan centavos de millones de d\u00f3lares en deudas por cobrar"},"content":{"rendered":"<div>\n<div data-testid=\"global-header-test\" data-fusion-lazy-id=\"f0f5G41E11Y61Ck\">\n<hr>\n<p><span>Bolsa de valores <b>02:03 PM<\/b><\/span><\/p>\n<\/div>\n<div>\n<div data-fusion-lazy-id=\"f0f9tfiOw0362nv\">\n<div class>\n<p><a href=\"https:\/\/thetrustproject.org\/\"><img decoding=\"async\" src=\"https:\/\/www.elnuevodia.com\/pf\/resources\/v2\/icons\/trust-icon.svg?d=202\"><\/a><\/p>\n<div>\n<p>Noticia<\/p>\n<div>\n<p>Basado en hechos que el periodista haya observado y verificado de primera mano, o en informaci\u00f3n verificada que proviene de fuentes bien informadas.<\/p>\n<\/div>\n<\/div>\n<\/div>\n<div>\n<h2>Al presentar su plan de pagos al Tribunal de Quiebras, el grupo hospitalario adeuda 27% m\u00e1s de lo que trascendi\u00f3 hace un a\u00f1o<\/h2>\n<div>\n<p>9 de agosto de 2024 &#8211; 11:10 PM<\/p>\n<\/div>\n<div>\n<p><b>Nota de archivo<\/b><\/p>\n<p>Esta historia fue publicada hace m\u00e1s de 11 meses.<\/p>\n<\/div>\n<\/div>\n<\/div>\n<div data-fusion-lazy-id=\"f0f8wxHIPTYNet\">\n<div><picture><source media=\"(max-width: 375px)\" ><source media=\"(max-width: 767px)\" ><source media=\"(max-width: 1023px)\" ><source ><\/picture><figcaption>El antiguo conglomerado HIMA San Pablo era due\u00f1o de cuatro hospitales en Puerto Rico. <span>(Nahira Montcourt)<\/span><\/figcaption><\/div>\n<div>\n<p><img decoding=\"async\" alt=\"Jos\u00e9 Orlando Delgado Rivera\" src=\"https:\/\/www.elnuevodia.com\/resizer\/v2\/https%3A%2F%2Fauthor-service-images-prod-us-east-1.publishing.aws.arc.pub%2Fgfrmedia%2F2b8b5e66-e7c1-4688-835e-191edae0ddfc.png?auth=5b4a7e8f482dddd87f58128de8eceac558550d1b57d5661fab3e195e38c75053&#038;quality=75&#038;smart=true&#038;width=170&#038;height=147\"><\/p>\n<\/div>\n<div>\n<p>Casi un a\u00f1o despu\u00e9s de acogerse al Cap\u00edtulo 11 de la Ley de Quiebras federal, el grupo <a href=\"https:\/\/www.elnuevodia.com\/topicos\/hima-san-pablo\/\" target=\"_blank\"><b>HIMA San Pablo<\/b><\/a><b> present\u00f3 un plan de reestructuraci\u00f3n <\/b>que, de aprobarse, pagar\u00eda a los acreedores, en principio, unos 9 centavos de d\u00f3lar.<\/p>\n<\/div>\n<\/div>\n<\/div>\n<\/div>\n\n    <div class=\"xs_social_share_widget xs_share_url after_content \t\tmain_content  wslu-style-1 wslu-share-box-shaped wslu-fill-colored wslu-none wslu-share-horizontal wslu-theme-font-no wslu-main_content\">\n\n\t\t\n        <ul>\n\t\t\t        <\/ul>\n    <\/div> \n","protected":false},"excerpt":{"rendered":"<p>Bolsa de valores 02:03 PM Noticia Basado en hechos que el periodista haya observado y verificado de primera mano, o en informaci\u00f3n verificada que proviene de fuentes bien informadas. Al presentar su plan de pagos al Tribunal de Quiebras, el grupo hospitalario adeuda 27% m\u00e1s de lo que trascendi\u00f3 hace un a\u00f1o 9 de agosto<\/p>\n","protected":false},"author":2,"featured_media":0,"comment_status":"open","ping_status":"open","sticky":false,"template":"","format":"standard","meta":{"om_disable_all_campaigns":false,"_monsterinsights_skip_tracking":false,"_monsterinsights_sitenote_active":false,"_monsterinsights_sitenote_note":"","_monsterinsights_sitenote_category":0,"footnotes":""},"categories":[5],"tags":[],"class_list":["post-6732","post","type-post","status-publish","format-standard","hentry","category-negocios"],"aioseo_notices":[],"_links":{"self":[{"href":"https:\/\/aleeknews.com\/4l33k5\/wp-json\/wp\/v2\/posts\/6732","targetHints":{"allow":["GET"]}}],"collection":[{"href":"https:\/\/aleeknews.com\/4l33k5\/wp-json\/wp\/v2\/posts"}],"about":[{"href":"https:\/\/aleeknews.com\/4l33k5\/wp-json\/wp\/v2\/types\/post"}],"author":[{"embeddable":true,"href":"https:\/\/aleeknews.com\/4l33k5\/wp-json\/wp\/v2\/users\/2"}],"replies":[{"embeddable":true,"href":"https:\/\/aleeknews.com\/4l33k5\/wp-json\/wp\/v2\/comments?post=6732"}],"version-history":[{"count":0,"href":"https:\/\/aleeknews.com\/4l33k5\/wp-json\/wp\/v2\/posts\/6732\/revisions"}],"wp:attachment":[{"href":"https:\/\/aleeknews.com\/4l33k5\/wp-json\/wp\/v2\/media?parent=6732"}],"wp:term":[{"taxonomy":"category","embeddable":true,"href":"https:\/\/aleeknews.com\/4l33k5\/wp-json\/wp\/v2\/categories?post=6732"},{"taxonomy":"post_tag","embeddable":true,"href":"https:\/\/aleeknews.com\/4l33k5\/wp-json\/wp\/v2\/tags?post=6732"}],"curies":[{"name":"wp","href":"https:\/\/api.w.org\/{rel}","templated":true}]}}