{"id":6596,"date":"2025-07-29T15:20:56","date_gmt":"2025-07-29T13:20:56","guid":{"rendered":"https:\/\/aleeknews.com\/4l33k5\/2025\/07\/29\/cronica-de-una-debacle-a-un-ano-del-cierre-de-suiza-dairy-que-pasa-en-la-industria-lechera\/"},"modified":"2025-07-29T15:20:56","modified_gmt":"2025-07-29T13:20:56","slug":"cronica-de-una-debacle-a-un-ano-del-cierre-de-suiza-dairy-que-pasa-en-la-industria-lechera","status":"publish","type":"post","link":"https:\/\/aleeknews.com\/4l33k5\/2025\/07\/29\/cronica-de-una-debacle-a-un-ano-del-cierre-de-suiza-dairy-que-pasa-en-la-industria-lechera\/","title":{"rendered":"Cr\u00f3nica de una debacle: a un a\u00f1o del cierre de Suiza Dairy, \u00bfqu\u00e9 pasa en la industria lechera?"},"content":{"rendered":"<div>\n<div data-testid=\"global-header-test\" data-fusion-lazy-id=\"f0f5G41E11Y61Ck\">\n<hr>\n<p><span>Bolsa de valores <b>01:12 PM<\/b><\/span><\/p>\n<\/div>\n<div>\n<div data-fusion-lazy-id=\"f0f9tfiOw0362nv\">\n<div class>\n<p><a href=\"https:\/\/thetrustproject.org\/\"><img decoding=\"async\" src=\"https:\/\/www.elnuevodia.com\/pf\/resources\/v2\/icons\/trust-icon.svg?d=202\"><\/a><\/p>\n<div>\n<p>Entrevista<\/p>\n<div>\n<p>Intercambio para ofrecer una perspectiva relevante, que ha sido revisada para mayor claridad, pero no del todo verificada.<\/p>\n<\/div>\n<\/div>\n<\/div>\n<div>\n<h2>El exsecretario de Agricultura, Ram\u00f3n Gonz\u00e1lez Beir\u00f3, adelant\u00f3 a El Nuevo D\u00eda la eventual salida del Grupo Gloria de la isla<\/h2>\n<div>\n<p>27 de junio de 2025 &#8211; 11:10 PM<\/p>\n<\/div>\n<div>\n<p><b>Nota de archivo<\/b><\/p>\n<p>Esta historia fue publicada hace m\u00e1s de 1 mes.<\/p>\n<\/div>\n<\/div>\n<\/div>\n<div data-fusion-lazy-id=\"f0f8wxHIPTYNet\">\n<div><picture><source media=\"(max-width: 375px)\" ><source media=\"(max-width: 767px)\" ><source media=\"(max-width: 1023px)\" ><source ><\/picture><figcaption>La Polic\u00eda realiz\u00f3 varios arrestos de manifestantes frente a las instalaciones de la empresa Suiza Dairy, en R\u00edo Piedras, mientras que la Central General de Trabajadores (CGT) buscaba sentarse nuevamente a la mesa de negociaci\u00f3n para lograr un acuerdo sobre sus reclamos a la compa\u00f1\u00eda. <span>(carlos.rivera@gfrmedia.com)<\/span><\/figcaption><\/div>\n<div>\n<p><img decoding=\"async\" alt=\"Abisael Flores Rodr\u00edguez\" src=\"https:\/\/www.elnuevodia.com\/resizer\/v2\/https%3A%2F%2Fs3.amazonaws.com%2Farc-authors%2Fgfrmedia%2Ff8982377-5d4c-410c-80b0-ddce0ffbf45b.png?auth=25673029d528e90db42170c259507216bf4313aa012f1d36c01306c309ef7c64&#038;quality=75&#038;smart=true&#038;width=170&#038;height=147\"><\/p>\n<\/div>\n<div>\n<p>Ha pasado un a\u00f1o desde que el gerente general de <b>Suiza Dairy<\/b> anunci\u00f3 lo que llam\u00f3 una <a href=\"https:\/\/www.elnuevodia.com\/negocios\/empresas-comercios\/notas\/suiza-dairy-cierra-parcialmente-sus-operaciones\/\" rel><u><b>\u201csuspensi\u00f3n parcial temporal\u201d<\/b><\/u><\/a> en las operaciones de la planta procesadora de leche, con sede en San Juan. <\/p>\n<\/div>\n<\/div>\n<\/div>\n<\/div>\n\n    <div class=\"xs_social_share_widget xs_share_url after_content \t\tmain_content  wslu-style-1 wslu-share-box-shaped wslu-fill-colored wslu-none wslu-share-horizontal wslu-theme-font-no wslu-main_content\">\n\n\t\t\n        <ul>\n\t\t\t        <\/ul>\n    <\/div> \n","protected":false},"excerpt":{"rendered":"<p>Bolsa de valores 01:12 PM Entrevista Intercambio para ofrecer una perspectiva relevante, que ha sido revisada para mayor claridad, pero no del todo verificada. El exsecretario de Agricultura, Ram\u00f3n Gonz\u00e1lez Beir\u00f3, adelant\u00f3 a El Nuevo D\u00eda la eventual salida del Grupo Gloria de la isla 27 de junio de 2025 &#8211; 11:10 PM Nota de<\/p>\n","protected":false},"author":2,"featured_media":6597,"comment_status":"open","ping_status":"open","sticky":false,"template":"","format":"standard","meta":{"om_disable_all_campaigns":false,"_monsterinsights_skip_tracking":false,"_monsterinsights_sitenote_active":false,"_monsterinsights_sitenote_note":"","_monsterinsights_sitenote_category":0,"footnotes":""},"categories":[5],"tags":[],"class_list":["post-6596","post","type-post","status-publish","format-standard","has-post-thumbnail","hentry","category-negocios"],"aioseo_notices":[],"_links":{"self":[{"href":"https:\/\/aleeknews.com\/4l33k5\/wp-json\/wp\/v2\/posts\/6596","targetHints":{"allow":["GET"]}}],"collection":[{"href":"https:\/\/aleeknews.com\/4l33k5\/wp-json\/wp\/v2\/posts"}],"about":[{"href":"https:\/\/aleeknews.com\/4l33k5\/wp-json\/wp\/v2\/types\/post"}],"author":[{"embeddable":true,"href":"https:\/\/aleeknews.com\/4l33k5\/wp-json\/wp\/v2\/users\/2"}],"replies":[{"embeddable":true,"href":"https:\/\/aleeknews.com\/4l33k5\/wp-json\/wp\/v2\/comments?post=6596"}],"version-history":[{"count":0,"href":"https:\/\/aleeknews.com\/4l33k5\/wp-json\/wp\/v2\/posts\/6596\/revisions"}],"wp:featuredmedia":[{"embeddable":true,"href":"https:\/\/aleeknews.com\/4l33k5\/wp-json\/wp\/v2\/media\/6597"}],"wp:attachment":[{"href":"https:\/\/aleeknews.com\/4l33k5\/wp-json\/wp\/v2\/media?parent=6596"}],"wp:term":[{"taxonomy":"category","embeddable":true,"href":"https:\/\/aleeknews.com\/4l33k5\/wp-json\/wp\/v2\/categories?post=6596"},{"taxonomy":"post_tag","embeddable":true,"href":"https:\/\/aleeknews.com\/4l33k5\/wp-json\/wp\/v2\/tags?post=6596"}],"curies":[{"name":"wp","href":"https:\/\/api.w.org\/{rel}","templated":true}]}}