{"id":6589,"date":"2025-07-29T15:21:00","date_gmt":"2025-07-29T13:21:00","guid":{"rendered":"https:\/\/aleeknews.com\/4l33k5\/2025\/07\/29\/se-consuma-la-venta-de-suiza-dairy\/"},"modified":"2025-07-29T15:21:00","modified_gmt":"2025-07-29T13:21:00","slug":"se-consuma-la-venta-de-suiza-dairy","status":"publish","type":"post","link":"https:\/\/aleeknews.com\/4l33k5\/2025\/07\/29\/se-consuma-la-venta-de-suiza-dairy\/","title":{"rendered":"Se consuma la venta de Suiza Dairy"},"content":{"rendered":"<div>\n<div data-testid=\"global-header-test\" data-fusion-lazy-id=\"f0f5G41E11Y61Ck\">\n<hr>\n<p><span>Bolsa de valores <b>01:20 PM<\/b><\/span><\/p>\n<\/div>\n<div>\n<div data-fusion-lazy-id=\"f0f9tfiOw0362nv\">\n<div class>\n<p><a href=\"https:\/\/thetrustproject.org\/\"><img decoding=\"async\" src=\"https:\/\/www.elnuevodia.com\/pf\/resources\/v2\/icons\/trust-icon.svg?d=202\"><\/a><\/p>\n<div>\n<p>Entrevista<\/p>\n<div>\n<p>Intercambio para ofrecer una perspectiva relevante, que ha sido revisada para mayor claridad, pero no del todo verificada.<\/p>\n<\/div>\n<\/div>\n<\/div>\n<div>\n<h2>En una millonaria transacci\u00f3n, la empresa Suiza Caribe, LLC., adquiere la planta de Aguadilla y el porfolio de productos que pertenec\u00eda al Grupo Gloria<\/h2>\n<div>\n<p>24 de julio de 2025 &#8211; 2:40 PM<\/p>\n<\/div>\n<\/div>\n<\/div>\n<div data-fusion-lazy-id=\"f0f8wxHIPTYNet\">\n<div>\n<p><b>1 \/ 16 | <\/b><span> Se consuma la venta de Suiza Dairy. Establecida en 1942, Suiza Dairy fue una de las elaboradoras de leche fresca m\u00e1s importantes de Puerto Rico. Para la d\u00e9cada de 1990 se convirti\u00f3 en l\u00edder del mercado, a medida que otras procesadoras cerraron sus puertas.<\/span><i> &#8211; Jorge A Ramirez Portela<\/i><\/p>\n<\/div>\n<div>\n<p><img decoding=\"async\" alt=\"Marian D\u00edaz\" src=\"https:\/\/www.elnuevodia.com\/resizer\/v2\/https%3A%2F%2Fs3.amazonaws.com%2Farc-authors%2Fgfrmedia%2F14e09c78-76d5-47d9-b618-5a2cb8be0d96.png?auth=a5fd05e26d54c23523ae1b9d6ad49f1f9eab86e6cf3871570e6f0e82aec6fae9&#038;quality=75&#038;smart=true&#038;width=170&#038;height=147\"><\/p>\n<\/div>\n<div>\n<p>Tras meses de incertidumbre sobre el futuro de <a href=\"https:\/\/www.elnuevodia.com\/topicos\/suiza-dairy\/\" target=\"_self\" rel title=\"https:\/\/www.elnuevodia.com\/topicos\/suiza-dairy\/\"><b>Suiza Dairy<\/b><\/a> en Puerto Rico, <b>el conglomerado peruano Grupo Gloria finiquit\u00f3 la venta de su planta de manufactura en Aguadilla y la cartera de productos<\/b>. <\/p>\n<\/div>\n<\/div>\n<\/div>\n<\/div>\n\n    <div class=\"xs_social_share_widget xs_share_url after_content \t\tmain_content  wslu-style-1 wslu-share-box-shaped wslu-fill-colored wslu-none wslu-share-horizontal wslu-theme-font-no wslu-main_content\">\n\n\t\t\n        <ul>\n\t\t\t        <\/ul>\n    <\/div> \n","protected":false},"excerpt":{"rendered":"<p>Bolsa de valores 01:20 PM Entrevista Intercambio para ofrecer una perspectiva relevante, que ha sido revisada para mayor claridad, pero no del todo verificada. En una millonaria transacci\u00f3n, la empresa Suiza Caribe, LLC., adquiere la planta de Aguadilla y el porfolio de productos que pertenec\u00eda al Grupo Gloria 24 de julio de 2025 &#8211; 2:40<\/p>\n","protected":false},"author":2,"featured_media":6590,"comment_status":"open","ping_status":"open","sticky":false,"template":"","format":"standard","meta":{"om_disable_all_campaigns":false,"_monsterinsights_skip_tracking":false,"_monsterinsights_sitenote_active":false,"_monsterinsights_sitenote_note":"","_monsterinsights_sitenote_category":0,"footnotes":""},"categories":[5],"tags":[],"class_list":["post-6589","post","type-post","status-publish","format-standard","has-post-thumbnail","hentry","category-negocios"],"aioseo_notices":[],"_links":{"self":[{"href":"https:\/\/aleeknews.com\/4l33k5\/wp-json\/wp\/v2\/posts\/6589","targetHints":{"allow":["GET"]}}],"collection":[{"href":"https:\/\/aleeknews.com\/4l33k5\/wp-json\/wp\/v2\/posts"}],"about":[{"href":"https:\/\/aleeknews.com\/4l33k5\/wp-json\/wp\/v2\/types\/post"}],"author":[{"embeddable":true,"href":"https:\/\/aleeknews.com\/4l33k5\/wp-json\/wp\/v2\/users\/2"}],"replies":[{"embeddable":true,"href":"https:\/\/aleeknews.com\/4l33k5\/wp-json\/wp\/v2\/comments?post=6589"}],"version-history":[{"count":0,"href":"https:\/\/aleeknews.com\/4l33k5\/wp-json\/wp\/v2\/posts\/6589\/revisions"}],"wp:featuredmedia":[{"embeddable":true,"href":"https:\/\/aleeknews.com\/4l33k5\/wp-json\/wp\/v2\/media\/6590"}],"wp:attachment":[{"href":"https:\/\/aleeknews.com\/4l33k5\/wp-json\/wp\/v2\/media?parent=6589"}],"wp:term":[{"taxonomy":"category","embeddable":true,"href":"https:\/\/aleeknews.com\/4l33k5\/wp-json\/wp\/v2\/categories?post=6589"},{"taxonomy":"post_tag","embeddable":true,"href":"https:\/\/aleeknews.com\/4l33k5\/wp-json\/wp\/v2\/tags?post=6589"}],"curies":[{"name":"wp","href":"https:\/\/api.w.org\/{rel}","templated":true}]}}