{"id":6587,"date":"2025-07-29T15:21:01","date_gmt":"2025-07-29T13:21:01","guid":{"rendered":"https:\/\/aleeknews.com\/4l33k5\/2025\/07\/29\/optimismo-en-las-vaquerias-tras-la-venta-de-suiza-dairy-en-aguadilla\/"},"modified":"2025-07-29T15:21:01","modified_gmt":"2025-07-29T13:21:01","slug":"optimismo-en-las-vaquerias-tras-la-venta-de-suiza-dairy-en-aguadilla","status":"publish","type":"post","link":"https:\/\/aleeknews.com\/4l33k5\/2025\/07\/29\/optimismo-en-las-vaquerias-tras-la-venta-de-suiza-dairy-en-aguadilla\/","title":{"rendered":"Optimismo en las vaquer\u00edas tras la venta de Suiza Dairy en Aguadilla"},"content":{"rendered":"<div>\n<div data-testid=\"global-header-test\" data-fusion-lazy-id=\"f0f5G41E11Y61Ck\">\n<hr>\n<p><span>Bolsa de valores <b>01:06 PM<\/b><\/span><\/p>\n<\/div>\n<div>\n<div data-fusion-lazy-id=\"f0f9tfiOw0362nv\">\n<div class>\n<p><a href=\"https:\/\/thetrustproject.org\/\"><img decoding=\"async\" src=\"https:\/\/www.elnuevodia.com\/pf\/resources\/v2\/icons\/trust-icon.svg?d=202\"><\/a><\/p>\n<div>\n<p>Noticia<\/p>\n<div>\n<p>Basado en hechos que el periodista haya observado y verificado de primera mano, o en informaci\u00f3n verificada que proviene de fuentes bien informadas.<\/p>\n<\/div>\n<\/div>\n<\/div>\n<div>\n<h2>Productores de leche ven con buenos ojos la entrada de Suiza Caribe, LLC al sector l\u00e1cteo, con planes de manufactura 100% local y exportaciones a mercados caribe\u00f1os<\/h2>\n<div>\n<p>29 de julio de 2025 &#8211; 11:10 PM<\/p>\n<\/div>\n<\/div>\n<\/div>\n<div data-fusion-lazy-id=\"f0f8wxHIPTYNet\">\n<div><picture><source media=\"(max-width: 375px)\" ><source media=\"(max-width: 767px)\" ><source media=\"(max-width: 1023px)\" ><source ><\/picture><figcaption>La construcci\u00f3n de la planta de Suiza Dairy, en Aguadilla, hace casi una d\u00e9cada, requiri\u00f3 una inversi\u00f3n de $37 millones, mientras que la reciente transacci\u00f3n de compraventa rond\u00f3 los $25 millones. <span>(Suministrada)<\/span><\/figcaption><\/div>\n<div>\n<p><img decoding=\"async\" alt=\"Efra\u00edn Montalb\u00e1n R\u00edos\" src=\"https:\/\/www.elnuevodia.com\/resizer\/v2\/https%3A%2F%2Fauthor-service-images-prod-us-east-1.publishing.aws.arc.pub%2Fgfrmedia%2Fb846106f-313f-4fa3-8690-8169fec53277.png?auth=b672eb01840f63d170a79ae205ccc29a2f694f1bb849b72693c84ad2cc16b7a1&#038;quality=75&#038;smart=true&#038;width=170&#038;height=147\"><\/p>\n<\/div>\n<div>\n<p>Los productores de leche de Puerto Rico se mostraron optimistas tras la compra de la planta de <a href=\"https:\/\/www.elnuevodia.com\/topicos\/suiza-dairy\/\" target=\"_blank\" rel=\"noreferrer\" title=\"https:\/\/www.elnuevodia.com\/topicos\/suiza-dairy\/\"><b>Suiza Dairy<\/b><\/a>, en Aguadilla, por parte de Suiza Caribe, LLC., filial de CC1 Companies.<\/p>\n<\/div>\n<\/div>\n<\/div>\n<\/div>\n\n    <div class=\"xs_social_share_widget xs_share_url after_content \t\tmain_content  wslu-style-1 wslu-share-box-shaped wslu-fill-colored wslu-none wslu-share-horizontal wslu-theme-font-no wslu-main_content\">\n\n\t\t\n        <ul>\n\t\t\t        <\/ul>\n    <\/div> \n","protected":false},"excerpt":{"rendered":"<p>Bolsa de valores 01:06 PM Noticia Basado en hechos que el periodista haya observado y verificado de primera mano, o en informaci\u00f3n verificada que proviene de fuentes bien informadas. Productores de leche ven con buenos ojos la entrada de Suiza Caribe, LLC al sector l\u00e1cteo, con planes de manufactura 100% local y exportaciones a mercados<\/p>\n","protected":false},"author":2,"featured_media":6588,"comment_status":"open","ping_status":"open","sticky":false,"template":"","format":"standard","meta":{"om_disable_all_campaigns":false,"_monsterinsights_skip_tracking":false,"_monsterinsights_sitenote_active":false,"_monsterinsights_sitenote_note":"","_monsterinsights_sitenote_category":0,"footnotes":""},"categories":[5],"tags":[],"class_list":["post-6587","post","type-post","status-publish","format-standard","has-post-thumbnail","hentry","category-negocios"],"aioseo_notices":[],"_links":{"self":[{"href":"https:\/\/aleeknews.com\/4l33k5\/wp-json\/wp\/v2\/posts\/6587","targetHints":{"allow":["GET"]}}],"collection":[{"href":"https:\/\/aleeknews.com\/4l33k5\/wp-json\/wp\/v2\/posts"}],"about":[{"href":"https:\/\/aleeknews.com\/4l33k5\/wp-json\/wp\/v2\/types\/post"}],"author":[{"embeddable":true,"href":"https:\/\/aleeknews.com\/4l33k5\/wp-json\/wp\/v2\/users\/2"}],"replies":[{"embeddable":true,"href":"https:\/\/aleeknews.com\/4l33k5\/wp-json\/wp\/v2\/comments?post=6587"}],"version-history":[{"count":0,"href":"https:\/\/aleeknews.com\/4l33k5\/wp-json\/wp\/v2\/posts\/6587\/revisions"}],"wp:featuredmedia":[{"embeddable":true,"href":"https:\/\/aleeknews.com\/4l33k5\/wp-json\/wp\/v2\/media\/6588"}],"wp:attachment":[{"href":"https:\/\/aleeknews.com\/4l33k5\/wp-json\/wp\/v2\/media?parent=6587"}],"wp:term":[{"taxonomy":"category","embeddable":true,"href":"https:\/\/aleeknews.com\/4l33k5\/wp-json\/wp\/v2\/categories?post=6587"},{"taxonomy":"post_tag","embeddable":true,"href":"https:\/\/aleeknews.com\/4l33k5\/wp-json\/wp\/v2\/tags?post=6587"}],"curies":[{"name":"wp","href":"https:\/\/api.w.org\/{rel}","templated":true}]}}