{"id":6575,"date":"2025-07-29T15:20:39","date_gmt":"2025-07-29T13:20:39","guid":{"rendered":"https:\/\/aleeknews.com\/4l33k5\/2025\/07\/29\/evelyn-vazquez-denuncia-que-intentaron-secuestrar-el-proceso-primarista-en-mayaguez\/"},"modified":"2025-07-29T15:20:39","modified_gmt":"2025-07-29T13:20:39","slug":"evelyn-vazquez-denuncia-que-intentaron-secuestrar-el-proceso-primarista-en-mayaguez","status":"publish","type":"post","link":"https:\/\/aleeknews.com\/4l33k5\/2025\/07\/29\/evelyn-vazquez-denuncia-que-intentaron-secuestrar-el-proceso-primarista-en-mayaguez\/","title":{"rendered":"Evelyn V\u00e1zquez denuncia que \u201cintentaron secuestrar el proceso\u201d primarista en Mayag\u00fcez"},"content":{"rendered":"<div>\n<div data-fusion-lazy-id=\"f0fQYcNoHQKSGL\">\n<div class>\n<p><a href=\"https:\/\/thetrustproject.org\/\"><img decoding=\"async\" src=\"https:\/\/www.elnuevodia.com\/pf\/resources\/v2\/icons\/trust-icon.svg?d=202\"><\/a><\/p>\n<div>\n<p>Noticia<\/p>\n<div>\n<p>Basado en hechos que el periodista haya observado y verificado de primera mano, o en informaci\u00f3n verificada que proviene de fuentes bien informadas.<\/p>\n<\/div>\n<\/div>\n<\/div>\n<div>\n<h2>La precandidata novoprogresista por la alcald\u00eda dijo tener conocimiento de que en algunos colegios comenzaron a trabajar muy tarde en un proceso que tild\u00f3 de \u201catrasado y muy atropellado\u201d <\/h2>\n<div>\n<p>2 de junio de 2024 &#8211; 3:56 PM<\/p>\n<\/div>\n<div>\n<p><b>Nota de archivo<\/b><\/p>\n<p>Esta historia fue publicada hace m\u00e1s de 1 a\u00f1o.<\/p>\n<\/div>\n<\/div>\n<\/div>\n<div data-fusion-lazy-id=\"f0fIYaQF9GLV14D\">\n<div><picture><source media=\"(max-width: 375px)\" ><source media=\"(max-width: 767px)\" ><source media=\"(max-width: 1023px)\" ><source ><\/picture><figcaption>V\u00e1zquez asegur\u00f3 que el conteo de votos adelantados, de encamados y de confinados favorece su aspiraci\u00f3n a la candidatura novoprogresista por la alcald\u00eda. <span>(Sandra Torres Guzm\u00e1n)<\/span><\/figcaption><\/div>\n<div>\n<p><img decoding=\"async\" alt=\"Sandra Torres Guzm\u00e1n\" src=\"https:\/\/www.elnuevodia.com\/resizer\/v2\/https%3A%2F%2Fs3.amazonaws.com%2Farc-authors%2Fgfrmedia%2F34642c7c-b0d8-41dd-9ae6-d47952f1ee14.jpeg?auth=98deb43e172f1e593a6abdb1de4d44c2b3760c59cf233a28d2abc91fee636090&#038;quality=75&#038;smart=true&#038;width=170&#038;height=147\"><\/p>\n<p><span>Por <b><\/b><b>Sandra Torres Guzm\u00e1n<\/b><\/span><\/p>\n<\/div>\n<div>\n<p><b>Mayag\u00fcez<\/b> &#8211; La aspirante a la <b>candidatura del <\/b><a href=\"https:\/\/www.elnuevodia.com\/topicos\/pnp-partido-nuevo-progresista\/\" target=\"_blank\"><b>Partido Nuevo Progresista<\/b><\/a><b> (PNP) por la alcald\u00eda de <\/b><a href=\"https:\/\/www.elnuevodia.com\/topicos\/mayaguez\/\" target=\"_blank\"><b>Mayag\u00fcez<\/b><\/a><b>, Evelyn V\u00e1zquez<\/b>, aludi\u00f3 a que representantes del gobernador <a href=\"https:\/\/www.elnuevodia.com\/topicos\/pedro-pierluisi\/\" target=\"_blank\"><b>Pedro Pierluisi <\/b><\/a>en el evento primarista en la ciudad \u201c<b>intentaron secuestrar el proceso<\/b>\u201d.<\/p>\n<\/div>\n<\/div>\n<section>\n<header><span>Popular en la Comunidad<\/span><\/header>\n<\/section>\n<\/div>\n\n    <div class=\"xs_social_share_widget xs_share_url after_content \t\tmain_content  wslu-style-1 wslu-share-box-shaped wslu-fill-colored wslu-none wslu-share-horizontal wslu-theme-font-no wslu-main_content\">\n\n\t\t\n        <ul>\n\t\t\t        <\/ul>\n    <\/div> \n","protected":false},"excerpt":{"rendered":"<p>Noticia Basado en hechos que el periodista haya observado y verificado de primera mano, o en informaci\u00f3n verificada que proviene de fuentes bien informadas. La precandidata novoprogresista por la alcald\u00eda dijo tener conocimiento de que en algunos colegios comenzaron a trabajar muy tarde en un proceso que tild\u00f3 de \u201catrasado y muy atropellado\u201d 2 de<\/p>\n","protected":false},"author":2,"featured_media":6576,"comment_status":"open","ping_status":"open","sticky":false,"template":"","format":"standard","meta":{"om_disable_all_campaigns":false,"_monsterinsights_skip_tracking":false,"footnotes":""},"categories":[6],"tags":[],"class_list":["post-6575","post","type-post","status-publish","format-standard","has-post-thumbnail","hentry","category-politica"],"aioseo_notices":[],"_links":{"self":[{"href":"https:\/\/aleeknews.com\/4l33k5\/wp-json\/wp\/v2\/posts\/6575","targetHints":{"allow":["GET"]}}],"collection":[{"href":"https:\/\/aleeknews.com\/4l33k5\/wp-json\/wp\/v2\/posts"}],"about":[{"href":"https:\/\/aleeknews.com\/4l33k5\/wp-json\/wp\/v2\/types\/post"}],"author":[{"embeddable":true,"href":"https:\/\/aleeknews.com\/4l33k5\/wp-json\/wp\/v2\/users\/2"}],"replies":[{"embeddable":true,"href":"https:\/\/aleeknews.com\/4l33k5\/wp-json\/wp\/v2\/comments?post=6575"}],"version-history":[{"count":0,"href":"https:\/\/aleeknews.com\/4l33k5\/wp-json\/wp\/v2\/posts\/6575\/revisions"}],"wp:featuredmedia":[{"embeddable":true,"href":"https:\/\/aleeknews.com\/4l33k5\/wp-json\/wp\/v2\/media\/6576"}],"wp:attachment":[{"href":"https:\/\/aleeknews.com\/4l33k5\/wp-json\/wp\/v2\/media?parent=6575"}],"wp:term":[{"taxonomy":"category","embeddable":true,"href":"https:\/\/aleeknews.com\/4l33k5\/wp-json\/wp\/v2\/categories?post=6575"},{"taxonomy":"post_tag","embeddable":true,"href":"https:\/\/aleeknews.com\/4l33k5\/wp-json\/wp\/v2\/tags?post=6575"}],"curies":[{"name":"wp","href":"https:\/\/api.w.org\/{rel}","templated":true}]}}