{"id":6562,"date":"2025-07-29T15:19:29","date_gmt":"2025-07-29T13:19:29","guid":{"rendered":"https:\/\/aleeknews.com\/4l33k5\/2025\/07\/29\/alvaro-uribe-declarado-culpable-por-soborno-y-fraude-procesal-en-juicio-sin-precedentes-en-colombia\/"},"modified":"2025-07-29T15:19:29","modified_gmt":"2025-07-29T13:19:29","slug":"alvaro-uribe-declarado-culpable-por-soborno-y-fraude-procesal-en-juicio-sin-precedentes-en-colombia","status":"publish","type":"post","link":"https:\/\/aleeknews.com\/4l33k5\/2025\/07\/29\/alvaro-uribe-declarado-culpable-por-soborno-y-fraude-procesal-en-juicio-sin-precedentes-en-colombia\/","title":{"rendered":"\u00c1lvaro Uribe declarado culpable por soborno y fraude procesal en juicio sin precedentes en Colombia"},"content":{"rendered":"<div>\n<p>El influyente expresidente colombiano <a href=\"https:\/\/www.elnuevodia.com\/topicos\/alvaro-uribe\/\" target=\"_blank\" rel=\"noreferrer\" title=\"https:\/\/www.elnuevodia.com\/topicos\/alvaro-uribe\/\"><b>\u00c1lvaro Uribe<\/b><\/a> fue declarado culpable el lunes por una jueza de los delitos de soborno a testigos y fraude procesal, en un fallo sin precedentes en la historia del pa\u00eds sudamericano.<\/p>\n<p>La jueza se limit\u00f3 a anunciar el sentido del fallo &#8211;culpable o absuelto&#8211; y se espera que en una pr\u00f3xima audiencia d\u00e9 a conocer la condena concreta que debe cumplir el exmandatario, quien se expone a una pena de hasta 12 a\u00f1os de c\u00e1rcel.<\/p>\n<p>El fallo, que es de primera instancia, puede ser apelado por la defensa del expresidente ante un tribunal.<\/p>\n<p>El expresidente, de 73 a\u00f1os, fue acusado por la fiscal\u00eda de idear y promover una estrategia para manipular a testigos, con ayuda de terceros, para que cambiaran sus versiones o declarasen que \u00e9l no ten\u00eda v\u00ednculos con el paramilitarismo, lo que para la fiscal\u00eda constituy\u00f3 un intento de enga\u00f1ar a la justicia.<\/p>\n<p>Uribe siempre se declar\u00f3 inocente y alega que es v\u00edctima de una persecuci\u00f3n pol\u00edtica.<\/p>\n<p>La jueza <b>Sandra Heredia<\/b> asegur\u00f3 que pudo acreditar que Uribe indujo al abogado <b>Diego Cadena<\/b> a cometer soborno en actuaci\u00f3n penal y fraude procesal. <b>\u201cNo cabe duda que el procesado sab\u00eda de su proceder&#8230; \u00c9l mismo la ejecutaba desde las sombras\u201d<\/b>, indic\u00f3 en la audiencia.<\/p>\n<p>Cadena enfrenta un juicio paralelo por soborno a testigos y fraude procesal por los mismos hechos por los que es procesado el expresidente.<\/p>\n<p>La resoluci\u00f3n judicial fue rechazada por pol\u00edticos uribistas que lo calificaron como el \u201cfallo de la infamia\u201d, al considerarlo arbitrario.<\/p>\n<p>El secretario de Estado estadounidense, <a href=\"https:\/\/www.elnuevodia.com\/topicos\/marco-rubio\" target=\"_blank\" rel=\"noreferrer\" title=\"https:\/\/www.elnuevodia.com\/topicos\/marco-rubio\"><b>Marco Rubio<\/b><\/a>, tambi\u00e9n mostr\u00f3 su apoyo al expresidente al considerar que su \u201d\u00fanico delito\u201d ha sido \u201cdefender su patria\u201d e indic\u00f3 que le preocupa que se est\u00e9 instrumentalizando la justicia por parte de \u201cjueces radicales\u201d.<\/p>\n<p>Pese al fallo de culpabilidad, la jueza absolvi\u00f3 a Uribe en uno de los hechos de soborno al considerar que la defensa fue capaz de probar que no tuvo que ver con el traslado de una c\u00e1rcel a otra a la exfiscal <b>Hilda Ni\u00f1o Farf\u00e1n<\/b>, condenada por corrupci\u00f3n, a quien la fiscal\u00eda indicaba que Uribe le hab\u00eda dado beneficios para declarar.<\/p>\n<p>El conservador Uribe V\u00e9lez, quien gobern\u00f3 entre 2002 y 2010, ha sido uno de los l\u00edderes m\u00e1s influyentes del pa\u00eds en las \u00faltimas dos d\u00e9cadas. Apadrin\u00f3 a los dos presidentes que lo sucedieron en el poder y act\u00faa como l\u00edder del partido pol\u00edtico Centro Democr\u00e1tico, el principal opositor al actual presidente izquierdista <b>Gustavo Petro<\/b>.<\/p>\n<p>Sin embargo, ha lidiado con un proceso judicial que tuvo su inicio en 2012, cuando el expresidente denunci\u00f3 al senador de izquierda Iv\u00e1n Cepeda se\u00f1al\u00e1ndolo de supuestamente buscar en las c\u00e1rceles testigos que lo se\u00f1alaran de tener v\u00ednculos con el paramilitarismo.<\/p>\n<p>La Corte cerr\u00f3 en 2018 la causa contra Cepeda y, en un inesperado giro, abri\u00f3 una contra Uribe V\u00e9lez, sospechando que era \u00e9l quien hab\u00eda intentado manipular a los testigos a trav\u00e9s de terceras personas.<\/p>\n<p>Por orden de la Corte, Uribe V\u00e9lez estuvo en prisi\u00f3n domiciliaria durante dos meses, lo que gener\u00f3 protestas a favor y en contra de la decisi\u00f3n. El caso sali\u00f3 del radar de la Corte cuando Uribe V\u00e9lez renunci\u00f3 a su banca en el Senado y el caso pas\u00f3 a manos de la Fiscal\u00eda.<\/p>\n<p>La fiscal\u00eda pidi\u00f3 cerrar el caso contra Uribe V\u00e9lez tres veces al no encontrar m\u00e9ritos para acusarlo, pero los jueces negaron su pretensi\u00f3n.<\/p>\n<p>El caso dio un nuevo vuelco cuando la fiscal\u00eda, administrada por una nueva fiscal general, decidi\u00f3 acusar formalmente a Uribe V\u00e9lez y llevarlo a un juicio que inici\u00f3 en febrero.<\/p>\n<p><h4><b>Las claves del juicio<\/b><\/h4>\n<\/p>\n<p>Por ser un caso in\u00e9dito en el pa\u00eds, la prensa local lo denomin\u00f3 \u201cel juicio del siglo\u201d, generando alta expectativa durante sus m\u00e1s de 60 audiencias en las que intervinieron decenas de testigos, incluido el propio Uribe V\u00e9lez, quien se defendi\u00f3 asegurando que nunca intent\u00f3 enga\u00f1ar a la justicia.<\/p>\n<p>La fiscal\u00eda asegur\u00f3 que Uribe V\u00e9lez, a trav\u00e9s del abogado <b>Diego Cadena<\/b>, intent\u00f3 con sobornos cambiar la versi\u00f3n de <b>Juan Guillermo Monsalve<\/b>, un exparamilitar condenado por secuestro extorsivo, que declar\u00f3 que el grupo paramilitar al que perteneci\u00f3 fue creado en la d\u00e9cada de 1990 en la hacienda Las Guacharacas, que perteneci\u00f3 a la familia de Uribe V\u00e9lez.<\/p>\n<p>La defensa de Uribe V\u00e9lez asegur\u00f3 que \u00e9l no busc\u00f3 a Monsalve, sino que fueron a la c\u00e1rcel a o\u00edr sus intenciones tras enterarse de que quer\u00eda retractarse de sus dichos. El exmandatario dijo que la versi\u00f3n de Monsalve es mentira porque no volvi\u00f3 a la hacienda desde 1983 luego de que su padre fue asesinado por una guerrilla.<\/p>\n<p>Uribe V\u00e9lez logr\u00f3 en su gobierno desmovilizar a los grupos paramilitares que se sometieron a una justicia especial en la que declararon sus cr\u00edmenes a cambio de pocos a\u00f1os de c\u00e1rcel. Algunos de los m\u00e1ximos cabecillas fueron extraditados a Estados Unidos.<\/p>\n<p>Seg\u00fan la fiscal\u00eda, Cadena habr\u00eda buscado en nombre de Uribe V\u00e9lez al exparamilitar <b>Carlos Enrique V\u00e9lez<\/b>, alias \u201cV\u00edctor,\u201d para que declarara a su favor a cambio de dinero. La defensa asegur\u00f3 que el exmandatario no se enter\u00f3 de ayudas econ\u00f3micas entregadas al exparamilitar sino tiempo despu\u00e9s y las rechaz\u00f3 de inmediato.<\/p>\n<p>Durante el juicio, la fiscal\u00eda asegur\u00f3 que el expresidente busc\u00f3 al exparamilitar <b>Juan Carlos Sierra<\/b>, alias \u201cEl Tuso\u201d, quien estando preso en Estados Unidos envi\u00f3 cartas a la <a href=\"https:\/\/www.elnuevodia.com\/topicos\/tribunal-supremo-de-puerto-rico\/\" target=\"_blank\" rel=\"noreferrer\" title=\"https:\/\/www.elnuevodia.com\/topicos\/tribunal-supremo-de-puerto-rico\/\"><b>Corte Suprema de Justicia<\/b><\/a> asegurando que Cepeda le ofreci\u00f3 beneficios a cambio de declarar contra el expresidente.<\/p>\n<p><b>\u201cQueda claro que yo lo extradit\u00e9 (a Estados Unidos), que nunca hemos hablado\u201d<\/b>, asegur\u00f3 Uribe V\u00e9lez, quien dijo que recibi\u00f3 informaciones de \u201cpersonas serias\u201d de su versi\u00f3n, por lo que le pidi\u00f3 a Cadena verificarla.<\/p>\n<\/div>\n\n    <div class=\"xs_social_share_widget xs_share_url after_content \t\tmain_content  wslu-style-1 wslu-share-box-shaped wslu-fill-colored wslu-none wslu-share-horizontal wslu-theme-font-no wslu-main_content\">\n\n\t\t\n        <ul>\n\t\t\t        <\/ul>\n    <\/div> \n","protected":false},"excerpt":{"rendered":"<p>El influyente expresidente colombiano \u00c1lvaro Uribe fue declarado culpable el lunes por una jueza de los delitos de soborno a testigos y fraude procesal, en un fallo sin precedentes en la historia del pa\u00eds sudamericano. La jueza se limit\u00f3 a anunciar el sentido del fallo &#8211;culpable o absuelto&#8211; y se espera que en una pr\u00f3xima<\/p>\n","protected":false},"author":2,"featured_media":6563,"comment_status":"open","ping_status":"open","sticky":false,"template":"","format":"standard","meta":{"om_disable_all_campaigns":false,"_monsterinsights_skip_tracking":false,"_monsterinsights_sitenote_active":false,"_monsterinsights_sitenote_note":"","_monsterinsights_sitenote_category":0,"footnotes":""},"categories":[10],"tags":[],"class_list":["post-6562","post","type-post","status-publish","format-standard","has-post-thumbnail","hentry","category-mundo"],"aioseo_notices":[],"_links":{"self":[{"href":"https:\/\/aleeknews.com\/4l33k5\/wp-json\/wp\/v2\/posts\/6562","targetHints":{"allow":["GET"]}}],"collection":[{"href":"https:\/\/aleeknews.com\/4l33k5\/wp-json\/wp\/v2\/posts"}],"about":[{"href":"https:\/\/aleeknews.com\/4l33k5\/wp-json\/wp\/v2\/types\/post"}],"author":[{"embeddable":true,"href":"https:\/\/aleeknews.com\/4l33k5\/wp-json\/wp\/v2\/users\/2"}],"replies":[{"embeddable":true,"href":"https:\/\/aleeknews.com\/4l33k5\/wp-json\/wp\/v2\/comments?post=6562"}],"version-history":[{"count":0,"href":"https:\/\/aleeknews.com\/4l33k5\/wp-json\/wp\/v2\/posts\/6562\/revisions"}],"wp:featuredmedia":[{"embeddable":true,"href":"https:\/\/aleeknews.com\/4l33k5\/wp-json\/wp\/v2\/media\/6563"}],"wp:attachment":[{"href":"https:\/\/aleeknews.com\/4l33k5\/wp-json\/wp\/v2\/media?parent=6562"}],"wp:term":[{"taxonomy":"category","embeddable":true,"href":"https:\/\/aleeknews.com\/4l33k5\/wp-json\/wp\/v2\/categories?post=6562"},{"taxonomy":"post_tag","embeddable":true,"href":"https:\/\/aleeknews.com\/4l33k5\/wp-json\/wp\/v2\/tags?post=6562"}],"curies":[{"name":"wp","href":"https:\/\/api.w.org\/{rel}","templated":true}]}}