{"id":6329,"date":"2025-07-25T13:20:20","date_gmt":"2025-07-25T11:20:20","guid":{"rendered":"https:\/\/aleeknews.com\/4l33k5\/2025\/07\/25\/empresario-salvadoreno-obtuvo-decreto-bajo-la-ley-60-mientras-estaba-preso-en-colombia\/"},"modified":"2025-07-25T13:20:20","modified_gmt":"2025-07-25T11:20:20","slug":"empresario-salvadoreno-obtuvo-decreto-bajo-la-ley-60-mientras-estaba-preso-en-colombia","status":"publish","type":"post","link":"https:\/\/aleeknews.com\/4l33k5\/2025\/07\/25\/empresario-salvadoreno-obtuvo-decreto-bajo-la-ley-60-mientras-estaba-preso-en-colombia\/","title":{"rendered":"Empresario salvadore\u00f1o obtuvo decreto bajo la Ley 60 mientras estaba preso en Colombia"},"content":{"rendered":"<div>\n<div data-testid=\"global-header-test\" data-fusion-lazy-id=\"f0f5G41E11Y61Ck\">\n<hr>\n<p><span>Bolsa de valores <b>11:08 AM<\/b><\/span><\/p>\n<\/div>\n<div>\n<div data-fusion-lazy-id=\"f0f9tfiOw0362nv\">\n<div class>\n<p><a href=\"https:\/\/thetrustproject.org\/\"><img decoding=\"async\" src=\"https:\/\/www.elnuevodia.com\/pf\/resources\/v2\/icons\/trust-icon.svg?d=202\"><\/a><\/p>\n<div>\n<p>Noticia<\/p>\n<div>\n<p>Basado en hechos que el periodista haya observado y verificado de primera mano, o en informaci\u00f3n verificada que proviene de fuentes bien informadas.<\/p>\n<\/div>\n<\/div>\n<\/div>\n<div>\n<h2>El DDEC alega que Jos\u00e9 Ofilio Gurdi\u00e1n, quien este mes compr\u00f3 una segunda propiedad de lujo en Puerto Rico, ten\u00eda un r\u00e9cord \u201ccompletamente limpio\u201d al momento de evaluar su solicitud de incentivo contributivo<\/h2>\n<div>\n<p>30 de junio de 2025 &#8211; 5:30 PM<\/p>\n<\/div>\n<\/div>\n<\/div>\n<div data-fusion-lazy-id=\"f0f8wxHIPTYNet\">\n<div><picture><source media=\"(max-width: 375px)\" ><source media=\"(max-width: 767px)\" ><source media=\"(max-width: 1023px)\" ><source ><\/picture><figcaption>Cuando el Departamento de Desarrollo Econ\u00f3mico y Comercio (DDEC) firm\u00f3 su decreto bajo el C\u00f3digo de Incentivos (Ley 60), el empresario salvadore\u00f1o Jos\u00e9 Ofilio Gurdi\u00e1n llevaba tres meses preso en La Picota, la c\u00e1rcel m\u00e1s grande de Colombia. <span>(Archivo)<\/span><\/figcaption><\/div>\n<div>\n<p><img decoding=\"async\" alt=\"Sharon Minelli P\u00e9rez\" src=\"https:\/\/www.elnuevodia.com\/resizer\/v2\/https%3A%2F%2Fs3.amazonaws.com%2Farc-authors%2Fgfrmedia%2F8e50d93e-0a9f-40ca-bda3-a3fc69f705fa.png?auth=ca40016ef4aff5e1315ee2650a1e5df14a4ccd8bb305ec40f5454f7dd1dccc4a&#038;quality=75&#038;smart=true&#038;width=170&#038;height=147\"><\/p>\n<\/div>\n<div>\n<p>El empresario salvadore\u00f1o Jos\u00e9 Ofilio Gurdi\u00e1n adquiri\u00f3 este mes, por $7.6 millones, una segunda propiedad de lujo en Puerto Rico en Las Estancias, dentro de los portones de Bah\u00eda Beach, en R\u00edo Grande. <\/p>\n<\/div>\n<\/div>\n<\/div>\n<\/div>\n\n    <div class=\"xs_social_share_widget xs_share_url after_content \t\tmain_content  wslu-style-1 wslu-share-box-shaped wslu-fill-colored wslu-none wslu-share-horizontal wslu-theme-font-no wslu-main_content\">\n\n\t\t\n        <ul>\n\t\t\t        <\/ul>\n    <\/div> \n","protected":false},"excerpt":{"rendered":"<p>Bolsa de valores 11:08 AM Noticia Basado en hechos que el periodista haya observado y verificado de primera mano, o en informaci\u00f3n verificada que proviene de fuentes bien informadas. El DDEC alega que Jos\u00e9 Ofilio Gurdi\u00e1n, quien este mes compr\u00f3 una segunda propiedad de lujo en Puerto Rico, ten\u00eda un r\u00e9cord \u201ccompletamente limpio\u201d al momento<\/p>\n","protected":false},"author":2,"featured_media":6330,"comment_status":"open","ping_status":"open","sticky":false,"template":"","format":"standard","meta":{"om_disable_all_campaigns":false,"_monsterinsights_skip_tracking":false,"_monsterinsights_sitenote_active":false,"_monsterinsights_sitenote_note":"","_monsterinsights_sitenote_category":0,"footnotes":""},"categories":[5],"tags":[],"class_list":["post-6329","post","type-post","status-publish","format-standard","has-post-thumbnail","hentry","category-negocios"],"aioseo_notices":[],"_links":{"self":[{"href":"https:\/\/aleeknews.com\/4l33k5\/wp-json\/wp\/v2\/posts\/6329","targetHints":{"allow":["GET"]}}],"collection":[{"href":"https:\/\/aleeknews.com\/4l33k5\/wp-json\/wp\/v2\/posts"}],"about":[{"href":"https:\/\/aleeknews.com\/4l33k5\/wp-json\/wp\/v2\/types\/post"}],"author":[{"embeddable":true,"href":"https:\/\/aleeknews.com\/4l33k5\/wp-json\/wp\/v2\/users\/2"}],"replies":[{"embeddable":true,"href":"https:\/\/aleeknews.com\/4l33k5\/wp-json\/wp\/v2\/comments?post=6329"}],"version-history":[{"count":0,"href":"https:\/\/aleeknews.com\/4l33k5\/wp-json\/wp\/v2\/posts\/6329\/revisions"}],"wp:featuredmedia":[{"embeddable":true,"href":"https:\/\/aleeknews.com\/4l33k5\/wp-json\/wp\/v2\/media\/6330"}],"wp:attachment":[{"href":"https:\/\/aleeknews.com\/4l33k5\/wp-json\/wp\/v2\/media?parent=6329"}],"wp:term":[{"taxonomy":"category","embeddable":true,"href":"https:\/\/aleeknews.com\/4l33k5\/wp-json\/wp\/v2\/categories?post=6329"},{"taxonomy":"post_tag","embeddable":true,"href":"https:\/\/aleeknews.com\/4l33k5\/wp-json\/wp\/v2\/tags?post=6329"}],"curies":[{"name":"wp","href":"https:\/\/api.w.org\/{rel}","templated":true}]}}