{"id":6327,"date":"2025-07-25T13:20:21","date_gmt":"2025-07-25T11:20:21","guid":{"rendered":"https:\/\/aleeknews.com\/4l33k5\/2025\/07\/25\/ddec-evalua-que-hara-con-el-decreto-del-empresario-salvadoreno-jose-ofilio-gurdian\/"},"modified":"2025-07-25T13:20:21","modified_gmt":"2025-07-25T11:20:21","slug":"ddec-evalua-que-hara-con-el-decreto-del-empresario-salvadoreno-jose-ofilio-gurdian","status":"publish","type":"post","link":"https:\/\/aleeknews.com\/4l33k5\/2025\/07\/25\/ddec-evalua-que-hara-con-el-decreto-del-empresario-salvadoreno-jose-ofilio-gurdian\/","title":{"rendered":"DDEC eval\u00faa qu\u00e9 har\u00e1 con el decreto del empresario salvadore\u00f1o Jos\u00e9 Ofilio Gurdi\u00e1n"},"content":{"rendered":"<div>\n<div data-testid=\"global-header-test\" data-fusion-lazy-id=\"f0f5G41E11Y61Ck\">\n<hr>\n<p><span>Bolsa de valores <b>11:20 AM<\/b><\/span><\/p>\n<\/div>\n<div>\n<div data-fusion-lazy-id=\"f0f9tfiOw0362nv\">\n<div class>\n<p><a href=\"https:\/\/thetrustproject.org\/\"><img decoding=\"async\" src=\"https:\/\/www.elnuevodia.com\/pf\/resources\/v2\/icons\/trust-icon.svg?d=202\"><\/a><\/p>\n<div>\n<p>Noticia<\/p>\n<div>\n<p>Basado en hechos que el periodista haya observado y verificado de primera mano, o en informaci\u00f3n verificada que proviene de fuentes bien informadas.<\/p>\n<\/div>\n<\/div>\n<\/div>\n<div>\n<h2>El inversionista residente en Puerto Rico recibi\u00f3 el beneficio por Ley 60 mientras estaba preso en Colombia<\/h2>\n<div>\n<p>3 de julio de 2025 &#8211; 10:00 AM<\/p>\n<\/div>\n<\/div>\n<\/div>\n<div data-fusion-lazy-id=\"f0f8wxHIPTYNet\">\n<div><picture><source media=\"(max-width: 375px)\" ><source media=\"(max-width: 767px)\" ><source media=\"(max-width: 1023px)\" ><source ><\/picture><figcaption>Ernesto Zayas Garc\u00eda, director de la Oficina de Incentivos del DDEC, explic\u00f3 c\u00f3mo la agencia investiga a los solicitantes de decretos contributivos. <span>(Suministrada)<\/span><\/figcaption><\/div>\n<div>\n<p><img decoding=\"async\" alt=\"Sharon Minelli P\u00e9rez\" src=\"https:\/\/www.elnuevodia.com\/resizer\/v2\/https%3A%2F%2Fs3.amazonaws.com%2Farc-authors%2Fgfrmedia%2F8e50d93e-0a9f-40ca-bda3-a3fc69f705fa.png?auth=ca40016ef4aff5e1315ee2650a1e5df14a4ccd8bb305ec40f5454f7dd1dccc4a&#038;quality=75&#038;smart=true&#038;width=170&#038;height=147\"><\/p>\n<\/div>\n<div>\n<p><b>El Departamento de Desarrollo Econ\u00f3mico y Comercio (DDEC) va a \u201cevaluar con detenimiento\u201d si procede o no la revocaci\u00f3n del decreto contributivo de Jos\u00e9 Ofilio Gurdi\u00e1n<\/b>, quien \u2013como r<a href=\"https:\/\/www.elnuevodia.com\/negocios\/economia\/notas\/empresario-salvadoreno-obtuvo-decreto-bajo-la-ley-60-mientras-estaba-preso-en-colombia\/\" target=\"_blank\" rel title=\"https:\/\/www.elnuevodia.com\/negocios\/economia\/notas\/empresario-salvadoreno-obtuvo-decreto-bajo-la-ley-60-mientras-estaba-preso-en-colombia\/\">evel\u00f3<b> El Nuevo D\u00eda<\/b><\/a>&#8211; estaba preso en Colombia el 1 de abril de 2024, cuando la agencia le otorg\u00f3 el beneficio al amparo del C\u00f3digo de Incentivos (Ley 60). <\/p>\n<\/div>\n<\/div>\n<\/div>\n<\/div>\n\n    <div class=\"xs_social_share_widget xs_share_url after_content \t\tmain_content  wslu-style-1 wslu-share-box-shaped wslu-fill-colored wslu-none wslu-share-horizontal wslu-theme-font-no wslu-main_content\">\n\n\t\t\n        <ul>\n\t\t\t        <\/ul>\n    <\/div> \n","protected":false},"excerpt":{"rendered":"<p>Bolsa de valores 11:20 AM Noticia Basado en hechos que el periodista haya observado y verificado de primera mano, o en informaci\u00f3n verificada que proviene de fuentes bien informadas. El inversionista residente en Puerto Rico recibi\u00f3 el beneficio por Ley 60 mientras estaba preso en Colombia 3 de julio de 2025 &#8211; 10:00 AM Ernesto<\/p>\n","protected":false},"author":2,"featured_media":6328,"comment_status":"open","ping_status":"open","sticky":false,"template":"","format":"standard","meta":{"om_disable_all_campaigns":false,"_monsterinsights_skip_tracking":false,"_monsterinsights_sitenote_active":false,"_monsterinsights_sitenote_note":"","_monsterinsights_sitenote_category":0,"footnotes":""},"categories":[5],"tags":[],"class_list":["post-6327","post","type-post","status-publish","format-standard","has-post-thumbnail","hentry","category-negocios"],"aioseo_notices":[],"_links":{"self":[{"href":"https:\/\/aleeknews.com\/4l33k5\/wp-json\/wp\/v2\/posts\/6327","targetHints":{"allow":["GET"]}}],"collection":[{"href":"https:\/\/aleeknews.com\/4l33k5\/wp-json\/wp\/v2\/posts"}],"about":[{"href":"https:\/\/aleeknews.com\/4l33k5\/wp-json\/wp\/v2\/types\/post"}],"author":[{"embeddable":true,"href":"https:\/\/aleeknews.com\/4l33k5\/wp-json\/wp\/v2\/users\/2"}],"replies":[{"embeddable":true,"href":"https:\/\/aleeknews.com\/4l33k5\/wp-json\/wp\/v2\/comments?post=6327"}],"version-history":[{"count":0,"href":"https:\/\/aleeknews.com\/4l33k5\/wp-json\/wp\/v2\/posts\/6327\/revisions"}],"wp:featuredmedia":[{"embeddable":true,"href":"https:\/\/aleeknews.com\/4l33k5\/wp-json\/wp\/v2\/media\/6328"}],"wp:attachment":[{"href":"https:\/\/aleeknews.com\/4l33k5\/wp-json\/wp\/v2\/media?parent=6327"}],"wp:term":[{"taxonomy":"category","embeddable":true,"href":"https:\/\/aleeknews.com\/4l33k5\/wp-json\/wp\/v2\/categories?post=6327"},{"taxonomy":"post_tag","embeddable":true,"href":"https:\/\/aleeknews.com\/4l33k5\/wp-json\/wp\/v2\/tags?post=6327"}],"curies":[{"name":"wp","href":"https:\/\/api.w.org\/{rel}","templated":true}]}}