{"id":6324,"date":"2025-07-25T13:20:23","date_gmt":"2025-07-25T11:20:23","guid":{"rendered":"https:\/\/aleeknews.com\/4l33k5\/2025\/07\/25\/ddec-no-cancelara-el-decreto-contributivo-que-un-empresario-salvadoreno-consiguio-mientras-estaba-en-la-carcel\/"},"modified":"2025-07-25T13:20:23","modified_gmt":"2025-07-25T11:20:23","slug":"ddec-no-cancelara-el-decreto-contributivo-que-un-empresario-salvadoreno-consiguio-mientras-estaba-en-la-carcel","status":"publish","type":"post","link":"https:\/\/aleeknews.com\/4l33k5\/2025\/07\/25\/ddec-no-cancelara-el-decreto-contributivo-que-un-empresario-salvadoreno-consiguio-mientras-estaba-en-la-carcel\/","title":{"rendered":"DDEC no cancelar\u00e1 el decreto contributivo que un empresario salvadore\u00f1o consigui\u00f3 mientras estaba en la c\u00e1rcel"},"content":{"rendered":"<div>\n<p>El <a href=\"https:\/\/www.elnuevodia.com\/topicos\/ddec\" rel>Departamento de Desarrollo Econ\u00f3mico y Comercio <\/a>(DDEC) mantiene vigente el decreto contributivo del empresario salvadore\u00f1o Jos\u00e9 Ofilio Gurdi\u00e1n Lacayo, quien se alega est\u00e1 relacionado a uno de los desastres ambientales m\u00e1s grandes de El Salvador y obtuvo un decreto bajo la Ley 60 ahora parte de la Ley 60, mientras estuvo preso en Colombia.<\/p>\n<p>A preguntas de El Nuevo D\u00eda, este jueves, en la conferencia semanal \u201cEn R\u00e9cord\u201d, el secretario del DDEC, Sebasti\u00e1n Negr\u00f3n Reichard, dijo que no se revocar\u00e1 el decreto contributivo al exdirectivo de Bater\u00edas de El Salvador (BAES), conocida como Bater\u00edas R\u00e9cord, luego que revisara el expediente del tambi\u00e9n socio de la firma de inversiones Caoba Capital porque supuestamente, se elimin\u00f3 la alerta roja que la <a href=\"https:\/\/www.elnuevodia.com\/topicos\/interpol\/\" rel><b>Interpol<\/b><\/a> manten\u00eda sobre el salvadore\u00f1o y no aparece registro de delitos por el que haya sido convicto.<\/p>\n<p>\u201cNosotros finalmente estamos pendientes, pero la realidad es que la alerta roja que ten\u00eda la <a href=\"https:\/\/www.elnuevodia.com\/topicos\/interpol\/\" rel><b>Interpol<\/b><\/a><b> <\/b>contra este caso, se elimin\u00f3, se quit\u00f3. Nosotros en este momento no tenemos ninguna raz\u00f3n para entender que la persona ha sido convicta o que tiene que cumplir alguna sentencia, as\u00ed que el decreto sigue su transcurso normal\u201d, indic\u00f3 Negr\u00f3n Reichard.<\/p>\n<p><b>\u201cEn este pa\u00eds y en Estados Unidos es <\/b><i><b>innocent until proven guilty<\/b><\/i><b> (inocente hasta que se pruebe culpabilidad), no podemos movernos a remover el decreto hasta que tengamos una raz\u00f3n contundente para hacerlo\u201d,<\/b> sostuvo el secretario.<\/p>\n<div>\n<p>El Nuevo D\u00eda revel\u00f3 la aprobaci\u00f3n del decreto a favor de Gurdi\u00e1n Lacayo el pasado 30 de junio, cuando report\u00f3 que <a href=\"https:\/\/www.elnuevodia.com\/negocios\/economia\/notas\/empresario-salvadoreno-obtuvo-decreto-bajo-la-ley-60-mientras-estaba-preso-en-colombia\/\" target=\"_blank\" rel=\"noreferrer\" title=\"https:\/\/www.elnuevodia.com\/negocios\/economia\/notas\/empresario-salvadoreno-obtuvo-decreto-bajo-la-ley-60-mientras-estaba-preso-en-colombia\/\">el hombre hab\u00eda adquirido una propiedad en el complejo de lujo<\/a> St. Regis en R\u00edo Grande.<\/p>\n<\/div>\n<p>A pesar de que el funcionario mencion\u00f3 que no hab\u00eda cargos o que Gurdi\u00e1n Lacayo hab\u00eda sido convicto al momento que se otorg\u00f3 el decreto bajo la Ley 60-2019, el 1 de marzo de 2024, el diario colombiano <a href=\"https:\/\/casaeditorialeltiempo.pressreader.com\/article\/281483576148138\" rel>El Tiempo<\/a> report\u00f3 ese mismo a\u00f1o que Gurdi\u00e1n estuvo preso, tres meses, en La Picota, la c\u00e1rcel m\u00e1s grande de Colombia, disputando la extradici\u00f3n a El Salvador por supuestos cr\u00edmenes ambientales.<\/p>\n<p>Tambi\u00e9n trascendi\u00f3 que, desde el 2009, la Fiscal\u00eda de El Salvador lo hab\u00eda declarado <a href=\"https:\/\/www.fiscalia.gob.sv\/fgr-logra-juzgado-ordene-abrir-juicio-baterias-record-lesiones-graves\/\" rel>pr\u00f3fugo de la justicia<\/a>, seg\u00fan rese\u00f1as de El Nuevo D\u00eda.<\/p>\n<p>Las acusaciones contra Gurdi\u00e1n Lacayo est\u00e1n relacionadas a un desastre ambiental provocado por Bater\u00edas R\u00e9cord y que result\u00f3 en la contaminaci\u00f3n con plomo de cuerpos de agua, lo que ha afectado <a href=\"https:\/\/efeverde.com\/salvadorenos-reclaman-profugos-ambientales-los-ee-uu\/\" rel>a miles de personas <\/a>en la comunidad Sitio del Ni\u00f1o, en El Salvador y a los trabajadores de la f\u00e1brica, seg\u00fan informes de <a href=\"https:\/\/www.laprensagrafica.com\/elsalvador\/Denuncian-falta-de-informacion-e-irregularidades-en-caso-por-contaminacion-con-plomo-en-Sitio-del-Nino-20240509-0024.html\" rel>prensa<\/a> y de las autoridades salvadore\u00f1as.<\/p>\n<p>Incluso, la Comisi\u00f3n Interamericana de Derechos Humanos, adscrita a la Organizaci\u00f3n de Estados Americanos (OEA), ha investigado el caso y concluido la violaci\u00f3n de derechos humanos.<\/p>\n<p>Negr\u00f3n Reichard asegur\u00f3 que la agencia est\u00e1 \u201cevaluando y fiscalizando\u201d el decreto del empresario salvadore\u00f1o del mismo modo en que se eval\u00faa el resto de los decretos, con los informes anuales que tienen que radicar todos los beneficiarios de la Ley 60.<\/p>\n<p>Seg\u00fan la informaci\u00f3n compartida por el DDEC, el informe de 2024 presentado por Gurdi\u00e1n Lacayo Lacayo est\u00e1 vigente hasta el pr\u00f3ximo noviembre. Ese mes debe presentarse el nuevo informe.<\/p>\n<p><b>\u201cNosotros vamos a estar fiscalizando a trav\u00e9s de su reporte anual, si hay algo que nos levante alguna bandera roja, pero por m\u00e1s que el <\/b><i><b>background check<\/b><\/i><b> (verificaci\u00f3n de antecedentes) no indicaba nada, igual hicimos el an\u00e1lisis y esta persona no fue convicta y la alerta roja de la Interpol se levant\u00f3\u201d<\/b>, insisti\u00f3 Negr\u00f3n Reichard.<\/p>\n<p>La solicitud de decreto tiene un costo de radicaci\u00f3n de $5,005, y requiere que la persona divulgue si es objeto de una investigaci\u00f3n criminal o ha sido acusada, inform\u00f3 recientemente Ernesto Zayas Garc\u00eda, director de la Oficina de Incentivos del DDEC.<\/p>\n<p>La solicitud de Gurdi\u00e1n Lacayo incluy\u00f3 un certificado de antecedentes penales de Puerto Rico, donde se radic\u00f3 en 2023, y otro del estado de Florida, donde el inversionista resid\u00eda antes de mudarse a la isla.<\/p>\n<p>La firma contratada por el DDEC para hacer el <i>background check<\/i> en el a\u00f1o fiscal 2023-2024 fue Refinitiv.<\/p>\n<\/div>\n\n    <div class=\"xs_social_share_widget xs_share_url after_content \t\tmain_content  wslu-style-1 wslu-share-box-shaped wslu-fill-colored wslu-none wslu-share-horizontal wslu-theme-font-no wslu-main_content\">\n\n\t\t\n        <ul>\n\t\t\t        <\/ul>\n    <\/div> \n","protected":false},"excerpt":{"rendered":"<p>El Departamento de Desarrollo Econ\u00f3mico y Comercio (DDEC) mantiene vigente el decreto contributivo del empresario salvadore\u00f1o Jos\u00e9 Ofilio Gurdi\u00e1n Lacayo, quien se alega est\u00e1 relacionado a uno de los desastres ambientales m\u00e1s grandes de El Salvador y obtuvo un decreto bajo la Ley 60 ahora parte de la Ley 60, mientras estuvo preso en Colombia.<\/p>\n","protected":false},"author":2,"featured_media":6325,"comment_status":"open","ping_status":"open","sticky":false,"template":"","format":"standard","meta":{"om_disable_all_campaigns":false,"_monsterinsights_skip_tracking":false,"_monsterinsights_sitenote_active":false,"_monsterinsights_sitenote_note":"","_monsterinsights_sitenote_category":0,"footnotes":""},"categories":[5],"tags":[],"class_list":["post-6324","post","type-post","status-publish","format-standard","has-post-thumbnail","hentry","category-negocios"],"aioseo_notices":[],"_links":{"self":[{"href":"https:\/\/aleeknews.com\/4l33k5\/wp-json\/wp\/v2\/posts\/6324","targetHints":{"allow":["GET"]}}],"collection":[{"href":"https:\/\/aleeknews.com\/4l33k5\/wp-json\/wp\/v2\/posts"}],"about":[{"href":"https:\/\/aleeknews.com\/4l33k5\/wp-json\/wp\/v2\/types\/post"}],"author":[{"embeddable":true,"href":"https:\/\/aleeknews.com\/4l33k5\/wp-json\/wp\/v2\/users\/2"}],"replies":[{"embeddable":true,"href":"https:\/\/aleeknews.com\/4l33k5\/wp-json\/wp\/v2\/comments?post=6324"}],"version-history":[{"count":0,"href":"https:\/\/aleeknews.com\/4l33k5\/wp-json\/wp\/v2\/posts\/6324\/revisions"}],"wp:featuredmedia":[{"embeddable":true,"href":"https:\/\/aleeknews.com\/4l33k5\/wp-json\/wp\/v2\/media\/6325"}],"wp:attachment":[{"href":"https:\/\/aleeknews.com\/4l33k5\/wp-json\/wp\/v2\/media?parent=6324"}],"wp:term":[{"taxonomy":"category","embeddable":true,"href":"https:\/\/aleeknews.com\/4l33k5\/wp-json\/wp\/v2\/categories?post=6324"},{"taxonomy":"post_tag","embeddable":true,"href":"https:\/\/aleeknews.com\/4l33k5\/wp-json\/wp\/v2\/tags?post=6324"}],"curies":[{"name":"wp","href":"https:\/\/api.w.org\/{rel}","templated":true}]}}