{"id":6311,"date":"2025-07-25T13:19:47","date_gmt":"2025-07-25T11:19:47","guid":{"rendered":"https:\/\/aleeknews.com\/4l33k5\/2025\/07\/25\/joaquin-el-chapo-guzman-una-leyenda-narco-que-nacio-en-sinaloa-y-acabo-en-nueva-york\/"},"modified":"2025-07-25T13:19:47","modified_gmt":"2025-07-25T11:19:47","slug":"joaquin-el-chapo-guzman-una-leyenda-narco-que-nacio-en-sinaloa-y-acabo-en-nueva-york","status":"publish","type":"post","link":"https:\/\/aleeknews.com\/4l33k5\/2025\/07\/25\/joaquin-el-chapo-guzman-una-leyenda-narco-que-nacio-en-sinaloa-y-acabo-en-nueva-york\/","title":{"rendered":"Joaqu\u00edn &#8220;El Chapo&#8221; Guzm\u00e1n, una leyenda narco que naci\u00f3 en Sinaloa y acab\u00f3 en Nueva York"},"content":{"rendered":"<div>\n<div data-fusion-lazy-id=\"f0fQYcNoHQKSGL\">\n<div class>\n<p><a href=\"https:\/\/thetrustproject.org\/\"><img decoding=\"async\" src=\"https:\/\/www.elnuevodia.com\/pf\/resources\/v2\/icons\/trust-icon.svg?d=202\"><\/a><\/p>\n<div>\n<p>Se adhiere a los criterios de The Trust Project<\/p>\n<\/div>\n<\/div>\n<div>\n<h2>La Justicia estadounidense lo hall\u00f3 culpable de 10 cargos de narcotr\u00e1fico y qued\u00f3 expuesto a una sentencia obligatoria de cadena perpetua<\/h2>\n<div>\n<p>12 de febrero de 2019 &#8211; 3:57 PM<\/p>\n<\/div>\n<div>\n<p><b>Nota de archivo<\/b><\/p>\n<p>Esta historia fue publicada hace m\u00e1s de 6 a\u00f1os.<\/p>\n<\/div>\n<\/div>\n<\/div>\n<div data-fusion-lazy-id=\"f0fIYaQF9GLV14D\">\n<div><picture><source media=\"(max-width: 375px)\" ><source media=\"(max-width: 767px)\" ><source media=\"(max-width: 1023px)\" ><source ><\/picture><figcaption>&#8220;El Chapo&#8221; fue extraditado a los Estados Unidos en 2017. (EFE) <\/figcaption><\/div>\n<div>\n<p><strong>Ciudad de M\u00e9xico &#8211;\u00a0<a href=\"https:\/\/www.elnuevodia.com\/topicos\/joaquinelchapoguzman\/\" target=\"_blank\">Joaqu\u00edn &#8220;El Chapo&#8221; Guzm\u00e1n<\/a><\/strong>, l\u00edder del <strong>c\u00e1rtel de Sinaloa<\/strong>, pr\u00f3fugo legendario y el capo m\u00e1s poderoso y escurridizo de M\u00e9xico, fue recapturado en 2016 despu\u00e9s de haber protagonizado su segunda fuga espectacular de una c\u00e1rcel mexicana de m\u00e1xima seguridad y extraditado a los Estados Unidos, unos meses m\u00e1s tarde, ya en 2017.<\/p>\n<\/div>\n<\/div>\n<section>\n<header><span>Popular en la Comunidad<\/span><\/header>\n<\/section>\n<\/div>\n\n    <div class=\"xs_social_share_widget xs_share_url after_content \t\tmain_content  wslu-style-1 wslu-share-box-shaped wslu-fill-colored wslu-none wslu-share-horizontal wslu-theme-font-no wslu-main_content\">\n\n\t\t\n        <ul>\n\t\t\t        <\/ul>\n    <\/div> \n","protected":false},"excerpt":{"rendered":"<p>Se adhiere a los criterios de The Trust Project La Justicia estadounidense lo hall\u00f3 culpable de 10 cargos de narcotr\u00e1fico y qued\u00f3 expuesto a una sentencia obligatoria de cadena perpetua 12 de febrero de 2019 &#8211; 3:57 PM Nota de archivo Esta historia fue publicada hace m\u00e1s de 6 a\u00f1os. &#8220;El Chapo&#8221; fue extraditado a<\/p>\n","protected":false},"author":2,"featured_media":6312,"comment_status":"open","ping_status":"open","sticky":false,"template":"","format":"standard","meta":{"om_disable_all_campaigns":false,"_monsterinsights_skip_tracking":false,"_monsterinsights_sitenote_active":false,"_monsterinsights_sitenote_note":"","_monsterinsights_sitenote_category":0,"footnotes":""},"categories":[10],"tags":[],"class_list":["post-6311","post","type-post","status-publish","format-standard","has-post-thumbnail","hentry","category-mundo"],"aioseo_notices":[],"_links":{"self":[{"href":"https:\/\/aleeknews.com\/4l33k5\/wp-json\/wp\/v2\/posts\/6311","targetHints":{"allow":["GET"]}}],"collection":[{"href":"https:\/\/aleeknews.com\/4l33k5\/wp-json\/wp\/v2\/posts"}],"about":[{"href":"https:\/\/aleeknews.com\/4l33k5\/wp-json\/wp\/v2\/types\/post"}],"author":[{"embeddable":true,"href":"https:\/\/aleeknews.com\/4l33k5\/wp-json\/wp\/v2\/users\/2"}],"replies":[{"embeddable":true,"href":"https:\/\/aleeknews.com\/4l33k5\/wp-json\/wp\/v2\/comments?post=6311"}],"version-history":[{"count":0,"href":"https:\/\/aleeknews.com\/4l33k5\/wp-json\/wp\/v2\/posts\/6311\/revisions"}],"wp:featuredmedia":[{"embeddable":true,"href":"https:\/\/aleeknews.com\/4l33k5\/wp-json\/wp\/v2\/media\/6312"}],"wp:attachment":[{"href":"https:\/\/aleeknews.com\/4l33k5\/wp-json\/wp\/v2\/media?parent=6311"}],"wp:term":[{"taxonomy":"category","embeddable":true,"href":"https:\/\/aleeknews.com\/4l33k5\/wp-json\/wp\/v2\/categories?post=6311"},{"taxonomy":"post_tag","embeddable":true,"href":"https:\/\/aleeknews.com\/4l33k5\/wp-json\/wp\/v2\/tags?post=6311"}],"curies":[{"name":"wp","href":"https:\/\/api.w.org\/{rel}","templated":true}]}}