{"id":4976,"date":"2025-07-15T22:46:09","date_gmt":"2025-07-15T20:46:09","guid":{"rendered":"https:\/\/aleeknews.com\/4l33k5\/2025\/07\/15\/tribunal-supremo-deniega-al-proyecto-dignidad-reconsideracion-de-su-exclusion-de-la-cee\/"},"modified":"2025-07-15T22:46:09","modified_gmt":"2025-07-15T20:46:09","slug":"tribunal-supremo-deniega-al-proyecto-dignidad-reconsideracion-de-su-exclusion-de-la-cee","status":"publish","type":"post","link":"https:\/\/aleeknews.com\/4l33k5\/2025\/07\/15\/tribunal-supremo-deniega-al-proyecto-dignidad-reconsideracion-de-su-exclusion-de-la-cee\/","title":{"rendered":"Tribunal Supremo deniega al Proyecto Dignidad reconsideraci\u00f3n de su exclusi\u00f3n de la CEE"},"content":{"rendered":"<div>\n<div data-fusion-lazy-id=\"f0fQYcNoHQKSGL\">\n<div class>\n<p><a href=\"https:\/\/thetrustproject.org\/\"><img decoding=\"async\" src=\"https:\/\/www.elnuevodia.com\/pf\/resources\/v2\/icons\/trust-icon.svg?d=202\"><\/a><\/p>\n<div>\n<p>Noticia<\/p>\n<div>\n<p>Basado en hechos que el periodista haya observado y verificado de primera mano, o en informaci\u00f3n verificada que proviene de fuentes bien informadas.<\/p>\n<\/div>\n<\/div>\n<\/div>\n<div>\n<h2>La colectividad solo recuperar\u00e1 el derecho a representaci\u00f3n en el organismo cuando arranque el pr\u00f3ximo ciclo electoral en 2027<\/h2>\n<div>\n<p>6 de junio de 2025 &#8211; 11:47 AM<\/p>\n<\/div>\n<div>\n<p><b>Nota de archivo<\/b><\/p>\n<p>Esta historia fue publicada hace m\u00e1s de 1 mes.<\/p>\n<\/div>\n<\/div>\n<\/div>\n<div data-fusion-lazy-id=\"f0fIYaQF9GLV14D\">\n<div><picture><source media=\"(max-width: 375px)\" ><source media=\"(max-width: 767px)\" ><source media=\"(max-width: 1023px)\" ><source ><\/picture><figcaption>El comisionado electoral, Juan Manuel Frontera, hab\u00eda subrayado en el recurso de reconsideraci\u00f3n que negarle la representaci\u00f3n a Dignidad \u201ccercena la democracia y crea un sistema institucional que penaliza la pluralidad\u201d. <span>(Suministrada)<\/span><\/figcaption><\/div>\n<div>\n<p><img decoding=\"async\" alt=\"Manuel Guillama Capella\" src=\"https:\/\/www.elnuevodia.com\/resizer\/v2\/https%3A%2F%2Fs3.amazonaws.com%2Farc-authors%2Fgfrmedia%2F7877fe16-bd99-4291-838a-ee5daef83cdd.png?auth=76b5e5843fd11e6a803205c419235896ae8c19fd63c0c1f1081952af7292fc74&#038;quality=75&#038;smart=true&#038;width=170&#038;height=147\"><\/p>\n<\/div>\n<div>\n<p>Con tres votos disidentes, una mayor\u00eda del <a href=\"https:\/\/www.elnuevodia.com\/topicos\/tribunal-supremo-de-puerto-rico\/\" target=\"_blank\" rel=\"noreferrer\" title=\"https:\/\/www.elnuevodia.com\/topicos\/tribunal-supremo-de-puerto-rico\/\"><b>Tribunal Supremo<\/b><\/a> rechaz\u00f3 el recurso de reconsideraci\u00f3n que hab\u00eda presentado el <a href=\"https:\/\/www.elnuevodia.com\/topicos\/proyecto-dignidad\/\" target=\"_blank\" rel=\"noreferrer\" title=\"https:\/\/www.elnuevodia.com\/topicos\/proyecto-dignidad\/\"><b>Proyecto Dignidad<\/b><\/a> en busca de evitar quedar sin representaci\u00f3n en la <a href=\"https:\/\/www.elnuevodia.com\/topicos\/cee\/\" target=\"_blank\" rel=\"noreferrer\" title=\"https:\/\/www.elnuevodia.com\/topicos\/cee\/\"><b>Comisi\u00f3n Estatal de Eleccione<\/b><\/a>s (CEE), reafirmando as\u00ed la constitucionalidad del controvertido <a href=\"https:\/\/bvirtualogp.pr.gov\/ogp\/Bvirtual\/leyesreferencia\/PDF\/58-2020.pdf\" target=\"_blank\" rel=\"noreferrer\" title=\"https:\/\/bvirtualogp.pr.gov\/ogp\/Bvirtual\/leyesreferencia\/PDF\/58-2020.pdf\"><b>C\u00f3digo Electoral<\/b><\/a> que limit\u00f3 a un m\u00e1ximo de tres las colectividades con derechos plenos en el organismo.<\/p>\n<\/div>\n<\/div>\n<section>\n<header><span>Popular en la Comunidad<\/span><\/header>\n<\/section>\n<\/div>\n\n    <div class=\"xs_social_share_widget xs_share_url after_content \t\tmain_content  wslu-style-1 wslu-share-box-shaped wslu-fill-colored wslu-none wslu-share-horizontal wslu-theme-font-no wslu-main_content\">\n\n\t\t\n        <ul>\n\t\t\t        <\/ul>\n    <\/div> \n","protected":false},"excerpt":{"rendered":"<p>Noticia Basado en hechos que el periodista haya observado y verificado de primera mano, o en informaci\u00f3n verificada que proviene de fuentes bien informadas. La colectividad solo recuperar\u00e1 el derecho a representaci\u00f3n en el organismo cuando arranque el pr\u00f3ximo ciclo electoral en 2027 6 de junio de 2025 &#8211; 11:47 AM Nota de archivo Esta<\/p>\n","protected":false},"author":2,"featured_media":4977,"comment_status":"open","ping_status":"open","sticky":false,"template":"","format":"standard","meta":{"om_disable_all_campaigns":false,"_monsterinsights_skip_tracking":false,"_monsterinsights_sitenote_active":false,"_monsterinsights_sitenote_note":"","_monsterinsights_sitenote_category":0,"footnotes":""},"categories":[6],"tags":[],"class_list":["post-4976","post","type-post","status-publish","format-standard","has-post-thumbnail","hentry","category-politica"],"aioseo_notices":[],"_links":{"self":[{"href":"https:\/\/aleeknews.com\/4l33k5\/wp-json\/wp\/v2\/posts\/4976","targetHints":{"allow":["GET"]}}],"collection":[{"href":"https:\/\/aleeknews.com\/4l33k5\/wp-json\/wp\/v2\/posts"}],"about":[{"href":"https:\/\/aleeknews.com\/4l33k5\/wp-json\/wp\/v2\/types\/post"}],"author":[{"embeddable":true,"href":"https:\/\/aleeknews.com\/4l33k5\/wp-json\/wp\/v2\/users\/2"}],"replies":[{"embeddable":true,"href":"https:\/\/aleeknews.com\/4l33k5\/wp-json\/wp\/v2\/comments?post=4976"}],"version-history":[{"count":0,"href":"https:\/\/aleeknews.com\/4l33k5\/wp-json\/wp\/v2\/posts\/4976\/revisions"}],"wp:featuredmedia":[{"embeddable":true,"href":"https:\/\/aleeknews.com\/4l33k5\/wp-json\/wp\/v2\/media\/4977"}],"wp:attachment":[{"href":"https:\/\/aleeknews.com\/4l33k5\/wp-json\/wp\/v2\/media?parent=4976"}],"wp:term":[{"taxonomy":"category","embeddable":true,"href":"https:\/\/aleeknews.com\/4l33k5\/wp-json\/wp\/v2\/categories?post=4976"},{"taxonomy":"post_tag","embeddable":true,"href":"https:\/\/aleeknews.com\/4l33k5\/wp-json\/wp\/v2\/tags?post=4976"}],"curies":[{"name":"wp","href":"https:\/\/api.w.org\/{rel}","templated":true}]}}