{"id":30490,"date":"2026-09-06T17:47:31","date_gmt":"2026-09-06T21:47:31","guid":{"rendered":"https:\/\/aleeknews.com\/4l33k5\/2026\/09\/06\/mas-del-10-de-la-energia-electrica-que-se-consume-en-puerto-rico-proviene-de-placas-solares-en-los-hogares\/"},"modified":"2026-09-06T17:47:31","modified_gmt":"2026-09-06T21:47:31","slug":"mas-del-10-de-la-energia-electrica-que-se-consume-en-puerto-rico-proviene-de-placas-solares-en-los-hogares","status":"publish","type":"post","link":"https:\/\/aleeknews.com\/4l33k5\/2026\/09\/06\/mas-del-10-de-la-energia-electrica-que-se-consume-en-puerto-rico-proviene-de-placas-solares-en-los-hogares\/","title":{"rendered":"M\u00e1s del 10% de la energ\u00eda el\u00e9ctrica que se consume en Puerto Rico proviene de placas solares en los hogares"},"content":{"rendered":"<div>\n<div data-fusion-lazy-id=\"f0f5G41E11Y61Ck\">\n<div data-testid=\"global-header-test\">\n<hr>\n<p><span>Bolsa de valores <b>09:47 PM<\/b><\/span><\/p>\n<\/div>\n<div data-testid=\"test-post-copy\">\n<div>\n<p>S&#038;P 500 &#8211; (CFD)<\/p>\n<p>7572.40<\/p>\n<p>0.38%<\/p>\n<\/div>\n<p><span> \u00b7 <\/span><\/p>\n<p><span> \u00b7 <\/span><\/p>\n<\/div>\n<\/div>\n<div>\n<div data-fusion-lazy-id=\"f0f9tfiOw0362nv\">\n<div class>\n<p><a href=\"https:\/\/thetrustproject.org\/\"><img decoding=\"async\" src=\"https:\/\/www.elnuevodia.com\/pf\/resources\/v2\/icons\/trust-icon.svg?d=247\"><\/a><\/p>\n<div>\n<p>Noticia<\/p>\n<div>\n<p>Basado en hechos que el periodista haya observado y verificado de primera mano, o en informaci\u00f3n verificada que proviene de fuentes bien informadas.<\/p>\n<\/div>\n<\/div>\n<\/div>\n<div>\n<h2>El Instituto de An\u00e1lisis Econ\u00f3mico y Financiero de la Energ\u00eda anticip\u00f3 que el n\u00famero continuar\u00e1 incrementando r\u00e1pidamente <\/h2>\n<div>\n<p>12 de septiembre de 2025 &#8211; 8:00 AM<\/p>\n<\/div>\n<div>\n<p><b>Archivo<\/b><\/p>\n<p>Esta historia fue publicada hace m\u00e1s de 11 meses.<\/p>\n<\/div>\n<\/div>\n<\/div>\n<div data-fusion-lazy-id=\"f0f8wxHIPTYNet\">\n<div><picture><source media=\"(max-width: 375px)\" ><source media=\"(max-width: 767px)\" ><source media=\"(max-width: 1023px)\" ><source ><\/picture><figcaption>El n\u00famero de instalaciones residenciales de placas solares asciende a 163,000. <span>(Carlos Giusti\/Staff)<\/span><\/figcaption><\/div>\n<div>\n<p><img decoding=\"async\" alt=\"Jos\u00e9 Orlando Delgado Rivera\" src=\"https:\/\/www.elnuevodia.com\/resizer\/v2\/https%3A%2F%2Fauthor-service-images-prod-us-east-1.publishing.aws.arc.pub%2Fgfrmedia%2F2b8b5e66-e7c1-4688-835e-191edae0ddfc.png?auth=5b4a7e8f482dddd87f58128de8eceac558550d1b57d5661fab3e195e38c75053&#038;quality=75&#038;smart=true&#038;width=170&#038;height=147\"><\/p>\n<\/div>\n<div>\n<p>M\u00e1s del 10% de la energ\u00eda el\u00e9ctrica que se consume en Puerto Rico proviene de sistemas de placas solares instalados en miles de hogares alrededor de la isla, report\u00f3 el <a href=\"https:\/\/www.elnuevodia.com\/topicos\/instituto-de-economia-energetica-y-analisis-financiero\/\" target=\"_blank\" rel=\"noreferrer\" title=\"https:\/\/www.elnuevodia.com\/topicos\/instituto-de-economia-energetica-y-analisis-financiero\/\">Instituto de An\u00e1lisis Econ\u00f3mico y Financiero de la Energ\u00eda<\/a> (Ieefa, por sus siglas en ingl\u00e9s).<\/p>\n<\/div>\n<\/div>\n<section>\n<header><span>Popular en la Comunidad<\/span><\/header>\n<\/section>\n<\/div>\n<\/div>\n\n    <div class=\"xs_social_share_widget xs_share_url after_content \t\tmain_content  wslu-style-1 wslu-share-box-shaped wslu-fill-colored wslu-none wslu-share-horizontal wslu-theme-font-no wslu-main_content\">\n\n\t\t\n        <ul>\n\t\t\t        <\/ul>\n    <\/div> \n","protected":false},"excerpt":{"rendered":"<p>Bolsa de valores 09:47 PM S&amp;P 500 &#8211; (CFD) 7572.40 0.38% \u00b7 \u00b7 Noticia Basado en hechos que el periodista haya observado y verificado de primera mano, o en informaci\u00f3n verificada que proviene de fuentes bien informadas. El Instituto de An\u00e1lisis Econ\u00f3mico y Financiero de la Energ\u00eda anticip\u00f3 que el n\u00famero continuar\u00e1 incrementando r\u00e1pidamente 12<\/p>\n","protected":false},"author":2,"featured_media":30491,"comment_status":"open","ping_status":"open","sticky":false,"template":"","format":"standard","meta":{"om_disable_all_campaigns":false,"_monsterinsights_skip_tracking":false,"footnotes":""},"categories":[5],"tags":[],"class_list":["post-30490","post","type-post","status-publish","format-standard","has-post-thumbnail","hentry","category-negocios"],"aioseo_notices":[],"_links":{"self":[{"href":"https:\/\/aleeknews.com\/4l33k5\/wp-json\/wp\/v2\/posts\/30490","targetHints":{"allow":["GET"]}}],"collection":[{"href":"https:\/\/aleeknews.com\/4l33k5\/wp-json\/wp\/v2\/posts"}],"about":[{"href":"https:\/\/aleeknews.com\/4l33k5\/wp-json\/wp\/v2\/types\/post"}],"author":[{"embeddable":true,"href":"https:\/\/aleeknews.com\/4l33k5\/wp-json\/wp\/v2\/users\/2"}],"replies":[{"embeddable":true,"href":"https:\/\/aleeknews.com\/4l33k5\/wp-json\/wp\/v2\/comments?post=30490"}],"version-history":[{"count":0,"href":"https:\/\/aleeknews.com\/4l33k5\/wp-json\/wp\/v2\/posts\/30490\/revisions"}],"wp:featuredmedia":[{"embeddable":true,"href":"https:\/\/aleeknews.com\/4l33k5\/wp-json\/wp\/v2\/media\/30491"}],"wp:attachment":[{"href":"https:\/\/aleeknews.com\/4l33k5\/wp-json\/wp\/v2\/media?parent=30490"}],"wp:term":[{"taxonomy":"category","embeddable":true,"href":"https:\/\/aleeknews.com\/4l33k5\/wp-json\/wp\/v2\/categories?post=30490"},{"taxonomy":"post_tag","embeddable":true,"href":"https:\/\/aleeknews.com\/4l33k5\/wp-json\/wp\/v2\/tags?post=30490"}],"curies":[{"name":"wp","href":"https:\/\/api.w.org\/{rel}","templated":true}]}}