{"id":30457,"date":"2026-09-06T09:44:29","date_gmt":"2026-09-06T13:44:29","guid":{"rendered":"https:\/\/aleeknews.com\/4l33k5\/2026\/09\/06\/opinion-el-zar-de-la-energia-una-historia-de-fantasmas\/"},"modified":"2026-09-06T09:44:29","modified_gmt":"2026-09-06T13:44:29","slug":"opinion-el-zar-de-la-energia-una-historia-de-fantasmas","status":"publish","type":"post","link":"https:\/\/aleeknews.com\/4l33k5\/2026\/09\/06\/opinion-el-zar-de-la-energia-una-historia-de-fantasmas\/","title":{"rendered":"Opini\u00f3n | El zar de la Energ\u00eda: una historia de fantasmas"},"content":{"rendered":"<div>\n<div data-fusion-lazy-id=\"f0fW0AnQWGof2kd\">\n<div>\n<p>OPINI\u00d3N<\/p>\n<div>\n<p>Antes que llegue el lunes<\/p>\n<hr>\n<\/div>\n<\/div>\n<div class>\n<p>Opini\u00f3n<\/p>\n<div>\n<p>Explica ideas y extrae conclusiones basadas en la interpretaci\u00f3n de hechos y datos.<\/p>\n<\/div>\n<\/div>\n<div>\n<h2>En todo este cuento de misterio \u2014y horror\u2014 el zar de la Energ\u00eda, Josu\u00e9 Col\u00f3n, ha puesto su granito de arena, escribe Mayra Montero<\/h2>\n<div>\n<p>6 de septiembre de 2026 &#8211; 11:10 PM<\/p>\n<\/div>\n<\/div>\n<div>\n<p>Las opiniones expresadas en este art\u00edculo son \u00fanicamente del autor y no reflejan las opiniones y creencias de El Nuevo D\u00eda o sus afiliados.<\/p>\n<\/div>\n<\/div>\n<div data-fusion-lazy-id=\"f0f0LDhCGuW61Yy\">\n<div><picture><source media=\"(max-width: 375px)\" ><source media=\"(max-width: 767px)\" ><source media=\"(max-width: 1023px)\" ><source ><\/picture><figcaption>En todo este cuento de misterio \u2014y horror\u2014 el zar de la Energ\u00eda, Josu\u00e9 Col\u00f3n, ha puesto su granito de arena. \u00c9l sigue insistiendo en que \u00e9l no sab\u00eda ni papa. Vendr\u00eda a ser el primer zar en la historia que no sabe lo que ocurre en su extenso territorio, afirma Mayra Montero. <span>(Pablo Mart\u00ednez Rodr\u00edguez)<\/span><\/figcaption><\/div>\n<div>\n<p>Este jueves nos hemos levantado con la noticia de que la compa\u00f1\u00eda Power Expectations ha demandado a la Autoridad de Energ\u00eda El\u00e9ctrica (AEE) para que, aparte de restituir su contrato, le asignen una compensaci\u00f3n econ\u00f3mica, supongo que por los \u201csufrimientos\u201d padecidos en estas pasadas semanas. <\/p>\n<\/div>\n<\/div>\n<div>\n<p><b>Gu\u00edas de Opini\u00f3n<\/b><\/p>\n<p>Las columnas deben enviarse a Gerardo Cordero: gerardo.cordero@gfrmedia.com. Las columnas tienen que ser de 300, 400 o 500 palabras. Al enviarnos su columna, el escritor concede a GFR Media una licencia exclusiva, perpetua, irrevocable, sublicenciable, mundial y libre de regal\u00edas para reproducir, copiar, distribuir, publicar, exhibir, preparar obras derivadas, traducir, sindicar, incluir en compilaciones u obras colectivas, y de cualquier otro modo de forma general utilizar su columna (en todo o en parte), sin reserva ni limitaci\u00f3n alguna, en cualquier medio (incluyendo pero sin limitarse, a las versiones impresas o digitales o en los sitios web o aplicaciones m\u00f3vil del peri\u00f3dico El Nuevo D\u00eda), forma, tecnolog\u00eda o m\u00e9todo conocido en el presente o que sea conocido, desarrollado o descubierto en el futuro. El autor acepta que GFR Media, LLC, podr\u00eda cobrar a los suscriptores las versiones digitales, sitios web o aplicaciones m\u00f3viles de GFR Media por el acceso a la columna. <\/p>\n<\/div>\n<section>\n<header><span>Popular en la Comunidad<\/span><\/header>\n<\/section>\n<\/div>\n\n    <div class=\"xs_social_share_widget xs_share_url after_content \t\tmain_content  wslu-style-1 wslu-share-box-shaped wslu-fill-colored wslu-none wslu-share-horizontal wslu-theme-font-no wslu-main_content\">\n\n\t\t\n        <ul>\n\t\t\t        <\/ul>\n    <\/div> \n","protected":false},"excerpt":{"rendered":"<p>OPINI\u00d3N Antes que llegue el lunes Opini\u00f3n Explica ideas y extrae conclusiones basadas en la interpretaci\u00f3n de hechos y datos. En todo este cuento de misterio \u2014y horror\u2014 el zar de la Energ\u00eda, Josu\u00e9 Col\u00f3n, ha puesto su granito de arena, escribe Mayra Montero 6 de septiembre de 2026 &#8211; 11:10 PM Las opiniones expresadas<\/p>\n","protected":false},"author":2,"featured_media":30458,"comment_status":"open","ping_status":"open","sticky":false,"template":"","format":"standard","meta":{"om_disable_all_campaigns":false,"_monsterinsights_skip_tracking":false,"footnotes":""},"categories":[30],"tags":[],"class_list":["post-30457","post","type-post","status-publish","format-standard","has-post-thumbnail","hentry","category-opinion"],"aioseo_notices":[],"_links":{"self":[{"href":"https:\/\/aleeknews.com\/4l33k5\/wp-json\/wp\/v2\/posts\/30457","targetHints":{"allow":["GET"]}}],"collection":[{"href":"https:\/\/aleeknews.com\/4l33k5\/wp-json\/wp\/v2\/posts"}],"about":[{"href":"https:\/\/aleeknews.com\/4l33k5\/wp-json\/wp\/v2\/types\/post"}],"author":[{"embeddable":true,"href":"https:\/\/aleeknews.com\/4l33k5\/wp-json\/wp\/v2\/users\/2"}],"replies":[{"embeddable":true,"href":"https:\/\/aleeknews.com\/4l33k5\/wp-json\/wp\/v2\/comments?post=30457"}],"version-history":[{"count":0,"href":"https:\/\/aleeknews.com\/4l33k5\/wp-json\/wp\/v2\/posts\/30457\/revisions"}],"wp:featuredmedia":[{"embeddable":true,"href":"https:\/\/aleeknews.com\/4l33k5\/wp-json\/wp\/v2\/media\/30458"}],"wp:attachment":[{"href":"https:\/\/aleeknews.com\/4l33k5\/wp-json\/wp\/v2\/media?parent=30457"}],"wp:term":[{"taxonomy":"category","embeddable":true,"href":"https:\/\/aleeknews.com\/4l33k5\/wp-json\/wp\/v2\/categories?post=30457"},{"taxonomy":"post_tag","embeddable":true,"href":"https:\/\/aleeknews.com\/4l33k5\/wp-json\/wp\/v2\/tags?post=30457"}],"curies":[{"name":"wp","href":"https:\/\/api.w.org\/{rel}","templated":true}]}}