{"id":30455,"date":"2026-09-06T09:44:30","date_gmt":"2026-09-06T13:44:30","guid":{"rendered":"https:\/\/aleeknews.com\/4l33k5\/2026\/09\/06\/opinion-curcuma-para-la-artritis\/"},"modified":"2026-09-06T09:44:30","modified_gmt":"2026-09-06T13:44:30","slug":"opinion-curcuma-para-la-artritis","status":"publish","type":"post","link":"https:\/\/aleeknews.com\/4l33k5\/2026\/09\/06\/opinion-curcuma-para-la-artritis\/","title":{"rendered":"Opini\u00f3n | C\u00farcuma para la artritis"},"content":{"rendered":"<div>\n<div data-fusion-lazy-id=\"f0fW0AnQWGof2kd\">\n<div class>\n<p>Opini\u00f3n<\/p>\n<div>\n<p>Explica ideas y extrae conclusiones basadas en la interpretaci\u00f3n de hechos y datos.<\/p>\n<\/div>\n<\/div>\n<div>\n<h2>Para las personas con osteoartritis de rodilla, los suplementos de c\u00farcuma constituyen una opci\u00f3n razonable y generalmente bien tolerada, escribe Fernando Cabanillas<\/h2>\n<div>\n<p>6 de septiembre de 2026 &#8211; 12:30 AM<\/p>\n<\/div>\n<\/div>\n<div>\n<p>Las opiniones expresadas en este art\u00edculo son \u00fanicamente del autor y no reflejan las opiniones y creencias de El Nuevo D\u00eda o sus afiliados.<\/p>\n<\/div>\n<\/div>\n<div data-fusion-lazy-id=\"f0f0LDhCGuW61Yy\">\n<div><picture><source media=\"(max-width: 375px)\" ><source media=\"(max-width: 767px)\" ><source media=\"(max-width: 1023px)\" ><source ><\/picture><figcaption>\u00bfAyuda realmente la c\u00farcuma? Los resultados de las investigaciones son alentadores. Un interesante ensayo cl\u00ednico publicado en el Journal of Orthopaedic Science intent\u00f3 contestar esa pregunta. Los investigadores japoneses estudiaron una preparaci\u00f3n denominada Theracurmin, explica Fernando Cabanillas. <span>(Jose R. Madera)<\/span><\/figcaption><\/div>\n<div>\n<p>La c\u00farcuma lleva siglos formando parte de la cocina tradicional asi\u00e1tica y de la medicina tradicional china. Es la especia responsable del caracter\u00edstico tono amarillo del curry, y su compuesto principal biol\u00f3gico, la curcumina, ha generado inter\u00e9s cient\u00edfico por sus posibles efectos antiinflamatorios, aunque no se absorbe bien en el intestino. Sin embargo, parece que no es necesario que la c\u00farcuma se absorba porque act\u00faa como un modulador ecol\u00f3gico de la flora intestinal, favoreciendo Lactobacillus y Bifidobacterium, mientras reduce las bacterias proinflamatorias. Adem\u00e1s, ocurre otro fen\u00f3meno interesante: la flora intestinal transforma la curcumina en otras mol\u00e9culas m\u00e1s activas, creando un circuito bidireccional que mejora el ecosistema intestinal. <\/p>\n<\/div>\n<\/div>\n<div>\n<p><b>Gu\u00edas de Opini\u00f3n<\/b><\/p>\n<p>Las columnas deben enviarse a Gerardo Cordero: gerardo.cordero@gfrmedia.com. Las columnas tienen que ser de 300, 400 o 500 palabras. Al enviarnos su columna, el escritor concede a GFR Media una licencia exclusiva, perpetua, irrevocable, sublicenciable, mundial y libre de regal\u00edas para reproducir, copiar, distribuir, publicar, exhibir, preparar obras derivadas, traducir, sindicar, incluir en compilaciones u obras colectivas, y de cualquier otro modo de forma general utilizar su columna (en todo o en parte), sin reserva ni limitaci\u00f3n alguna, en cualquier medio (incluyendo pero sin limitarse, a las versiones impresas o digitales o en los sitios web o aplicaciones m\u00f3vil del peri\u00f3dico El Nuevo D\u00eda), forma, tecnolog\u00eda o m\u00e9todo conocido en el presente o que sea conocido, desarrollado o descubierto en el futuro. El autor acepta que GFR Media, LLC, podr\u00eda cobrar a los suscriptores las versiones digitales, sitios web o aplicaciones m\u00f3viles de GFR Media por el acceso a la columna. <\/p>\n<\/div>\n<section>\n<header><span>Popular en la Comunidad<\/span><\/header>\n<\/section>\n<\/div>\n\n    <div class=\"xs_social_share_widget xs_share_url after_content \t\tmain_content  wslu-style-1 wslu-share-box-shaped wslu-fill-colored wslu-none wslu-share-horizontal wslu-theme-font-no wslu-main_content\">\n\n\t\t\n        <ul>\n\t\t\t        <\/ul>\n    <\/div> \n","protected":false},"excerpt":{"rendered":"<p>Opini\u00f3n Explica ideas y extrae conclusiones basadas en la interpretaci\u00f3n de hechos y datos. Para las personas con osteoartritis de rodilla, los suplementos de c\u00farcuma constituyen una opci\u00f3n razonable y generalmente bien tolerada, escribe Fernando Cabanillas 6 de septiembre de 2026 &#8211; 12:30 AM Las opiniones expresadas en este art\u00edculo son \u00fanicamente del autor y<\/p>\n","protected":false},"author":2,"featured_media":30456,"comment_status":"open","ping_status":"open","sticky":false,"template":"","format":"standard","meta":{"om_disable_all_campaigns":false,"_monsterinsights_skip_tracking":false,"footnotes":""},"categories":[30],"tags":[],"class_list":["post-30455","post","type-post","status-publish","format-standard","has-post-thumbnail","hentry","category-opinion"],"aioseo_notices":[],"_links":{"self":[{"href":"https:\/\/aleeknews.com\/4l33k5\/wp-json\/wp\/v2\/posts\/30455","targetHints":{"allow":["GET"]}}],"collection":[{"href":"https:\/\/aleeknews.com\/4l33k5\/wp-json\/wp\/v2\/posts"}],"about":[{"href":"https:\/\/aleeknews.com\/4l33k5\/wp-json\/wp\/v2\/types\/post"}],"author":[{"embeddable":true,"href":"https:\/\/aleeknews.com\/4l33k5\/wp-json\/wp\/v2\/users\/2"}],"replies":[{"embeddable":true,"href":"https:\/\/aleeknews.com\/4l33k5\/wp-json\/wp\/v2\/comments?post=30455"}],"version-history":[{"count":0,"href":"https:\/\/aleeknews.com\/4l33k5\/wp-json\/wp\/v2\/posts\/30455\/revisions"}],"wp:featuredmedia":[{"embeddable":true,"href":"https:\/\/aleeknews.com\/4l33k5\/wp-json\/wp\/v2\/media\/30456"}],"wp:attachment":[{"href":"https:\/\/aleeknews.com\/4l33k5\/wp-json\/wp\/v2\/media?parent=30455"}],"wp:term":[{"taxonomy":"category","embeddable":true,"href":"https:\/\/aleeknews.com\/4l33k5\/wp-json\/wp\/v2\/categories?post=30455"},{"taxonomy":"post_tag","embeddable":true,"href":"https:\/\/aleeknews.com\/4l33k5\/wp-json\/wp\/v2\/tags?post=30455"}],"curies":[{"name":"wp","href":"https:\/\/api.w.org\/{rel}","templated":true}]}}