{"id":30447,"date":"2026-09-05T19:42:06","date_gmt":"2026-09-05T23:42:06","guid":{"rendered":"https:\/\/aleeknews.com\/4l33k5\/2026\/09\/05\/cuatro-disenadores-emergentes-presentan-sus-colecciones-durante-la-semana-de-la-moda-en-nueva-york\/"},"modified":"2026-09-05T19:42:06","modified_gmt":"2026-09-05T23:42:06","slug":"cuatro-disenadores-emergentes-presentan-sus-colecciones-durante-la-semana-de-la-moda-en-nueva-york","status":"publish","type":"post","link":"https:\/\/aleeknews.com\/4l33k5\/2026\/09\/05\/cuatro-disenadores-emergentes-presentan-sus-colecciones-durante-la-semana-de-la-moda-en-nueva-york\/","title":{"rendered":"Cuatro dise\u00f1adores emergentes presentan sus colecciones durante la semana de la moda en Nueva York"},"content":{"rendered":"<div>\n<p>Tras completar sus cursos de costura en la <a href=\"https:\/\/academiacasalandron.com\/\" target=\"_self\" rel title=\"https:\/\/academiacasalandron.com\/\"><b>academia Casa Landr\u00f3n<\/b><\/a>, cuatro dise\u00f1adores emergentes presentar\u00e1n sus primeras colecciones en la galer\u00eda The Blanc, en Nueva York, durante la semana de la moda.<\/p>\n<p><b>G\u00e9nesis Batista, V\u00edctor Morales, Virgie Nieves y Yaidelis Negr\u00f3n<\/b> fueron seleccionados por su profesora, la experimentada dise\u00f1adora <b>Lilliam Landr\u00f3n<\/b>, quien identific\u00f3 en ellos dedicaci\u00f3n, seguridad y, por supuesto, talento.<\/p>\n<p><b>\u201cEstos estudiantes se merecen que uno los pueda llevar a algo m\u00e1s, no dejarlos ah\u00ed. [&#8230;] Va a ser un momento muy especial Para ellos, pero tambi\u00e9n un momento muy especial para la Academia Casa Landr\u00f3n\u201d<\/b>, expres\u00f3 la dise\u00f1adora.<\/p>\n<p>La oportunidad es parte de un programa de la academia de costura que cada a\u00f1o escoger\u00e1 a un grupo de cuatro estudiantes para que presenten cinco cambios durante el evento neoyorquino.<\/p>\n<div>\n<figure><picture><source media=\"(max-width: 375px)\" ><source media=\"(max-width: 767px)\" ><source media=\"(max-width: 1023px)\" ><source ><img src=\"https:\/\/www.elnuevodia.com\/resizer\/v2\/OVKRTIUFHFEAJBNAGVEIZE3F5A.jpeg?auth=eab94ab5e52a19d2402148a0d1dc6fcac3e3b25cb2e3d49326bb56fe8f01da3c&#038;quality=75&#038;width=829&#038;smart=true\" alt=\"La oportunidad es parte de un programa de la academia de costura que cada a\u00f1o escoger\u00e1 a un grupo de cuatro estudiantes para que presenten cinco cambios durante el evento neoyorquino.\nEn la foto: Lilliam Landr\u00f3n junto a sus estudiantes.\" loading=\"eager\" fetchpriority=\"high\" decoding=\"sync\"><\/picture><figcaption>La oportunidad es parte de un programa de la academia de costura que cada a\u00f1o escoger\u00e1 a un grupo de cuatro estudiantes para que presenten cinco cambios durante el evento neoyorquino.<br \/>\nEn la foto: Lilliam Landr\u00f3n junto a sus estudiantes. (Suministrada)<\/figcaption><\/figure>\n<\/div>\n<p>Aparte de la oportunidad de llevar sus dise\u00f1os a una de las capitales de la moda global, los dise\u00f1adores han tenido la gu\u00eda y mentor\u00eda de Landr\u00f3n. Desde llevar sus inspiraciones y bocetos hasta evaluar la construcci\u00f3n de las piezas, la dise\u00f1adora con casi cuatro d\u00e9cadas de experiencia les ha guiado para que lleven a Nueva York su mejor trabajo.<\/p>\n<p>\u201cLos ayudo, pero el dise\u00f1o es de ellos. Les puedo dar una opini\u00f3n por mi experiencia. Dentro de lo que ellos van a presentar, yo les voy a orientar, les voy a ense\u00f1ar c\u00f3mo hacerlo, si tienen alguna duda&#8230;<b>los felicito porque lo que he visto me ha gustado<\/b>\u201d, comparti\u00f3 Landr\u00f3n con <b>Magac\u00edn<\/b>.<\/p>\n<p>Todos los estudiantes seleccionados tomaron sus clases de costura y patronaje con Landr\u00f3n como mentora. Ver el desarrollo de sus pupilos, confes\u00f3, le enorgullese porque es el fruto del trabajo arduo y del profundo amor que comparten por la moda.<\/p>\n<p><b>\u201cQuiero dejar un legado que que sea de excelencia. Seg\u00fan yo pude, ellos tambi\u00e9n pueden\u201d<\/b>, comparti\u00f3 Landr\u00f3n, quien espera que sus estudiantes exploren sus pr\u00f3ximas oportunidades durante el viaje.<\/p>\n<p>\u201cLos sacrificios tienen su recompensa y la recompensa es el fruto que yo voy a ver el jueves 10 de septiembre en Nueva York. Esa va a ser mi recompensa, mi orgullo por esos cuatro y por todos los estudiantes, porque a eso vamos a dirigirlos a que lleven cada uno su l\u00ednea a otro nivel\u201d, agreg\u00f3.<\/p>\n<p>A continuaci\u00f3n las propuestas que presentar\u00e1n los cuatro dise\u00f1adores en las pasarela neoyorquinas: <\/p>\n<p><h4><b>G\u00e9nesis Batista<\/b><\/h4>\n<\/p>\n<div>\n<figure><picture><source media=\"(max-width: 375px)\" ><source media=\"(max-width: 767px)\" ><source media=\"(max-width: 1023px)\" ><source ><img src=\"https:\/\/www.elnuevodia.com\/resizer\/v2\/AO7DLPIEBNHYJPKGPCHHMIK5U4.jpg?auth=4f95ee47d616ba5f25e2ede298fe3d099f20e7c9075607adbebf31e07f34c059&#038;quality=75&#038;width=829&#038;smart=true\" alt=\"La dise\u00f1adora G\u00e9nesis Batista.\" loading=\"eager\" fetchpriority=\"high\" decoding=\"sync\"><\/picture><figcaption>La dise\u00f1adora G\u00e9nesis Batista. (Suministrada)<\/figcaption><\/figure>\n<\/div>\n<p><a href=\"https:\/\/www.instagram.com\/genesisbatista_pr\" target=\"_self\" rel title=\"https:\/\/www.instagram.com\/genesisbatista_pr\"><b>Batista<\/b><\/a><b> <\/b>define su estilo como uno tropical, elegante y femenino. Combina colres vibrante, estampados inspirados en la naturales y siluetas que hacen juego con la silueta femenina.<\/p>\n<p>Su colecci\u00f3n \u201c<b>MAREA<\/b>\u201d se inspira en le vaiven del mar, la brisa y la serenidad de las playas caribe\u00f1as. Para la creaci\u00f3n de sus piezas, utiliz\u00f3 telas ligeras y fluidas como chif\u00f3n, encaje bordado y lycra.<\/p>\n<p><b>\u201cEs llevar mi trabajo fuera de Puerto Rico y tener la oportunidad de mostrar mi visi\u00f3n, creatividad y evoluci\u00f3n como dise\u00f1adora en un escenario de gran relevancia para la industria de la moda\u201d<\/b>, comparti\u00f3 Batista, quien aspira a que esta oportunidad sea \u201cun antes y un desp\u00faes\u201d en su carrera.<\/p>\n<p><h4><b>Virgie Nieves<\/b><\/h4>\n<\/p>\n<div>\n<figure><picture><source media=\"(max-width: 375px)\" ><source media=\"(max-width: 767px)\" ><source media=\"(max-width: 1023px)\" ><source ><img src=\"https:\/\/www.elnuevodia.com\/resizer\/v2\/SLX2EWUINZG7BGYGZKECPFIWYE.JPG?auth=4514a746a501cf49619bae6da28cae5b3cd9fd804b79b87bd9714c96ea69b75b&#038;quality=75&#038;width=829&#038;smart=true\" alt=\"La dise\u00f1adora Virgie Nieves, creadora de YOTSU\u00cd.\" loading=\"eager\" fetchpriority=\"high\" decoding=\"sync\"><\/picture><figcaption>La dise\u00f1adora Virgie Nieves, creadora de YOTSU\u00cd. (Suministrada)<\/figcaption><\/figure>\n<\/div>\n<p>La creadora de la l\u00ednea <a href=\"https:\/\/www.instagram.com\/yotsui.atelier\/?hl=en\" target=\"_self\" rel title=\"https:\/\/www.instagram.com\/yotsui.atelier\/?hl=en\"><b>YOTSU\u00cd<\/b><\/a><b> <\/b>busca un balance entre lo cl\u00e1sico y lo moderno con piezas elegantes, femeninas y con detalles que hagan sentir a la persona que lo lleve \u201csegura y elegante\u201d.<\/p>\n<p>Su colecci\u00f3n \u201c<b>KAIKA<\/b>\u201d explora el proceso de evolucionar hasta descubrir la versi\u00f3n libre, fuerte y plena. Crea piezas con movimiento, contraste y delicadeza, combinando textiles como mikado, raso, tafet\u00e1n y organza l\u00edquida.<\/p>\n<p><b>\u201cPoder llevar mi trabajo a un escenario como New York despu\u00e9s de todo el esfuerzo, sacrificios y aprendizaje que he tenido detr\u00e1s de todo es proceso. Es un proceso ha valido la pena y que todav\u00eda queda much\u00edsimo por crecer\u201d<\/b>, dijo Nieves, quien considera que esto no significa solo alcanzar \u201cuna meta, sino el comienzo de una nueva etapa\u201d.<\/p>\n<p><h4><b>V\u00edctor Morales<\/b><\/h4>\n<\/p>\n<div>\n<figure><picture><source media=\"(max-width: 375px)\" ><source media=\"(max-width: 767px)\" ><source media=\"(max-width: 1023px)\" ><source ><img src=\"https:\/\/www.elnuevodia.com\/resizer\/v2\/FEWWYTCJ2VGR3CDV3YMYJVHUMI.JPG?auth=9af1d1a9ac53eb97ec7e49d0bb173ee99e83f871dfd2bee38553bea8110e0535&#038;quality=75&#038;width=829&#038;smart=true\" alt=\"El dise\u00f1ador V\u00edctor Morales, creador de Calle40.\" loading=\"eager\" fetchpriority=\"high\" decoding=\"sync\"><\/picture><figcaption>El dise\u00f1ador V\u00edctor Morales, creador de Calle40. (Suministrada)<\/figcaption><\/figure>\n<\/div>\n<p>El dise\u00f1ador de <a href=\"https:\/\/www.instagram.com\/calle40_\/\" target=\"_self\" rel title=\"https:\/\/www.instagram.com\/calle40_\/\"><b>Calle40<\/b><\/a><b> <\/b>reinterpreta siluetas cl\u00e1sicas desde una perspectiva contempor\u00e1nea. Para Morales, la moda es su lenguaje, que le permite hablar de preocupaciones, emociones, ideas y su visi\u00f3n de mundo.<\/p>\n<p>La colecci\u00f3n \u201c<b>\u00bfQui\u00e9nes \u00e9ramos antes de llegar aqu\u00ed?<\/b>\u201c explora la existencia como una continuidad con siluetas que contrastan estructura y ligereza, que representan la transici\u00f3n entre lo tangible y lo intangible. Con tul, organza, canvas y twill, los textiles acompa\u00f1an el concepto de la muestra.<\/p>\n<p><b>\u201cAspiro a comenzar a establecerme como dise\u00f1ador y construir un nombre s\u00f3lido y respetado dentro de la industria. Quiero que mi trabajo sea tomado en serio y reconocido por tener identidad. Espero crear conexiones, abrir nuevas oportunidades y continuar llevando mi propuesta a otros espacios internacionales\u201d<\/b>, expuso Morales. \u201cPara m\u00ed, Nueva York no es una meta final, si no el comienzo de una etapa mucho m\u00e1s grande para mi carrera y para Calle40\u2033.<\/p>\n<p><h4><b>Yaidelis Negr\u00f3n<\/b><\/h4>\n<\/p>\n<div>\n<figure><picture><source media=\"(max-width: 375px)\" ><source media=\"(max-width: 767px)\" ><source media=\"(max-width: 1023px)\" ><source ><img src=\"https:\/\/www.elnuevodia.com\/resizer\/v2\/376N65UGUFFOJDDJKCIPTQYEDI.JPG?auth=c13b8110d5c0530a0ac5e27a1d4ae8f16c05987aac086372fadb228b39bd5f6f&#038;quality=75&#038;width=829&#038;smart=true\" alt=\"La dise\u00f1adora Yaidelis Negr\u00f3n, creadora de NEGRONNI.\" loading=\"eager\" fetchpriority=\"high\" decoding=\"sync\"><\/picture><figcaption>La dise\u00f1adora Yaidelis Negr\u00f3n, creadora de NEGRONNI. (Suministrada)<\/figcaption><\/figure>\n<\/div>\n<p>La creadora de la l\u00ednea <a href=\"https:\/\/www.instagram.com\/maisonnegronni\/?hl=en\" target=\"_self\" rel title=\"https:\/\/www.instagram.com\/maisonnegronni\/?hl=en\"><b>NEGRONNI<\/b><\/a> describe su estilo como cl\u00e1sico, sofisticado y atemporal. Se inspira en la feminidad, la fuerza y la elegancia de las mujeres, al dise\u00f1ar piezas que transmitan seguridad, presencia y que cuente una historia.<\/p>\n<p>Su colecci\u00f3n \u201c<b>FUTURE NOSTALGIA<\/b>\u201d explora la est\u00e9tica de principios de los a\u00f1os 2000, desde la sensualidad, actitud y esencia cultural para transformarlas en una expresi\u00f3n de elegancia atemporal. Las siluetas escult\u00f3ricas y l\u00edneas precisas confeccionadas en textiles como mikado, chiffon y organza.<\/p>\n<p><b>\u201cEs la oportunidad de llevar mi lenguaje creativo a uno de los escenarios m\u00e1s relevantes de la industria y sobre todo demostrar que una casa emergente tambi\u00e9n puede desarrollar una identidad s\u00f3lida, un lenguaje propio y una perspectiva definida. Para m\u00ed, no se trata \u00fanicamente de presentar una colecci\u00f3n, sino de comunicar el car\u00e1cter y la esencia de Negronni a trav\u00e9s de las piezas\u201d<\/b>, expuso.<\/p>\n<\/div>\n\n    <div class=\"xs_social_share_widget xs_share_url after_content \t\tmain_content  wslu-style-1 wslu-share-box-shaped wslu-fill-colored wslu-none wslu-share-horizontal wslu-theme-font-no wslu-main_content\">\n\n\t\t\n        <ul>\n\t\t\t        <\/ul>\n    <\/div> \n","protected":false},"excerpt":{"rendered":"<p>Tras completar sus cursos de costura en la academia Casa Landr\u00f3n , cuatro dise\u00f1adores emergentes presentar\u00e1n sus primeras colecciones en la galer\u00eda The Blanc, en Nueva York, durante la semana de la moda. G\u00e9nesis Batista, V\u00edctor Morales, Virgie Nieves y Yaidelis Negr\u00f3n fueron seleccionados por su profesora, la experimentada dise\u00f1adora Lilliam Landr\u00f3n, quien identific\u00f3 en<\/p>\n","protected":false},"author":2,"featured_media":30448,"comment_status":"open","ping_status":"open","sticky":false,"template":"","format":"standard","meta":{"om_disable_all_campaigns":false,"_monsterinsights_skip_tracking":false,"footnotes":""},"categories":[36],"tags":[],"class_list":["post-30447","post","type-post","status-publish","format-standard","has-post-thumbnail","hentry","category-magazine"],"aioseo_notices":[],"_links":{"self":[{"href":"https:\/\/aleeknews.com\/4l33k5\/wp-json\/wp\/v2\/posts\/30447","targetHints":{"allow":["GET"]}}],"collection":[{"href":"https:\/\/aleeknews.com\/4l33k5\/wp-json\/wp\/v2\/posts"}],"about":[{"href":"https:\/\/aleeknews.com\/4l33k5\/wp-json\/wp\/v2\/types\/post"}],"author":[{"embeddable":true,"href":"https:\/\/aleeknews.com\/4l33k5\/wp-json\/wp\/v2\/users\/2"}],"replies":[{"embeddable":true,"href":"https:\/\/aleeknews.com\/4l33k5\/wp-json\/wp\/v2\/comments?post=30447"}],"version-history":[{"count":0,"href":"https:\/\/aleeknews.com\/4l33k5\/wp-json\/wp\/v2\/posts\/30447\/revisions"}],"wp:featuredmedia":[{"embeddable":true,"href":"https:\/\/aleeknews.com\/4l33k5\/wp-json\/wp\/v2\/media\/30448"}],"wp:attachment":[{"href":"https:\/\/aleeknews.com\/4l33k5\/wp-json\/wp\/v2\/media?parent=30447"}],"wp:term":[{"taxonomy":"category","embeddable":true,"href":"https:\/\/aleeknews.com\/4l33k5\/wp-json\/wp\/v2\/categories?post=30447"},{"taxonomy":"post_tag","embeddable":true,"href":"https:\/\/aleeknews.com\/4l33k5\/wp-json\/wp\/v2\/tags?post=30447"}],"curies":[{"name":"wp","href":"https:\/\/api.w.org\/{rel}","templated":true}]}}