{"id":30445,"date":"2026-09-05T18:42:10","date_gmt":"2026-09-05T22:42:10","guid":{"rendered":"https:\/\/aleeknews.com\/4l33k5\/2026\/09\/05\/las-cenizas-del-incendio-en-el-jardin-botanico-empeoraron-la-calidad-del-aire\/"},"modified":"2026-09-05T18:42:10","modified_gmt":"2026-09-05T22:42:10","slug":"las-cenizas-del-incendio-en-el-jardin-botanico-empeoraron-la-calidad-del-aire","status":"publish","type":"post","link":"https:\/\/aleeknews.com\/4l33k5\/2026\/09\/05\/las-cenizas-del-incendio-en-el-jardin-botanico-empeoraron-la-calidad-del-aire\/","title":{"rendered":"Las cenizas del incendio en el Jard\u00edn Bot\u00e1nico empeoraron la calidad del aire"},"content":{"rendered":"<div>\n<p>La calidad del aire en <a href=\"https:\/\/www.elnuevodia.com\/topicos\/municipio-de-san-juan\/\" target=\"_self\" rel title=\"https:\/\/www.elnuevodia.com\/topicos\/municipio-de-san-juan\/\"><b>San Juan<\/b><\/a>, que ya se encontraba en niveles moderados por la presencia de <a href=\"https:\/\/www.elnuevodia.com\/topicos\/polvo-del-sahara\/\" target=\"_blank\" rel=\"noreferrer\" title=\"https:\/\/www.elnuevodia.com\/topicos\/polvo-del-sahara\/\"><b>polvo del Sahara<\/b><\/a>, recibi\u00f3 un contaminante adicional producto del <a href=\"https:\/\/www.elnuevodia.com\/topicos\/incendios-forestales\/\" target=\"_blank\" rel=\"noreferrer\" title=\"https:\/\/www.elnuevodia.com\/topicos\/incendios-forestales\/\"><b>incendio forestal<\/b><\/a> registrado el viernes en los terrenos del <a href=\"https:\/\/www.elnuevodia.com\/topicos\/jardin-botanico-de-la-upr\/\" target=\"_self\" rel title=\"https:\/\/www.elnuevodia.com\/topicos\/jardin-botanico-de-la-upr\/\"><b>Jard\u00edn Bot\u00e1nico de R\u00edo Piedras<\/b><\/a>: <b>las cenizas generadas por la quema de vegetaci\u00f3n<\/b>.<\/p>\n<p>El doctor <b>Benjam\u00edn Bola\u00f1os<\/b>, catedr\u00e1tico asociado del Departamento de Microbiolog\u00eda del <a href=\"https:\/\/www.elnuevodia.com\/topicos\/recinto-de-ciencias-medicas\/\" target=\"_self\" rel title=\"https:\/\/www.elnuevodia.com\/topicos\/recinto-de-ciencias-medicas\/\"><b>Recinto de Ciencias M\u00e9dicas<\/b><\/a> de la <a href=\"https:\/\/www.elnuevodia.com\/topicos\/upr\/\" target=\"_blank\" rel=\"noreferrer\" title=\"https:\/\/www.elnuevodia.com\/topicos\/upr\/\"><b>Universidad de Puerto Rico<\/b><\/a> (UPR), explic\u00f3 que las part\u00edculas liberadas por el incendio pueden dispersarse con el viento e, inclusive, afectar la salud respiratoria de comunidades alejadas de la escena.<\/p>\n<p>\u201c<b>Estos fuegos generan una modificaci\u00f3n o un da\u00f1o a la calidad de aire con la generaci\u00f3n de holl\u00edn y de esa ceniza<\/b>\u201d, explic\u00f3 Bola\u00f1os.<\/p>\n<p>El especialista indic\u00f3 que observ\u00f3 part\u00edculas de ceniza que llegaron hasta el piso 12 del edificio principal del Recinto de Ciencias M\u00e9dicas, en R\u00edo Piedras. Fotograf\u00edas tomadas mediante un microscopio mostraron part\u00edculas negras de distintos tama\u00f1os y formas.<\/p>\n<p>\u201c<b>Eso se difunde por el viento y afecta todos los pueblos o ciudades que est\u00e9n viento abajo<\/b>\u201d, se\u00f1al\u00f3.<\/p>\n<div>\n<figure><picture><source media=\"(max-width: 375px)\" ><source media=\"(max-width: 767px)\" ><source media=\"(max-width: 1023px)\" ><source ><img src=\"https:\/\/www.elnuevodia.com\/resizer\/v2\/IYIPOEUSMZHMBNNPW7HMWUONJE.jpg?auth=a0a6e6a5095ac0eca1c2da613b077ebaa955fe3387586fcdf1be90d7ef9f6029&#038;quality=75&#038;width=829&#038;smart=true\" alt=\"Cenizas por fuego en Jard\u00edn Bot\u00e1nico.\" loading=\"eager\" fetchpriority=\"high\" decoding=\"sync\"><\/picture><figcaption>Cenizas por fuego en Jard\u00edn Bot\u00e1nico. (Suministrada)<\/figcaption><\/figure>\n<\/div>\n<p>Bola\u00f1os indic\u00f3 que, antes del incendio, la calidad del aire ya se encontraba en un nivel moderado por la presencia de polvo del Sahara. La incorporaci\u00f3n de cenizas a\u00f1ade particulado que puede irritar las v\u00edas respiratorias.<\/p>\n<p>\u201c<b>El humo no es algo invisible, sino que son part\u00edculas que est\u00e1n liber\u00e1ndose de la vegetaci\u00f3n quemada, que son las cenizas (&#8230;) y que afectan esos sistemas respiratorios<\/b>\u201d, explic\u00f3.<\/p>\n<p>La combinaci\u00f3n de polvo, cenizas y otros componentes presentes en el aire puede crear una carga adicional para el sistema respiratorio.<\/p>\n<p><h4><b>Temporada de esporas<\/b><\/h4>\n<\/p>\n<p>El especialista explic\u00f3, adem\u00e1s, que <b>septiembre marca el comienzo de la temporada de esporas de hongos en Puerto Rico<\/b>, que se extiende hasta octubre y noviembre.<\/p>\n<p>Sin embargo, los niveles se han mantenido relativamente bajos debido a la falta de lluvia y la presencia de polvo del Sahara. Bola\u00f1os explic\u00f3 que el polvo absorbe parte de la humedad que los hongos necesitan para liberar sus esporas.<\/p>\n<p><b>Estas pueden provocar episodios de asma, rinitis al\u00e9rgica y conjuntivitis al\u00e9rgica<\/b>, inflamaci\u00f3n pulmonar y aumentar la susceptibilidad a infecciones virales respiratorias.<\/p>\n<div>\n<figure><picture><source media=\"(max-width: 375px)\" ><source media=\"(max-width: 767px)\" ><source media=\"(max-width: 1023px)\" ><source ><img src=\"https:\/\/www.elnuevodia.com\/resizer\/v2\/PLRZ4ZE5IJDDJDP7PJRZUQJLSA.jfif?auth=070743d8168cc0e254f44be54e83c84fc036c61d815e4f7bc45b47014f21b524&#038;quality=75&#038;width=829&#038;smart=true\" alt=\"As\u00ed luc\u00eda el incendio el viernes.\" loading=\"eager\" fetchpriority=\"high\" decoding=\"sync\"><\/picture><figcaption>As\u00ed luc\u00eda el incendio el viernes. (Suministrada)<\/figcaption><\/figure>\n<\/div>\n<p>El incendio del viernes fue el segundo reportado en los terrenos del Jard\u00edn Bot\u00e1nico en menos de dos semanas. Bomberos lograron extinguir alrededor del 96% del fuego para este s\u00e1bado y no se reportaron personas heridas.<\/p>\n<p>Bola\u00f1os exhort\u00f3 a evitar los incendios de vegetaci\u00f3n y pastizales por el efecto que pueden tener sobre la calidad del aire.<\/p>\n<p>\u201c<b>Esa ceniza es un particulado irritante que tambi\u00e9n va a producir inflamaci\u00f3n a nivel del pulm\u00f3n y problemas respiratorios<\/b>\u201d, advirti\u00f3.<\/p>\n<\/div>\n\n    <div class=\"xs_social_share_widget xs_share_url after_content \t\tmain_content  wslu-style-1 wslu-share-box-shaped wslu-fill-colored wslu-none wslu-share-horizontal wslu-theme-font-no wslu-main_content\">\n\n\t\t\n        <ul>\n\t\t\t        <\/ul>\n    <\/div> \n","protected":false},"excerpt":{"rendered":"<p>La calidad del aire en San Juan , que ya se encontraba en niveles moderados por la presencia de polvo del Sahara , recibi\u00f3 un contaminante adicional producto del incendio forestal registrado el viernes en los terrenos del Jard\u00edn Bot\u00e1nico de R\u00edo Piedras : las cenizas generadas por la quema de vegetaci\u00f3n. El doctor Benjam\u00edn<\/p>\n","protected":false},"author":2,"featured_media":30446,"comment_status":"open","ping_status":"open","sticky":false,"template":"","format":"standard","meta":{"om_disable_all_campaigns":false,"_monsterinsights_skip_tracking":false,"footnotes":""},"categories":[38],"tags":[],"class_list":["post-30445","post","type-post","status-publish","format-standard","has-post-thumbnail","hentry","category-estilo-de-vida"],"aioseo_notices":[],"_links":{"self":[{"href":"https:\/\/aleeknews.com\/4l33k5\/wp-json\/wp\/v2\/posts\/30445","targetHints":{"allow":["GET"]}}],"collection":[{"href":"https:\/\/aleeknews.com\/4l33k5\/wp-json\/wp\/v2\/posts"}],"about":[{"href":"https:\/\/aleeknews.com\/4l33k5\/wp-json\/wp\/v2\/types\/post"}],"author":[{"embeddable":true,"href":"https:\/\/aleeknews.com\/4l33k5\/wp-json\/wp\/v2\/users\/2"}],"replies":[{"embeddable":true,"href":"https:\/\/aleeknews.com\/4l33k5\/wp-json\/wp\/v2\/comments?post=30445"}],"version-history":[{"count":0,"href":"https:\/\/aleeknews.com\/4l33k5\/wp-json\/wp\/v2\/posts\/30445\/revisions"}],"wp:featuredmedia":[{"embeddable":true,"href":"https:\/\/aleeknews.com\/4l33k5\/wp-json\/wp\/v2\/media\/30446"}],"wp:attachment":[{"href":"https:\/\/aleeknews.com\/4l33k5\/wp-json\/wp\/v2\/media?parent=30445"}],"wp:term":[{"taxonomy":"category","embeddable":true,"href":"https:\/\/aleeknews.com\/4l33k5\/wp-json\/wp\/v2\/categories?post=30445"},{"taxonomy":"post_tag","embeddable":true,"href":"https:\/\/aleeknews.com\/4l33k5\/wp-json\/wp\/v2\/tags?post=30445"}],"curies":[{"name":"wp","href":"https:\/\/api.w.org\/{rel}","templated":true}]}}