{"id":30440,"date":"2026-09-05T17:44:31","date_gmt":"2026-09-05T21:44:31","guid":{"rendered":"https:\/\/aleeknews.com\/4l33k5\/2026\/09\/05\/duenos-de-plaza-las-americas-compran-otro-centro-comercial\/"},"modified":"2026-09-05T17:44:31","modified_gmt":"2026-09-05T21:44:31","slug":"duenos-de-plaza-las-americas-compran-otro-centro-comercial","status":"publish","type":"post","link":"https:\/\/aleeknews.com\/4l33k5\/2026\/09\/05\/duenos-de-plaza-las-americas-compran-otro-centro-comercial\/","title":{"rendered":"Due\u00f1os de Plaza Las Am\u00e9ricas compran otro centro comercial"},"content":{"rendered":"<div>\n<div data-fusion-lazy-id=\"f0f5G41E11Y61Ck\">\n<div data-testid=\"global-header-test\">\n<hr>\n<p><span>Bolsa de valores <b>09:44 PM<\/b><\/span><\/p>\n<\/div>\n<div data-testid=\"test-post-copy\">\n<div>\n<p>S&#038;P 500 &#8211; (CFD)<\/p>\n<p>7572.40<\/p>\n<p>0.38%<\/p>\n<\/div>\n<p><span> \u00b7 <\/span><\/p>\n<p><span> \u00b7 <\/span><\/p>\n<\/div>\n<\/div>\n<div>\n<div data-fusion-lazy-id=\"f0f9tfiOw0362nv\">\n<div class>\n<p><a href=\"https:\/\/thetrustproject.org\/\"><img decoding=\"async\" src=\"https:\/\/www.elnuevodia.com\/pf\/resources\/v2\/icons\/trust-icon.svg?d=247\"><\/a><\/p>\n<div>\n<p>Noticia<\/p>\n<div>\n<p>Basado en hechos que el periodista haya observado y verificado de primera mano, o en informaci\u00f3n verificada que proviene de fuentes bien informadas.<\/p>\n<\/div>\n<\/div>\n<\/div>\n<div>\n<h2>Conoce los detalles de la adquisici\u00f3n y los planes con la propiedad<\/h2>\n<div>\n<p>26 de agosto de 2026 &#8211; 11:10 PM<\/p>\n<\/div>\n<\/div>\n<\/div>\n<div data-fusion-lazy-id=\"f0f8wxHIPTYNet\">\n<div><picture><source media=\"(max-width: 375px)\" ><source media=\"(max-width: 767px)\" ><source media=\"(max-width: 1023px)\" ><source ><\/picture><figcaption>Los due\u00f1os de Plaza Las Am\u00e9ricas confirmaron la adquisici\u00f3n en declaraciones escritas. <span>(Suministrada)<\/span><\/figcaption><\/div>\n<div>\n<p>Empresas Fonalledas, a trav\u00e9s de la entidad Inversiones Las Am\u00e9ricas LLC, adquiri\u00f3 por $15.27 millones el centro comercial Montemar Plaza, en Hato Rey. <\/p>\n<\/div>\n<div>\n<div>\n<div><a href=\"https:\/\/www.elnuevodia.com\/autor\/sharon-minelli-perez\/\"><picture><source ><img src=\"https:\/\/www.elnuevodia.com\/resizer\/v2\/https%3A%2F%2Fs3.amazonaws.com%2Farc-authors%2Fgfrmedia%2F8e50d93e-0a9f-40ca-bda3-a3fc69f705fa.png?auth=ca40016ef4aff5e1315ee2650a1e5df14a4ccd8bb305ec40f5454f7dd1dccc4a&#038;quality=75&#038;smart=true&#038;width=170&#038;height=147\" alt=\"Sharon Minelli P\u00e9rez\" loading=\"eager\" fetchpriority=\"high\" decoding=\"sync\"><\/picture><\/a><\/div>\n<p><span> Y <\/span><\/p>\n<\/div>\n<div><a href=\"https:\/\/www.elnuevodia.com\/autor\/maricarmen-rivera-sanchez\/\"><picture><source ><img src=\"https:\/\/www.elnuevodia.com\/pf\/api\/v3\/content\/fetch\/image-resizer-v1?query=%7B%22website%22%3A%22el-nuevo-dia%22%2C%22imageUrl%22%3A%22https%3A%2F%2Fauthor-service-images-prod-us-east-1.publishing.aws.arc.pub%2Fgfrmedia%2Fd7e09b7c-e3ac-42d9-9b55-fd4ec60fdd8e.png%22%2C%22width%22%3A170%2C%22height%22%3A147%2C%22redirect%22%3A%221%22%2C%22external%22%3A%221%22%7D\" alt=\"Maricarmen Rivera S\u00e1nchez\" loading=\"eager\" fetchpriority=\"high\" decoding=\"sync\"><\/picture><\/a><\/div>\n<\/div>\n<\/div>\n<section>\n<header><span>Popular en la Comunidad<\/span><\/header>\n<\/section>\n<\/div>\n<\/div>\n\n    <div class=\"xs_social_share_widget xs_share_url after_content \t\tmain_content  wslu-style-1 wslu-share-box-shaped wslu-fill-colored wslu-none wslu-share-horizontal wslu-theme-font-no wslu-main_content\">\n\n\t\t\n        <ul>\n\t\t\t        <\/ul>\n    <\/div> \n","protected":false},"excerpt":{"rendered":"<p>Bolsa de valores 09:44 PM S&amp;P 500 &#8211; (CFD) 7572.40 0.38% \u00b7 \u00b7 Noticia Basado en hechos que el periodista haya observado y verificado de primera mano, o en informaci\u00f3n verificada que proviene de fuentes bien informadas. Conoce los detalles de la adquisici\u00f3n y los planes con la propiedad 26 de agosto de 2026 &#8211;<\/p>\n","protected":false},"author":2,"featured_media":30441,"comment_status":"open","ping_status":"open","sticky":false,"template":"","format":"standard","meta":{"om_disable_all_campaigns":false,"_monsterinsights_skip_tracking":false,"footnotes":""},"categories":[5],"tags":[],"class_list":["post-30440","post","type-post","status-publish","format-standard","has-post-thumbnail","hentry","category-negocios"],"aioseo_notices":[],"_links":{"self":[{"href":"https:\/\/aleeknews.com\/4l33k5\/wp-json\/wp\/v2\/posts\/30440","targetHints":{"allow":["GET"]}}],"collection":[{"href":"https:\/\/aleeknews.com\/4l33k5\/wp-json\/wp\/v2\/posts"}],"about":[{"href":"https:\/\/aleeknews.com\/4l33k5\/wp-json\/wp\/v2\/types\/post"}],"author":[{"embeddable":true,"href":"https:\/\/aleeknews.com\/4l33k5\/wp-json\/wp\/v2\/users\/2"}],"replies":[{"embeddable":true,"href":"https:\/\/aleeknews.com\/4l33k5\/wp-json\/wp\/v2\/comments?post=30440"}],"version-history":[{"count":0,"href":"https:\/\/aleeknews.com\/4l33k5\/wp-json\/wp\/v2\/posts\/30440\/revisions"}],"wp:featuredmedia":[{"embeddable":true,"href":"https:\/\/aleeknews.com\/4l33k5\/wp-json\/wp\/v2\/media\/30441"}],"wp:attachment":[{"href":"https:\/\/aleeknews.com\/4l33k5\/wp-json\/wp\/v2\/media?parent=30440"}],"wp:term":[{"taxonomy":"category","embeddable":true,"href":"https:\/\/aleeknews.com\/4l33k5\/wp-json\/wp\/v2\/categories?post=30440"},{"taxonomy":"post_tag","embeddable":true,"href":"https:\/\/aleeknews.com\/4l33k5\/wp-json\/wp\/v2\/tags?post=30440"}],"curies":[{"name":"wp","href":"https:\/\/api.w.org\/{rel}","templated":true}]}}