{"id":30425,"date":"2026-09-05T17:43:33","date_gmt":"2026-09-05T21:43:33","guid":{"rendered":"https:\/\/aleeknews.com\/4l33k5\/2026\/09\/05\/avanza-pesquisa-federal-contra-campana-de-wanda-vazquez-que-se-sabe-del-alegado-esquema\/"},"modified":"2026-09-05T17:43:33","modified_gmt":"2026-09-05T21:43:33","slug":"avanza-pesquisa-federal-contra-campana-de-wanda-vazquez-que-se-sabe-del-alegado-esquema","status":"publish","type":"post","link":"https:\/\/aleeknews.com\/4l33k5\/2026\/09\/05\/avanza-pesquisa-federal-contra-campana-de-wanda-vazquez-que-se-sabe-del-alegado-esquema\/","title":{"rendered":"Avanza pesquisa federal contra campa\u00f1a de Wanda V\u00e1zquez: \u00bfqu\u00e9 se sabe del alegado esquema?"},"content":{"rendered":"<div>\n<div data-fusion-lazy-id=\"f0fQYcNoHQKSGL\">\n<div class>\n<p><a href=\"https:\/\/thetrustproject.org\/\"><img decoding=\"async\" src=\"https:\/\/www.elnuevodia.com\/pf\/resources\/v2\/icons\/trust-icon.svg?d=247\"><\/a><\/p>\n<div>\n<p>Se adhiere a los criterios de The Trust Project<\/p>\n<\/div>\n<\/div>\n<div>\n<h2>La exgobernadora y su abogado dijeron que esperan que sea acusada por delitos relacionados con el financiamiento de su campa\u00f1a. Al menos, un colaborador negocia con la fiscal\u00eda.<\/h2>\n<div>\n<p>13 de mayo de 2022 &#8211; 8:24 AM<\/p>\n<\/div>\n<div>\n<p><b>Archivo<\/b><\/p>\n<p>Esta historia fue publicada hace m\u00e1s de 4 a\u00f1os.<\/p>\n<\/div>\n<\/div>\n<\/div>\n<div data-fusion-lazy-id=\"f0fIYaQF9GLV14D\">\n<div><picture><source media=\"(max-width: 375px)\" ><source media=\"(max-width: 767px)\" ><source media=\"(max-width: 1023px)\" ><source ><\/picture><figcaption>La exgobernadora Wanda V\u00e1zquez es investigada por donativos ilegales que presuntamente le hizo un banquero venezolano. <span>(david.villafane@gfrmedia.com)<\/span><\/figcaption><\/div>\n<div>\n<p>La exgobernadora<b> <\/b><a href=\"https:\/\/www.elnuevodia.com\/topicos\/wanda-vazquez-garced\/\" target=\"_blank\"><b>Wanda V\u00e1zquez Garced<\/b> <\/a>es objeto de una pesquisa de delitos electorales de parte del gobierno de Estados Unidos que ya desemboc\u00f3 en negociaciones con las autoridades de -al menos- dos de los que colaboraron con ella en su esfuerzo por ser electa al cargo que ocupaba por sucesi\u00f3n constitucional desde la renuncia de Ricardo Rossell\u00f3 en 2019.<\/p>\n<\/div>\n<\/div>\n<section>\n<header><span>Popular en la Comunidad<\/span><\/header>\n<\/section>\n<\/div>\n\n    <div class=\"xs_social_share_widget xs_share_url after_content \t\tmain_content  wslu-style-1 wslu-share-box-shaped wslu-fill-colored wslu-none wslu-share-horizontal wslu-theme-font-no wslu-main_content\">\n\n\t\t\n        <ul>\n\t\t\t        <\/ul>\n    <\/div> \n","protected":false},"excerpt":{"rendered":"<p>Se adhiere a los criterios de The Trust Project La exgobernadora y su abogado dijeron que esperan que sea acusada por delitos relacionados con el financiamiento de su campa\u00f1a. Al menos, un colaborador negocia con la fiscal\u00eda. 13 de mayo de 2022 &#8211; 8:24 AM Archivo Esta historia fue publicada hace m\u00e1s de 4 a\u00f1os.<\/p>\n","protected":false},"author":2,"featured_media":30426,"comment_status":"open","ping_status":"open","sticky":false,"template":"","format":"standard","meta":{"om_disable_all_campaigns":false,"_monsterinsights_skip_tracking":false,"footnotes":""},"categories":[6],"tags":[],"class_list":["post-30425","post","type-post","status-publish","format-standard","has-post-thumbnail","hentry","category-politica"],"aioseo_notices":[],"_links":{"self":[{"href":"https:\/\/aleeknews.com\/4l33k5\/wp-json\/wp\/v2\/posts\/30425","targetHints":{"allow":["GET"]}}],"collection":[{"href":"https:\/\/aleeknews.com\/4l33k5\/wp-json\/wp\/v2\/posts"}],"about":[{"href":"https:\/\/aleeknews.com\/4l33k5\/wp-json\/wp\/v2\/types\/post"}],"author":[{"embeddable":true,"href":"https:\/\/aleeknews.com\/4l33k5\/wp-json\/wp\/v2\/users\/2"}],"replies":[{"embeddable":true,"href":"https:\/\/aleeknews.com\/4l33k5\/wp-json\/wp\/v2\/comments?post=30425"}],"version-history":[{"count":0,"href":"https:\/\/aleeknews.com\/4l33k5\/wp-json\/wp\/v2\/posts\/30425\/revisions"}],"wp:featuredmedia":[{"embeddable":true,"href":"https:\/\/aleeknews.com\/4l33k5\/wp-json\/wp\/v2\/media\/30426"}],"wp:attachment":[{"href":"https:\/\/aleeknews.com\/4l33k5\/wp-json\/wp\/v2\/media?parent=30425"}],"wp:term":[{"taxonomy":"category","embeddable":true,"href":"https:\/\/aleeknews.com\/4l33k5\/wp-json\/wp\/v2\/categories?post=30425"},{"taxonomy":"post_tag","embeddable":true,"href":"https:\/\/aleeknews.com\/4l33k5\/wp-json\/wp\/v2\/tags?post=30425"}],"curies":[{"name":"wp","href":"https:\/\/api.w.org\/{rel}","templated":true}]}}