{"id":30422,"date":"2026-09-05T17:43:35","date_gmt":"2026-09-05T21:43:35","guid":{"rendered":"https:\/\/aleeknews.com\/4l33k5\/2026\/09\/05\/con-meses-de-antelacion-wanda-vazquez-y-sus-abogados-anticiparon-al-pais-su-arresto-por-los-federales\/"},"modified":"2026-09-05T17:43:35","modified_gmt":"2026-09-05T21:43:35","slug":"con-meses-de-antelacion-wanda-vazquez-y-sus-abogados-anticiparon-al-pais-su-arresto-por-los-federales","status":"publish","type":"post","link":"https:\/\/aleeknews.com\/4l33k5\/2026\/09\/05\/con-meses-de-antelacion-wanda-vazquez-y-sus-abogados-anticiparon-al-pais-su-arresto-por-los-federales\/","title":{"rendered":"Con meses de antelaci\u00f3n, Wanda V\u00e1zquez y sus abogados anticiparon al pa\u00eds su arresto por los federales"},"content":{"rendered":"<div>\n<div data-fusion-lazy-id=\"f0fQYcNoHQKSGL\">\n<div class>\n<p><a href=\"https:\/\/thetrustproject.org\/\"><img decoding=\"async\" src=\"https:\/\/www.elnuevodia.com\/pf\/resources\/v2\/icons\/trust-icon.svg?d=247\"><\/a><\/p>\n<div>\n<p>Se adhiere a los criterios de The Trust Project<\/p>\n<\/div>\n<\/div>\n<div>\n<h2>Tras conocer que estaba siendo investigada por supuestos actos ilegales durante su campa\u00f1a primarista, la exgobernadora y su representaci\u00f3n legal hicieron p\u00fablico a principios de mayo que ser\u00eda arrestada<\/h2>\n<div>\n<p>4 de agosto de 2022 &#8211; 9:22 AM<\/p>\n<\/div>\n<div>\n<p><b>Archivo<\/b><\/p>\n<p>Esta historia fue publicada hace m\u00e1s de 4 a\u00f1os.<\/p>\n<\/div>\n<\/div>\n<\/div>\n<div data-fusion-lazy-id=\"f0fIYaQF9GLV14D\">\n<div><picture><source media=\"(max-width: 375px)\" ><source media=\"(max-width: 767px)\" ><source media=\"(max-width: 1023px)\" ><source ><\/picture><figcaption>Wanda V\u00e1zquez. <span>(Archivo)<\/span><\/figcaption><\/div>\n<div>\n<p><img decoding=\"async\" alt=\"Noel Algar\u00edn Mart\u00ednez\" src=\"https:\/\/www.elnuevodia.com\/resizer\/v2\/https%3A%2F%2Fs3.amazonaws.com%2Farc-authors%2Fgfrmedia%2F096534e3-bf12-4e3c-90fe-91f8b3ddee78.png?auth=8262b5f62c83e58b1b0cdfc16ee06ee8239c830eb41ba2b5752da82578683db7&#038;quality=75&#038;smart=true&#038;width=170&#038;height=147\"><\/p>\n<\/div>\n<div>\n<p>Por casi tres meses, el pa\u00eds sab\u00eda que la exgobernadora <a href=\"https:\/\/www.elnuevodia.com\/topicos\/wanda-vazquez-garced\/\"><b>Wanda V\u00e1zquez Garced<\/b><\/a> ser\u00eda arrestada por el FBI por supuestos actos de corrupci\u00f3n mientras ocupaba La Fortaleza. La \u00fanica pregunta que quedaba sin contestar era el \u201c\u00bfcu\u00e1ndo?\u201d. La respuesta a esa pregunta lleg\u00f3 en la ma\u00f1ana de este jueves, cuando la tambi\u00e9n exsecretaria de Justicia fue detenida en su casa por agentes del Negociado Federal de Investigaciones acusada de tres cargos de soborno.<\/p>\n<\/div>\n<\/div>\n<section>\n<header><span>Popular en la Comunidad<\/span><\/header>\n<\/section>\n<\/div>\n\n    <div class=\"xs_social_share_widget xs_share_url after_content \t\tmain_content  wslu-style-1 wslu-share-box-shaped wslu-fill-colored wslu-none wslu-share-horizontal wslu-theme-font-no wslu-main_content\">\n\n\t\t\n        <ul>\n\t\t\t        <\/ul>\n    <\/div> \n","protected":false},"excerpt":{"rendered":"<p>Se adhiere a los criterios de The Trust Project Tras conocer que estaba siendo investigada por supuestos actos ilegales durante su campa\u00f1a primarista, la exgobernadora y su representaci\u00f3n legal hicieron p\u00fablico a principios de mayo que ser\u00eda arrestada 4 de agosto de 2022 &#8211; 9:22 AM Archivo Esta historia fue publicada hace m\u00e1s de 4<\/p>\n","protected":false},"author":2,"featured_media":30423,"comment_status":"open","ping_status":"open","sticky":false,"template":"","format":"standard","meta":{"om_disable_all_campaigns":false,"_monsterinsights_skip_tracking":false,"footnotes":""},"categories":[6],"tags":[],"class_list":["post-30422","post","type-post","status-publish","format-standard","has-post-thumbnail","hentry","category-politica"],"aioseo_notices":[],"_links":{"self":[{"href":"https:\/\/aleeknews.com\/4l33k5\/wp-json\/wp\/v2\/posts\/30422","targetHints":{"allow":["GET"]}}],"collection":[{"href":"https:\/\/aleeknews.com\/4l33k5\/wp-json\/wp\/v2\/posts"}],"about":[{"href":"https:\/\/aleeknews.com\/4l33k5\/wp-json\/wp\/v2\/types\/post"}],"author":[{"embeddable":true,"href":"https:\/\/aleeknews.com\/4l33k5\/wp-json\/wp\/v2\/users\/2"}],"replies":[{"embeddable":true,"href":"https:\/\/aleeknews.com\/4l33k5\/wp-json\/wp\/v2\/comments?post=30422"}],"version-history":[{"count":0,"href":"https:\/\/aleeknews.com\/4l33k5\/wp-json\/wp\/v2\/posts\/30422\/revisions"}],"wp:featuredmedia":[{"embeddable":true,"href":"https:\/\/aleeknews.com\/4l33k5\/wp-json\/wp\/v2\/media\/30423"}],"wp:attachment":[{"href":"https:\/\/aleeknews.com\/4l33k5\/wp-json\/wp\/v2\/media?parent=30422"}],"wp:term":[{"taxonomy":"category","embeddable":true,"href":"https:\/\/aleeknews.com\/4l33k5\/wp-json\/wp\/v2\/categories?post=30422"},{"taxonomy":"post_tag","embeddable":true,"href":"https:\/\/aleeknews.com\/4l33k5\/wp-json\/wp\/v2\/tags?post=30422"}],"curies":[{"name":"wp","href":"https:\/\/api.w.org\/{rel}","templated":true}]}}