{"id":30398,"date":"2026-09-05T17:42:37","date_gmt":"2026-09-05T21:42:37","guid":{"rendered":"https:\/\/aleeknews.com\/4l33k5\/2026\/09\/05\/espana-toma-el-control-del-puerto-de-ceuta-para-alojar-a-migrantes\/"},"modified":"2026-09-05T17:42:37","modified_gmt":"2026-09-05T21:42:37","slug":"espana-toma-el-control-del-puerto-de-ceuta-para-alojar-a-migrantes","status":"publish","type":"post","link":"https:\/\/aleeknews.com\/4l33k5\/2026\/09\/05\/espana-toma-el-control-del-puerto-de-ceuta-para-alojar-a-migrantes\/","title":{"rendered":"Espa\u00f1a toma el control del puerto de Ceuta para alojar a migrantes"},"content":{"rendered":"<div>\n<p>El <a href=\"https:\/\/www.elnuevodia.com\/topicos\/espana\/\" target=\"_self\" rel title=\"https:\/\/www.elnuevodia.com\/topicos\/espana\/\"><b>Gobierno espa\u00f1ol<\/b><\/a><b> <\/b>firm\u00f3 este s\u00e1bado una orden para tomar el control del Puerto de la ciudad norteafricana de <a href=\"https:\/\/www.elnuevodia.com\/noticias\/mundo\/notas\/crisis-migratoria-en-ceuta-eclipsa-una-importante-celebracion-anual\/\" target=\"_self\" rel title=\"https:\/\/www.elnuevodia.com\/noticias\/mundo\/notas\/crisis-migratoria-en-ceuta-eclipsa-una-importante-celebracion-anual\/\"><b>Ceuta<\/b><\/a><b> <\/b>y autorizar la instalaci\u00f3n de carpas para acoger a m\u00e1s de 1,000 de los migrantes que todav\u00eda permanecen en la ciudad espa\u00f1ola, tras haber cruzado ilegalmente la frontera desde Marruecos a finales de julio.<\/p>\n<p><b>El ministro de Transportes espa\u00f1ol, \u00d3scar Puente, firm\u00f3 hoy la orden al amparo del art\u00edculo 73.3 de la Ley de Puertos del Estado y la Marina Mercante para tomar el control del puerto y, seg\u00fan explicaron a EFE fuentes del Ministerio, autoriza la instalaci\u00f3n de carpas en una superficie de 16,000 metros cuadrados de dominio p\u00fablico portuario.<\/b><\/p>\n<p>Despu\u00e9s de la entrada masiva de los pasados 30 y 31 de julio de decenas de miles de migrantes procedentes de Marruecos a Ceuta, muchos de ellos volvieron voluntariamente a su pa\u00eds de origen; sin embargo, todav\u00eda permanecen en la ciudad espa\u00f1ola algunos miles de ellos, de los que muchos viven en chabolas construidas por ellos mismos en la playa y otros, repartidos por barrios perif\u00e9ricos.<\/p>\n<p><b>La cifra exacta de los migrantes que a\u00fan quedan en Ceuta no es clara: el Gobierno espa\u00f1ol la situ\u00f3 a finales de agosto en 5,000, mientras que el gobierno ceut\u00ed afirm\u00f3 el 1 de septiembre que son entre 8,000 y 9,000 y algunas ONG lo elevan hasta 20,000.<\/b><\/p>\n<p>La decisi\u00f3n de tomar el control del puerto se produce despu\u00e9s de que el pasado viernes, el Consejo de Administraci\u00f3n de la Autoridad Portuaria de Ceuta -controlado por la ciudad aut\u00f3noma- votara en contra de que se llevara a cabo la instalaci\u00f3n de dichas carpas, tal y como hab\u00eda solicitado la Secretar\u00eda de Estado de Migraciones.<\/p>\n<p> Dicha solicitud ten\u00eda por objeto \u201cla instalaci\u00f3n temporal de los elementos necesarios para el desarrollo de las funciones legalmente atribuidas a la Direcci\u00f3n General de Atenci\u00f3n Humanitaria y del Sistema de Acogida de Protecci\u00f3n Internacional\u201d, detalla la orden.<\/p>\n<p><h4><b>Vecinos y empresarios se oponen a la medida<\/b><\/h4>\n<\/p>\n<p><b>Los vecinos de las barriadas de la Junta Obras del Puerto y de Parques de Ceuta exigieron la \u201cparalizaci\u00f3n inmediata\u201d de las obras para construir este espacio para acoger migrantes con un comunicado conjunto, donde manifestaron su \u201cindignaci\u00f3n y profunda preocupaci\u00f3n\u201d por la continuidad de las actuaciones.<\/b><\/p>\n<p>Adem\u00e1s, recuerdan el acuerdo adoptado por la Autoridad Portuaria el viernes sobre la negativa a la solicitud que, indican, fue aprobada con 11 votos en contra, cuatro a favor y ninguna abstenci\u00f3n.<\/p>\n<p>Y por su parte, la Confederaci\u00f3n de Empresarios de Ceuta (CECE) pidi\u00f3 al Gobierno espa\u00f1ol que respetara la decisi\u00f3n del Consejo de Administraci\u00f3n de la Autoridad Portuaria ceut\u00ed de no destinar terrenos portuarios a instalar un campamento de migrantes.<\/p>\n<p><b>A trav\u00e9s de un comunicado, mostr\u00f3 su \u201crespaldo firme y sin reservas\u201d a la decisi\u00f3n de la Autoridad Portuaria y reclam\u00f3 al Gobierno que descarte cualquier iniciativa para ceder, habilitar o utilizar terrenos portuarios con este prop\u00f3sito.<\/b><\/p>\n<p>La orden firmada por Puente indica que \u201cla ocupaci\u00f3n se materializar\u00e1 mediante la instalaci\u00f3n, con car\u00e1cter provisional, de carpas y otros espacios destinados a zona de descanso, enfermer\u00eda y dispensario, as\u00ed como de \u00e1reas para la atenci\u00f3n e intervenci\u00f3n social o servicios sanitarios\u201d.<\/p>\n<p><b>Entre las personas que cruzaron la frontera en julio, la Polic\u00eda Nacional ya ha puesto a disposici\u00f3n del Gobierno de Ceuta a 1,500 menores, seg\u00fan inform\u00f3 Interior, que est\u00e1n acogidos por Ceuta en los diferentes centros habilitados por la crisis migratoria.<\/b><\/p>\n<p>Por su parte, las ONG No Name Kitchen y Asociaci\u00f3n El\u00edn, que asisten, entre otras, a los migrantes que permanecen en Ceuta, denunciaron un trato inhumano por parte del Gobierno espa\u00f1ol, con falta de acceso a agua y comida y el empleo de violencia en las devoluciones a Marruecos.<\/p>\n<p>En esta entrada masiva, algo m\u00e1s de un centenar de personas fallecieron al intentar entrar en la ciudad espa\u00f1ola, la mayor\u00eda de ellas ahogadas o por aplastamiento en el tumulto.<\/p>\n<p><b>La Guardia Civil recuper\u00f3 83 cad\u00e1veres en el entorno del espig\u00f3n fronterizo ceut\u00ed, si bien s\u00f3lo una m\u00ednima parte de ellos pudieron ser identificados a trav\u00e9s de pruebas de estudios biol\u00f3gicos o huellas dactilares. <\/b><\/p>\n<\/div>\n\n    <div class=\"xs_social_share_widget xs_share_url after_content \t\tmain_content  wslu-style-1 wslu-share-box-shaped wslu-fill-colored wslu-none wslu-share-horizontal wslu-theme-font-no wslu-main_content\">\n\n\t\t\n        <ul>\n\t\t\t        <\/ul>\n    <\/div> \n","protected":false},"excerpt":{"rendered":"<p>El Gobierno espa\u00f1ol firm\u00f3 este s\u00e1bado una orden para tomar el control del Puerto de la ciudad norteafricana de Ceuta y autorizar la instalaci\u00f3n de carpas para acoger a m\u00e1s de 1,000 de los migrantes que todav\u00eda permanecen en la ciudad espa\u00f1ola, tras haber cruzado ilegalmente la frontera desde Marruecos a finales de julio. El<\/p>\n","protected":false},"author":2,"featured_media":30399,"comment_status":"open","ping_status":"open","sticky":false,"template":"","format":"standard","meta":{"om_disable_all_campaigns":false,"_monsterinsights_skip_tracking":false,"footnotes":""},"categories":[10],"tags":[],"class_list":["post-30398","post","type-post","status-publish","format-standard","has-post-thumbnail","hentry","category-mundo"],"aioseo_notices":[],"_links":{"self":[{"href":"https:\/\/aleeknews.com\/4l33k5\/wp-json\/wp\/v2\/posts\/30398","targetHints":{"allow":["GET"]}}],"collection":[{"href":"https:\/\/aleeknews.com\/4l33k5\/wp-json\/wp\/v2\/posts"}],"about":[{"href":"https:\/\/aleeknews.com\/4l33k5\/wp-json\/wp\/v2\/types\/post"}],"author":[{"embeddable":true,"href":"https:\/\/aleeknews.com\/4l33k5\/wp-json\/wp\/v2\/users\/2"}],"replies":[{"embeddable":true,"href":"https:\/\/aleeknews.com\/4l33k5\/wp-json\/wp\/v2\/comments?post=30398"}],"version-history":[{"count":0,"href":"https:\/\/aleeknews.com\/4l33k5\/wp-json\/wp\/v2\/posts\/30398\/revisions"}],"wp:featuredmedia":[{"embeddable":true,"href":"https:\/\/aleeknews.com\/4l33k5\/wp-json\/wp\/v2\/media\/30399"}],"wp:attachment":[{"href":"https:\/\/aleeknews.com\/4l33k5\/wp-json\/wp\/v2\/media?parent=30398"}],"wp:term":[{"taxonomy":"category","embeddable":true,"href":"https:\/\/aleeknews.com\/4l33k5\/wp-json\/wp\/v2\/categories?post=30398"},{"taxonomy":"post_tag","embeddable":true,"href":"https:\/\/aleeknews.com\/4l33k5\/wp-json\/wp\/v2\/tags?post=30398"}],"curies":[{"name":"wp","href":"https:\/\/api.w.org\/{rel}","templated":true}]}}