{"id":30390,"date":"2026-09-05T09:43:27","date_gmt":"2026-09-05T13:43:27","guid":{"rendered":"https:\/\/aleeknews.com\/4l33k5\/2026\/09\/05\/opinion-cuando-la-radio-cb-era-nuestra-red-social\/"},"modified":"2026-09-05T09:43:27","modified_gmt":"2026-09-05T13:43:27","slug":"opinion-cuando-la-radio-cb-era-nuestra-red-social","status":"publish","type":"post","link":"https:\/\/aleeknews.com\/4l33k5\/2026\/09\/05\/opinion-cuando-la-radio-cb-era-nuestra-red-social\/","title":{"rendered":"Opini\u00f3n | Cuando la Radio CB era nuestra red social"},"content":{"rendered":"<div>\n<div data-fusion-lazy-id=\"f0fW0AnQWGof2kd\">\n<div class>\n<p>Opini\u00f3n<\/p>\n<div>\n<p>Explica ideas y extrae conclusiones basadas en la interpretaci\u00f3n de hechos y datos.<\/p>\n<\/div>\n<\/div>\n<div>\n<h2>La Banda Ciudadana fue nuestra puerta de acceso a esa primera gran red inal\u00e1mbrica, relata Jos\u00e9 Luis Nieto Mingo<\/h2>\n<div>\n<p>5 de septiembre de 2026 &#8211; 11:00 PM<\/p>\n<\/div>\n<\/div>\n<div>\n<p>Las opiniones expresadas en este art\u00edculo son \u00fanicamente del autor y no reflejan las opiniones y creencias de El Nuevo D\u00eda o sus afiliados.<\/p>\n<\/div>\n<\/div>\n<div data-fusion-lazy-id=\"f0f0LDhCGuW61Yy\">\n<div><picture><source media=\"(max-width: 375px)\" ><source media=\"(max-width: 767px)\" ><source media=\"(max-width: 1023px)\" ><source ><\/picture><figcaption>La Banda Ciudadana fue nuestra puerta de acceso a esa primera gran red inal\u00e1mbrica, relata Jos\u00e9 Luis Nieto Mingo <span>(Shutterstock)<\/span><\/figcaption><\/div>\n<div>\n<p>Todav\u00eda es com\u00fan escuchar a gente que para expresar la afirmaci\u00f3n \u201cs\u00ed\u201d, o para decir que algo es correcto, utiliza el c\u00f3digo 10-4. Del mismo modo, emplean el t\u00e9rmino 10-7 para se\u00f1alar que alguien se qued\u00f3 inconsciente o que algo ya no funciona. Incluso hay quienes preguntan \u201c\u00bfcu\u00e1l es tu 20?\u201d para que les digas en d\u00f3nde est\u00e1s. Lo que probablemente la mayor\u00eda desconoce es que esta nomenclatura se refiere a una clave de comunicaci\u00f3n por radio que fue muy popular en Puerto Rico y Estados Unidos en los a\u00f1os 70 conocida como la radio de Banda Ciudadana (CB, por sus siglas en ingl\u00e9s). <\/p>\n<\/div>\n<\/div>\n<div>\n<p><b>Gu\u00edas de Opini\u00f3n<\/b><\/p>\n<p>Las columnas deben enviarse a Gerardo Cordero: gerardo.cordero@gfrmedia.com. Las columnas tienen que ser de 300, 400 o 500 palabras. Al enviarnos su columna, el escritor concede a GFR Media una licencia exclusiva, perpetua, irrevocable, sublicenciable, mundial y libre de regal\u00edas para reproducir, copiar, distribuir, publicar, exhibir, preparar obras derivadas, traducir, sindicar, incluir en compilaciones u obras colectivas, y de cualquier otro modo de forma general utilizar su columna (en todo o en parte), sin reserva ni limitaci\u00f3n alguna, en cualquier medio (incluyendo pero sin limitarse, a las versiones impresas o digitales o en los sitios web o aplicaciones m\u00f3vil del peri\u00f3dico El Nuevo D\u00eda), forma, tecnolog\u00eda o m\u00e9todo conocido en el presente o que sea conocido, desarrollado o descubierto en el futuro. El autor acepta que GFR Media, LLC, podr\u00eda cobrar a los suscriptores las versiones digitales, sitios web o aplicaciones m\u00f3viles de GFR Media por el acceso a la columna. <\/p>\n<\/div>\n<section>\n<header><span>Popular en la Comunidad<\/span><\/header>\n<\/section>\n<\/div>\n\n    <div class=\"xs_social_share_widget xs_share_url after_content \t\tmain_content  wslu-style-1 wslu-share-box-shaped wslu-fill-colored wslu-none wslu-share-horizontal wslu-theme-font-no wslu-main_content\">\n\n\t\t\n        <ul>\n\t\t\t        <\/ul>\n    <\/div> \n","protected":false},"excerpt":{"rendered":"<p>Opini\u00f3n Explica ideas y extrae conclusiones basadas en la interpretaci\u00f3n de hechos y datos. La Banda Ciudadana fue nuestra puerta de acceso a esa primera gran red inal\u00e1mbrica, relata Jos\u00e9 Luis Nieto Mingo 5 de septiembre de 2026 &#8211; 11:00 PM Las opiniones expresadas en este art\u00edculo son \u00fanicamente del autor y no reflejan las<\/p>\n","protected":false},"author":2,"featured_media":30391,"comment_status":"open","ping_status":"open","sticky":false,"template":"","format":"standard","meta":{"om_disable_all_campaigns":false,"_monsterinsights_skip_tracking":false,"footnotes":""},"categories":[30],"tags":[],"class_list":["post-30390","post","type-post","status-publish","format-standard","has-post-thumbnail","hentry","category-opinion"],"aioseo_notices":[],"_links":{"self":[{"href":"https:\/\/aleeknews.com\/4l33k5\/wp-json\/wp\/v2\/posts\/30390","targetHints":{"allow":["GET"]}}],"collection":[{"href":"https:\/\/aleeknews.com\/4l33k5\/wp-json\/wp\/v2\/posts"}],"about":[{"href":"https:\/\/aleeknews.com\/4l33k5\/wp-json\/wp\/v2\/types\/post"}],"author":[{"embeddable":true,"href":"https:\/\/aleeknews.com\/4l33k5\/wp-json\/wp\/v2\/users\/2"}],"replies":[{"embeddable":true,"href":"https:\/\/aleeknews.com\/4l33k5\/wp-json\/wp\/v2\/comments?post=30390"}],"version-history":[{"count":0,"href":"https:\/\/aleeknews.com\/4l33k5\/wp-json\/wp\/v2\/posts\/30390\/revisions"}],"wp:featuredmedia":[{"embeddable":true,"href":"https:\/\/aleeknews.com\/4l33k5\/wp-json\/wp\/v2\/media\/30391"}],"wp:attachment":[{"href":"https:\/\/aleeknews.com\/4l33k5\/wp-json\/wp\/v2\/media?parent=30390"}],"wp:term":[{"taxonomy":"category","embeddable":true,"href":"https:\/\/aleeknews.com\/4l33k5\/wp-json\/wp\/v2\/categories?post=30390"},{"taxonomy":"post_tag","embeddable":true,"href":"https:\/\/aleeknews.com\/4l33k5\/wp-json\/wp\/v2\/tags?post=30390"}],"curies":[{"name":"wp","href":"https:\/\/api.w.org\/{rel}","templated":true}]}}