{"id":30384,"date":"2026-09-04T19:43:20","date_gmt":"2026-09-04T23:43:20","guid":{"rendered":"https:\/\/aleeknews.com\/4l33k5\/2026\/09\/04\/salma-hayek-a-los-60-de-estrella-mexicana-a-una-abuela-orgullosa\/"},"modified":"2026-09-04T19:43:20","modified_gmt":"2026-09-04T23:43:20","slug":"salma-hayek-a-los-60-de-estrella-mexicana-a-una-abuela-orgullosa","status":"publish","type":"post","link":"https:\/\/aleeknews.com\/4l33k5\/2026\/09\/04\/salma-hayek-a-los-60-de-estrella-mexicana-a-una-abuela-orgullosa\/","title":{"rendered":"Salma Hayek a los 60: de estrella mexicana a una abuela orgullosa"},"content":{"rendered":"<div data-fusion-lazy-id=\"f0fvkVotAlJJUv\">\n<div>\n<div>\n<p>Actriz, productora, empresaria y activista,  ha construido una de las trayectorias m\u00e1s exitosas de la industria del entretenimiento. Al cumplir 60 a\u00f1os, la mexicana celebra una etapa especialmente feliz marcada por la llegada de su primer nieto, un nuevo cap\u00edtulo en una vida llena de logros profesionales, desaf\u00edos personales y un firme compromiso con la representaci\u00f3n latina en Hollywood.<\/p>\n<div>\n<\/div>\n<div>\n<p>2 de septiembre de 2026 &#8211; 12:00 AM<\/p>\n<\/div>\n<\/div>\n<\/div>\n<div>\n<p><b>1 \/ 18 | <\/b><span> Salma Hayek a los 60: de estrella mexicana a una abuela orgullosa. Nacida el 2 de septiembre de 1966 en Coatzacoalcos, Veracruz, Salma Hayek creci\u00f3 en una familia de ra\u00edces libanesas y mexicanas. Desde peque\u00f1a mostr\u00f3 una personalidad determinada que m\u00e1s adelante la ayudar\u00eda a abrirse paso en una de las industrias m\u00e1s competitivas del mundo.<\/span><i> &#8211; Instagram<\/i><\/p>\n<\/div>\n<\/div>\n\n    <div class=\"xs_social_share_widget xs_share_url after_content \t\tmain_content  wslu-style-1 wslu-share-box-shaped wslu-fill-colored wslu-none wslu-share-horizontal wslu-theme-font-no wslu-main_content\">\n\n\t\t\n        <ul>\n\t\t\t        <\/ul>\n    <\/div> \n","protected":false},"excerpt":{"rendered":"<p>Actriz, productora, empresaria y activista, ha construido una de las trayectorias m\u00e1s exitosas de la industria del entretenimiento. Al cumplir 60 a\u00f1os, la mexicana celebra una etapa especialmente feliz marcada por la llegada de su primer nieto, un nuevo cap\u00edtulo en una vida llena de logros profesionales, desaf\u00edos personales y un firme compromiso con la<\/p>\n","protected":false},"author":2,"featured_media":30385,"comment_status":"open","ping_status":"open","sticky":false,"template":"","format":"standard","meta":{"om_disable_all_campaigns":false,"_monsterinsights_skip_tracking":false,"footnotes":""},"categories":[47],"tags":[],"class_list":["post-30384","post","type-post","status-publish","format-standard","has-post-thumbnail","hentry","category-farandula"],"aioseo_notices":[],"_links":{"self":[{"href":"https:\/\/aleeknews.com\/4l33k5\/wp-json\/wp\/v2\/posts\/30384","targetHints":{"allow":["GET"]}}],"collection":[{"href":"https:\/\/aleeknews.com\/4l33k5\/wp-json\/wp\/v2\/posts"}],"about":[{"href":"https:\/\/aleeknews.com\/4l33k5\/wp-json\/wp\/v2\/types\/post"}],"author":[{"embeddable":true,"href":"https:\/\/aleeknews.com\/4l33k5\/wp-json\/wp\/v2\/users\/2"}],"replies":[{"embeddable":true,"href":"https:\/\/aleeknews.com\/4l33k5\/wp-json\/wp\/v2\/comments?post=30384"}],"version-history":[{"count":0,"href":"https:\/\/aleeknews.com\/4l33k5\/wp-json\/wp\/v2\/posts\/30384\/revisions"}],"wp:featuredmedia":[{"embeddable":true,"href":"https:\/\/aleeknews.com\/4l33k5\/wp-json\/wp\/v2\/media\/30385"}],"wp:attachment":[{"href":"https:\/\/aleeknews.com\/4l33k5\/wp-json\/wp\/v2\/media?parent=30384"}],"wp:term":[{"taxonomy":"category","embeddable":true,"href":"https:\/\/aleeknews.com\/4l33k5\/wp-json\/wp\/v2\/categories?post=30384"},{"taxonomy":"post_tag","embeddable":true,"href":"https:\/\/aleeknews.com\/4l33k5\/wp-json\/wp\/v2\/tags?post=30384"}],"curies":[{"name":"wp","href":"https:\/\/api.w.org\/{rel}","templated":true}]}}