{"id":30374,"date":"2026-09-04T17:44:52","date_gmt":"2026-09-04T21:44:52","guid":{"rendered":"https:\/\/aleeknews.com\/4l33k5\/2026\/09\/04\/puerto-rico-regresa-a-la-feria-internacional-de-turismo-en-madrid-en-busca-de-alianzas\/"},"modified":"2026-09-04T17:44:52","modified_gmt":"2026-09-04T21:44:52","slug":"puerto-rico-regresa-a-la-feria-internacional-de-turismo-en-madrid-en-busca-de-alianzas","status":"publish","type":"post","link":"https:\/\/aleeknews.com\/4l33k5\/2026\/09\/04\/puerto-rico-regresa-a-la-feria-internacional-de-turismo-en-madrid-en-busca-de-alianzas\/","title":{"rendered":"Puerto Rico regresa a la Feria Internacional de Turismo en Madrid en busca de alianzas"},"content":{"rendered":"<div>\n<div data-fusion-lazy-id=\"f0f5G41E11Y61Ck\">\n<div data-testid=\"global-header-test\">\n<hr>\n<p><span>Bolsa de valores <b>09:44 PM<\/b><\/span><\/p>\n<\/div>\n<div data-testid=\"test-post-copy\">\n<div>\n<p>S&#038;P 500 &#8211; (CFD)<\/p>\n<p>7572.40<\/p>\n<p>0.38%<\/p>\n<\/div>\n<p><span> \u00b7 <\/span><\/p>\n<p><span> \u00b7 <\/span><\/p>\n<\/div>\n<\/div>\n<div>\n<div data-fusion-lazy-id=\"f0f9tfiOw0362nv\">\n<div class>\n<p><a href=\"https:\/\/thetrustproject.org\/\"><img decoding=\"async\" src=\"https:\/\/www.elnuevodia.com\/pf\/resources\/v2\/icons\/trust-icon.svg?d=247\"><\/a><\/p>\n<div>\n<p>Noticia<\/p>\n<div>\n<p>Basado en hechos que el periodista haya observado y verificado de primera mano, o en informaci\u00f3n verificada que proviene de fuentes bien informadas.<\/p>\n<\/div>\n<\/div>\n<\/div>\n<div>\n<h2>Una delegaci\u00f3n de funcionarios electos, que incluye al presidente de la C\u00e1mara, Carlos \u201cJohnny\u201d M\u00e9ndez, asitir\u00e1, mientras se espera la participaci\u00f3n de la gobernadora Jenniffer Gonz\u00e1lez Col\u00f3n<\/h2>\n<div>\n<p>20 de enero de 2025 &#8211; 1:17 PM<\/p>\n<\/div>\n<div>\n<p><b>Archivo<\/b><\/p>\n<p>Esta historia fue publicada hace m\u00e1s de 1 a\u00f1o.<\/p>\n<\/div>\n<\/div>\n<\/div>\n<div data-fusion-lazy-id=\"f0f8wxHIPTYNet\">\n<div><picture><source media=\"(max-width: 375px)\" ><source media=\"(max-width: 767px)\" ><source media=\"(max-width: 1023px)\" ><source ><\/picture><figcaption>Exhibidor de Puerto Rico en la Feria Internacional de Turismo 2024 <span>(Suministrada)<\/span><\/figcaption><\/div>\n<div>\n<p><img decoding=\"async\" alt=\"Jos\u00e9 Orlando Delgado Rivera\" src=\"https:\/\/www.elnuevodia.com\/resizer\/v2\/https%3A%2F%2Fauthor-service-images-prod-us-east-1.publishing.aws.arc.pub%2Fgfrmedia%2F2b8b5e66-e7c1-4688-835e-191edae0ddfc.png?auth=5b4a7e8f482dddd87f58128de8eceac558550d1b57d5661fab3e195e38c75053&#038;quality=75&#038;smart=true&#038;width=170&#038;height=147\"><\/p>\n<\/div>\n<div>\n<p>En busca de reforzar las alianzas internacionales y el posicionamiento como destino tur\u00edstico en el mercado europeo, Puerto Rico regresar\u00e1 a la <a href=\"https:\/\/www.elnuevodia.com\/topicos\/feria-internacional-de-turismo\/\" target=\"_blank\">Feria Internacional de Turismo<\/a> (Fitur), que se celebrar\u00e1 esta semana en el centro de convenciones Ifema, en Madrid, Espa\u00f1a.<\/p>\n<\/div>\n<\/div>\n<section>\n<header><span>Popular en la Comunidad<\/span><\/header>\n<\/section>\n<\/div>\n<\/div>\n\n    <div class=\"xs_social_share_widget xs_share_url after_content \t\tmain_content  wslu-style-1 wslu-share-box-shaped wslu-fill-colored wslu-none wslu-share-horizontal wslu-theme-font-no wslu-main_content\">\n\n\t\t\n        <ul>\n\t\t\t        <\/ul>\n    <\/div> \n","protected":false},"excerpt":{"rendered":"<p>Bolsa de valores 09:44 PM S&amp;P 500 &#8211; (CFD) 7572.40 0.38% \u00b7 \u00b7 Noticia Basado en hechos que el periodista haya observado y verificado de primera mano, o en informaci\u00f3n verificada que proviene de fuentes bien informadas. Una delegaci\u00f3n de funcionarios electos, que incluye al presidente de la C\u00e1mara, Carlos \u201cJohnny\u201d M\u00e9ndez, asitir\u00e1, mientras se<\/p>\n","protected":false},"author":2,"featured_media":30375,"comment_status":"open","ping_status":"open","sticky":false,"template":"","format":"standard","meta":{"om_disable_all_campaigns":false,"_monsterinsights_skip_tracking":false,"footnotes":""},"categories":[5],"tags":[],"class_list":["post-30374","post","type-post","status-publish","format-standard","has-post-thumbnail","hentry","category-negocios"],"aioseo_notices":[],"_links":{"self":[{"href":"https:\/\/aleeknews.com\/4l33k5\/wp-json\/wp\/v2\/posts\/30374","targetHints":{"allow":["GET"]}}],"collection":[{"href":"https:\/\/aleeknews.com\/4l33k5\/wp-json\/wp\/v2\/posts"}],"about":[{"href":"https:\/\/aleeknews.com\/4l33k5\/wp-json\/wp\/v2\/types\/post"}],"author":[{"embeddable":true,"href":"https:\/\/aleeknews.com\/4l33k5\/wp-json\/wp\/v2\/users\/2"}],"replies":[{"embeddable":true,"href":"https:\/\/aleeknews.com\/4l33k5\/wp-json\/wp\/v2\/comments?post=30374"}],"version-history":[{"count":0,"href":"https:\/\/aleeknews.com\/4l33k5\/wp-json\/wp\/v2\/posts\/30374\/revisions"}],"wp:featuredmedia":[{"embeddable":true,"href":"https:\/\/aleeknews.com\/4l33k5\/wp-json\/wp\/v2\/media\/30375"}],"wp:attachment":[{"href":"https:\/\/aleeknews.com\/4l33k5\/wp-json\/wp\/v2\/media?parent=30374"}],"wp:term":[{"taxonomy":"category","embeddable":true,"href":"https:\/\/aleeknews.com\/4l33k5\/wp-json\/wp\/v2\/categories?post=30374"},{"taxonomy":"post_tag","embeddable":true,"href":"https:\/\/aleeknews.com\/4l33k5\/wp-json\/wp\/v2\/tags?post=30374"}],"curies":[{"name":"wp","href":"https:\/\/api.w.org\/{rel}","templated":true}]}}