{"id":30353,"date":"2026-09-04T17:42:55","date_gmt":"2026-09-04T21:42:55","guid":{"rendered":"https:\/\/aleeknews.com\/4l33k5\/2026\/09\/04\/senado-colombiano-abre-camino-a-abelardo-de-la-espriella-para-toma-de-posesion-presidencial-fuera-de-bogota\/"},"modified":"2026-09-04T17:42:55","modified_gmt":"2026-09-04T21:42:55","slug":"senado-colombiano-abre-camino-a-abelardo-de-la-espriella-para-toma-de-posesion-presidencial-fuera-de-bogota","status":"publish","type":"post","link":"https:\/\/aleeknews.com\/4l33k5\/2026\/09\/04\/senado-colombiano-abre-camino-a-abelardo-de-la-espriella-para-toma-de-posesion-presidencial-fuera-de-bogota\/","title":{"rendered":"Senado colombiano abre camino a Abelardo de la Espriella para toma de posesi\u00f3n presidencial fuera de Bogot\u00e1"},"content":{"rendered":"<div>\n<div data-fusion-lazy-id=\"f0fQYcNoHQKSGL\">\n<div class>\n<p><a href=\"https:\/\/thetrustproject.org\/\"><img decoding=\"async\" src=\"https:\/\/www.elnuevodia.com\/pf\/resources\/v2\/icons\/trust-icon.svg?d=247\"><\/a><\/p>\n<div>\n<p>Servicio de noticias<\/p>\n<div>\n<p>Producido externamente por una organizaci\u00f3n que confiamos cumple con las normas period\u00edsticas.<\/p>\n<\/div>\n<\/div>\n<\/div>\n<div>\n<h2>El presidente electo busca prestar juramento en una guarnici\u00f3n militar en la zona del Cauca, en vez de en la capital<\/h2>\n<div>\n<p>23 de julio de 2026 &#8211; 7:28 AM<\/p>\n<\/div>\n<div>\n<p><b>Archivo<\/b><\/p>\n<p>Esta historia fue publicada hace m\u00e1s de 1 mes.<\/p>\n<\/div>\n<\/div>\n<\/div>\n<div data-fusion-lazy-id=\"f0fIYaQF9GLV14D\">\n<div><picture><source media=\"(max-width: 375px)\" ><source media=\"(max-width: 767px)\" ><source media=\"(max-width: 1023px)\" ><source ><\/picture><figcaption>Seg\u00fan la Constituci\u00f3n colombiana, la toma de posesi\u00f3n presidencial debe realizarse en una sesi\u00f3n en la sede de la legislatura ubicada en Bogot\u00e1. <span>(Miguel Angel Lopez)<\/span><\/figcaption><\/div>\n<div>\n<p><span>Por <b><\/b><b>The Associated Press<\/b><\/span><\/p>\n<p><span>Agencia de noticias<\/span><\/p>\n<\/div>\n<div>\n<p><b>Bogot\u00e1<\/b> &#8211; El Senado colombiano aprob\u00f3 el mi\u00e9rcoles la propuesta para que la toma de posesi\u00f3n presidencial del conservador <a href=\"https:\/\/www.elnuevodia.com\/topicos\/abelardo-de-la-espriella\/\" target=\"_self\" rel title=\"https:\/\/www.elnuevodia.com\/topicos\/abelardo-de-la-espriella\/\">Abelardo de la Espriella<\/a> el 7 de agosto sea en un recinto militar en el convulso departamento del Cauca. La iniciativa qued\u00f3 pendiente del aval de la C\u00e1mara de Representantes.<\/p>\n<\/div>\n<\/div>\n<section>\n<header><span>Popular en la Comunidad<\/span><\/header>\n<\/section>\n<\/div>\n\n    <div class=\"xs_social_share_widget xs_share_url after_content \t\tmain_content  wslu-style-1 wslu-share-box-shaped wslu-fill-colored wslu-none wslu-share-horizontal wslu-theme-font-no wslu-main_content\">\n\n\t\t\n        <ul>\n\t\t\t        <\/ul>\n    <\/div> \n","protected":false},"excerpt":{"rendered":"<p>Servicio de noticias Producido externamente por una organizaci\u00f3n que confiamos cumple con las normas period\u00edsticas. El presidente electo busca prestar juramento en una guarnici\u00f3n militar en la zona del Cauca, en vez de en la capital 23 de julio de 2026 &#8211; 7:28 AM Archivo Esta historia fue publicada hace m\u00e1s de 1 mes. Seg\u00fan<\/p>\n","protected":false},"author":2,"featured_media":30354,"comment_status":"open","ping_status":"open","sticky":false,"template":"","format":"standard","meta":{"om_disable_all_campaigns":false,"_monsterinsights_skip_tracking":false,"footnotes":""},"categories":[10],"tags":[],"class_list":["post-30353","post","type-post","status-publish","format-standard","has-post-thumbnail","hentry","category-mundo"],"aioseo_notices":[],"_links":{"self":[{"href":"https:\/\/aleeknews.com\/4l33k5\/wp-json\/wp\/v2\/posts\/30353","targetHints":{"allow":["GET"]}}],"collection":[{"href":"https:\/\/aleeknews.com\/4l33k5\/wp-json\/wp\/v2\/posts"}],"about":[{"href":"https:\/\/aleeknews.com\/4l33k5\/wp-json\/wp\/v2\/types\/post"}],"author":[{"embeddable":true,"href":"https:\/\/aleeknews.com\/4l33k5\/wp-json\/wp\/v2\/users\/2"}],"replies":[{"embeddable":true,"href":"https:\/\/aleeknews.com\/4l33k5\/wp-json\/wp\/v2\/comments?post=30353"}],"version-history":[{"count":0,"href":"https:\/\/aleeknews.com\/4l33k5\/wp-json\/wp\/v2\/posts\/30353\/revisions"}],"wp:featuredmedia":[{"embeddable":true,"href":"https:\/\/aleeknews.com\/4l33k5\/wp-json\/wp\/v2\/media\/30354"}],"wp:attachment":[{"href":"https:\/\/aleeknews.com\/4l33k5\/wp-json\/wp\/v2\/media?parent=30353"}],"wp:term":[{"taxonomy":"category","embeddable":true,"href":"https:\/\/aleeknews.com\/4l33k5\/wp-json\/wp\/v2\/categories?post=30353"},{"taxonomy":"post_tag","embeddable":true,"href":"https:\/\/aleeknews.com\/4l33k5\/wp-json\/wp\/v2\/tags?post=30353"}],"curies":[{"name":"wp","href":"https:\/\/api.w.org\/{rel}","templated":true}]}}