{"id":30344,"date":"2026-09-04T12:42:38","date_gmt":"2026-09-04T16:42:38","guid":{"rendered":"https:\/\/aleeknews.com\/4l33k5\/2026\/09\/04\/katie-taylor-dira-adios-no-puedes-hablar-de-ella-sin-amanda-serrano\/"},"modified":"2026-09-04T12:42:38","modified_gmt":"2026-09-04T16:42:38","slug":"katie-taylor-dira-adios-no-puedes-hablar-de-ella-sin-amanda-serrano","status":"publish","type":"post","link":"https:\/\/aleeknews.com\/4l33k5\/2026\/09\/04\/katie-taylor-dira-adios-no-puedes-hablar-de-ella-sin-amanda-serrano\/","title":{"rendered":"Katie Taylor dir\u00e1 adi\u00f3s: \u201cNo puedes hablar de ella sin Amanda Serrano\u201d"},"content":{"rendered":"<div>\n<p>El \u00faltimo recorrido de <a href=\"https:\/\/www.elnuevodia.com\/topicos\/katie-taylor\/\" target=\"_self\" rel title=\"https:\/\/www.elnuevodia.com\/topicos\/katie-taylor\/\"><b>Katie Taylor<\/b><\/a> hacia un cuadril\u00e1tero tendr\u00e1 como escenario un estadio repleto de 80,000 personas en su natal Irlanda.<\/p>\n<p>La imagen ofrece una medida del alcance de una carrera que comenz\u00f3 cuando el boxeo femenino todav\u00eda luchaba por abrirse espacio y que concluir\u00e1 el s\u00e1bado en el<b> Croke Park<\/b>, en Dubl\u00edn, con Taylor como una de las figuras m\u00e1s influyentes en la historia de este deporte.<\/p>\n<div>\n<p>La irlandesa de 40 a\u00f1os, con marca de 25-1 y seis nocauts, enfrentar\u00e1 en su despedida a la invicta francesa<b> Flora Pili <\/b>(12-0, 2 KO\u2019s). Taylor expondr\u00e1 los t\u00edtulos de la <a href=\"https:\/\/www.elnuevodia.com\/topicos\/asociacion-mundial-de-boxeo\/\" target=\"_self\" rel title=\"https:\/\/www.elnuevodia.com\/topicos\/asociacion-mundial-de-boxeo\/\"><b>Asociaci\u00f3n Mundial de Boxeo (AMB)<\/b><\/a>, la <a href=\"https:\/\/www.elnuevodia.com\/topicos\/federacion-internacional-de-boxeo\/\" target=\"_self\" rel title=\"https:\/\/www.elnuevodia.com\/topicos\/federacion-internacional-de-boxeo\/\"><b>Federaci\u00f3n Internacional de Boxeo (FIB)<\/b><\/a>, la <a href=\"https:\/\/www.elnuevodia.com\/topicos\/organizacion-mundial-de-boxeo\/\" target=\"_self\" rel title=\"https:\/\/www.elnuevodia.com\/topicos\/organizacion-mundial-de-boxeo\/\"><b>Organizaci\u00f3n Mundial de Boxeo (OMB)<\/b><\/a> y <b>The Ring<\/b> en las 140 libras.<\/p>\n<\/div>\n<p>Tambi\u00e9n estar\u00e1 en juego el cetro vacante del <a href=\"https:\/\/www.elnuevodia.com\/topicos\/consejo-mundial-de-boxeo\/\" target=\"_self\" rel title=\"https:\/\/www.elnuevodia.com\/topicos\/consejo-mundial-de-boxeo\/\"><b>Consejo Mundial de Boxeo (CMB)<\/b><\/a>. Sandy Ryan, quien lo pose\u00eda, fue declarada campeona en receso despu\u00e9s de anunciar su embarazo. Una victoria permitir\u00eda a Taylor recuperar su condici\u00f3n de campeona indiscutible por tercera ocasi\u00f3n.<\/p>\n<p>Ser\u00e1 el primer evento de boxeo profesional en el Croke Park desde el combate de <b>Muhammad Ali<\/b> contra <b>Alvin \u201cBlue\u201d Lewis<\/b> en 1972, seg\u00fan inform\u00f3 <b>Matchroom Boxing<\/b>.<\/p>\n<p>Desde Puerto Rico, cuatro voces vinculadas al boxeo coincidieron en dos elementos al evaluar el legado de Taylor: su aportaci\u00f3n al crecimiento deportivo y econ\u00f3mico del boxeo femenino y la imposibilidad de contar su historia sin mencionar a la puertorrique\u00f1a <a href=\"https:\/\/www.elnuevodia.com\/topicos\/amanda-serrano\/\" target=\"_self\" rel title=\"https:\/\/www.elnuevodia.com\/topicos\/amanda-serrano\/\"><b>Amanda Serrano<\/b><\/a>.<\/p>\n<p>\u201cElla y Amanda abrieron las puertas al boxeo femenino y a las buenas bolsas. El boxeo femenino era discriminado en t\u00e9rminos econ\u00f3micos\u201d, expres\u00f3 Francisco \u201cPaco\u201d Valc\u00e1rcel, expresidente de la OMB.<\/p>\n<p>\u201cGracias a ellas, las bolsas mejoraron. Son dos boxeadoras en peligro de extinci\u00f3n por la calidad, el boxeo, la dedicaci\u00f3n y la preparaci\u00f3n para una pelea. Son de lo mejor que he visto en 46 a\u00f1os en el boxeo\u201d, a\u00f1adi\u00f3.<\/p>\n<div>\n<p><b>1 \/ 17 | <\/b><span> Revive la hist\u00f3rica tercera pelea entre Amanda Serrano y Katie Taylor. Con un repleto  Madison Square Garden y un apasionado p\u00fablico, la irlandesa Katie Taylor se llev\u00f3 la tercera pelea de la trilog\u00eda ante la boricua Amanda Serrano por decisi\u00f3n mayoritaria.<\/p>\n<p>Xavier Ara\u00fajo | GFR Media<br \/>\nxavier.araujo@gfrmedia.com<br \/>\nAraujo<br \/>\n<\/span><i> &#8211; Xavier Ara\u00fajo<\/i><\/p>\n<\/div>\n<p><h4><b>Una trayectoria de dos etapas<\/b><\/h4>\n<\/p>\n<p>Antes de dar el salto al profesionalismo en 2016, Taylor ya hab\u00eda construido una de las carreras m\u00e1s sobresalientes del boxeo aficionado. Gan\u00f3 la medalla de oro en los <b>Juegos Ol\u00edmpicos de Londres 2012<\/b>, <b>cinco campeonatos mundiales consecutivos, seis t\u00edtulos europeos y cinco preseas doradas en los Campeonatos de la European Union<\/b>, de acuerdo con su perfil ol\u00edmpico.<\/p>\n<p>En el profesionalismo <b>se coron\u00f3 campeona indiscutible del peso ligero (135 libras) en 2019<\/b>. Cuatro a\u00f1os despu\u00e9s sufri\u00f3 la \u00fanica derrota de su carrera ante <b>Chantelle Cameron<\/b>, pero se desquit\u00f3 seis meses m\u00e1s tarde para arrebatarle el <b>campeonato indiscutible de las 140 libras<\/b>.<\/p>\n<p>Para la ol\u00edmpica puertorrique\u00f1a <a href=\"https:\/\/www.elnuevodia.com\/topicos\/ashleyann-lozada\/\" target=\"_self\" rel title=\"https:\/\/www.elnuevodia.com\/topicos\/ashleyann-lozada\/\"><b>Ashleyann Lozada<\/b><\/a>, esa capacidad para alcanzar la cima en ambas etapas distingue la trayectoria de Taylor.<\/p>\n<p>\u201cKatie Taylor ha conseguido todo lo que representa la grandeza en el boxeo aficionado y profesional. Fue medallista ol\u00edmpica, campeona mundial y una de las mujeres, junto con Amanda, mejor pagadas\u201d, manifest\u00f3 Lozada.<\/p>\n<p>\u201cEs una inspiraci\u00f3n porque gan\u00f3 oro en las Olimpiadas y su trayectoria aficionada habla por s\u00ed sola. En el profesionalismo ha enfrentado a las mejores y no les huye a los retos. Yo estoy aspirando a eso mismo: ir tras los retos grandes, como lo hizo ella\u201d, agreg\u00f3 la corozale\u00f1a.<\/p>\n<p>El abogado y asesor deportivo <b>Jos\u00e9 Izquierdo<\/b> tambi\u00e9n destac\u00f3 la dif\u00edcil transici\u00f3n completada por Taylor entre ambos niveles.<\/p>\n<p>\u201cEso es bien dif\u00edcil porque hay peleadores, tanto hombres como mujeres, que no pueden hacer esa transici\u00f3n, y ella la logr\u00f3. Tambi\u00e9n se convirti\u00f3 en una hero\u00edna de su pa\u00eds. Puede concluir su carrera con la satisfacci\u00f3n de haber contribuido, posiblemente m\u00e1s que ninguna otra f\u00e9mina, al crecimiento del deporte\u201d, sostuvo.<\/p>\n<p><h4><b>Un legado compartido<\/b><\/h4>\n<\/p>\n<p>El punto de inflexi\u00f3n de la etapa profesional de Taylor lleg\u00f3 con la trilog\u00eda frente a Serrano.<\/p>\n<p>El primer enfrentamiento, celebrado en abril de 2022, fue el primer combate femenino en encabezar una cartelera en el Madison Square Garden. Ambas recibieron bolsas superiores al mill\u00f3n de d\u00f3lares, otro precedente para el boxeo de mujeres.<\/p>\n<p>Taylor gan\u00f3 ese encuentro por decisi\u00f3n dividida. Se impuso nuevamente por decisi\u00f3n un\u00e1nime en noviembre de 2024, en el AT&#038;T Stadium, y complet\u00f3 la barrida en julio de 2025 mediante decisi\u00f3n mayoritaria en su regreso al Madison Square Garden.<\/p>\n<p>La segunda pelea tuvo una audiencia estimada de <b>74 millones de espectadores<\/b> en directo alrededor del mundo, mientras que cerca de <b>seis millones<\/b> vieron el tercer duelo de principio a fin, de acuerdo con cifras divulgadas por Netflix.<\/p>\n<p>\u201cEllas, en conjunto, hicieron m\u00e1s que todas las boxeadoras que les precedieron para cambiar los estereotipos que hab\u00eda sobre el boxeo femenino: que no era de alto nivel, competitivo ni entretenido\u201d, se\u00f1al\u00f3 Izquierdo.<\/p>\n<p>Para el abogado, la asociaci\u00f3n hist\u00f3rica entre ambas puede compararse con algunas de las grandes rivalidades del boxeo masculino.<\/p>\n<p>\u201cEs como hablar de <b>Roberto Dur\u00e1n y no mencionar a Sugar Ray Leonard<\/b>, o de <b>Marvin Hagler y no mencionar a Tommy Hearns<\/b>. Son personajes estelares en el libro del deporte\u201d, afirm\u00f3.<\/p>\n<p>Valc\u00e1rcel comparti\u00f3 esa apreciaci\u00f3n.<\/p>\n<p>\u201cNo puedes hablar de Katie Taylor sin Amanda y de Amanda sin Katie. Una se complementa con la otra. Nacieron para complementarse, para darle un nuevo despertar y un trato econ\u00f3mico m\u00e1s justo al boxeo femenino\u201d, declar\u00f3.<\/p>\n<p>El excampe\u00f3n mundial y entrenador <a href=\"https:\/\/www.elnuevodia.com\/topicos\/ivan-calderon\/\" target=\"_self\" rel title=\"https:\/\/www.elnuevodia.com\/topicos\/ivan-calderon\/\"><b>Iv\u00e1n Calder\u00f3n<\/b><\/a> record\u00f3 que dos de los tres encuentros terminaron con decisiones que, a su juicio, pudieron favorecer a cualquiera.<\/p>\n<p>\u201cTodas fueron exitosas, aunque hubo dos que pudieron decidirse para cualquiera de los dos lados. Pero, siendo Katie la campeona, se llev\u00f3 las victorias por su estilo box\u00edstico\u201d, articul\u00f3.<\/p>\n<p><h4><b>Inteligencia y capacidad de adaptaci\u00f3n<\/b><\/h4>\n<\/p>\n<p>Aunque Taylor no se distingui\u00f3 por su poder \u2014solo seis de sus 25 victorias fueron por nocaut\u2014, compens\u00f3 esa limitaci\u00f3n con desplazamientos, velocidad, inteligencia y capacidad para ajustar su estrategia.<\/p>\n<p>\u201cEntra y sale, pelea en puntas, tiene rapidez de manos y una manera de pelear inc\u00f3moda\u201d, describi\u00f3 Calder\u00f3n.<\/p>\n<p>Lozada identific\u00f3 similitudes entre el estilo de Taylor y el suyo por la influencia del boxeo aficionado.<\/p>\n<p>\u201cElla mantiene el ritmo del boxeo aficionado, como Lomachenko. Lo que m\u00e1s me gusta es que entra y sale. No es la t\u00edpica boxeadora que siempre va hacia el frente. Le gusta jugar: entra por aqu\u00ed, sale por all\u00e1. Es m\u00e1s anal\u00edtica y estudia mucho a sus contrincantes\u201d, explic\u00f3.<\/p>\n<p>Izquierdo resalt\u00f3, adem\u00e1s, la forma en que Taylor acostumbraba terminar los asaltos, particularmente en combates cerrados.<\/p>\n<p>\u201cEs una peleadora que sab\u00eda, con una inteligencia incre\u00edble sobre el ring, explotar las debilidades del oponente. Lograba imponer su estrategia, si no al principio, a lo largo de la pelea\u201d, comparti\u00f3.<\/p>\n<p><b>\u201cA ella cerrar bien siempre le dejaba esa nota positiva que hac\u00eda un poco m\u00e1s f\u00e1cil el trabajo de los jueces\u201d<\/b>, a\u00f1adi\u00f3 el abogado.<\/p>\n<div>\n<figure><picture><source media=\"(max-width: 375px)\" ><source media=\"(max-width: 767px)\" ><source media=\"(max-width: 1023px)\" ><source ><img src=\"https:\/\/www.elnuevodia.com\/resizer\/v2\/GPYVXGY7H5BHNONUQOSJ47ZUZU.jpg?auth=3513fe8ae5f3f59c540ed3e6392bd97e23adbd4cb4b1638c349059b43e110fef&#038;quality=75&#038;width=829&#038;smart=true\" alt=\"Katie Taylor comparte con una joven fan\u00e1tica que estall\u00f3 en llanto al tenerla tan cerca en un momento emotivo de su entrenamiento p\u00fablico para su pelea ante Flora Pili.\" loading=\"eager\" fetchpriority=\"high\" decoding=\"sync\"><\/picture><figcaption>Katie Taylor comparte con una joven fan\u00e1tica que estall\u00f3 en llanto al tenerla tan cerca en un momento emotivo de su entrenamiento p\u00fablico para su pelea ante Flora Pili. (BRAN HOLLOWAY)<\/figcaption><\/figure>\n<\/div>\n<p><h4><b>Las puertas que deja abiertas<\/b><\/h4>\n<\/p>\n<p>La salida de Taylor representar\u00e1 la p\u00e9rdida de una de las grandes figuras del boxeo, pero los entrevistados entienden que las oportunidades creadas durante su carrera permitir\u00e1n el surgimiento de otras estrellas.<\/p>\n<p>\u201cSu salida les da oportunidades a las que vienen subiendo y que ella, con su figura, opaca. Se abren puertas para que tengan la oportunidad de crecer y ser reconocidas\u201d, opin\u00f3 Calder\u00f3n.<\/p>\n<p>Izquierdo tampoco describi\u00f3 su retiro como un vac\u00edo.<\/p>\n<p>\u201cEs una carrera que est\u00e1 llegando al fin cuando tiene que llegar, bajo sus propios t\u00e9rminos y como ella quiere. Lejos de dejar un hueco, deja esperanza para que m\u00e1s figuras contin\u00faen su legado\u201d, se\u00f1al\u00f3.<\/p>\n<p>Valc\u00e1rcel advirti\u00f3 que las nuevas campeonas necesitar\u00e1n encontrar una contraparte capaz de generar una rivalidad de la dimensi\u00f3n alcanzada por Taylor y Serrano.<\/p>\n<p>\u201cHay otras que est\u00e1n en camino y son j\u00f3venes que todav\u00eda lo pueden lograr, pero necesitan ese <i>dance partner<\/i> para poder llegar a donde llegaron Katie Taylor y Amanda\u201d, puntualiz\u00f3.<\/p>\n<\/div>\n\n    <div class=\"xs_social_share_widget xs_share_url after_content \t\tmain_content  wslu-style-1 wslu-share-box-shaped wslu-fill-colored wslu-none wslu-share-horizontal wslu-theme-font-no wslu-main_content\">\n\n\t\t\n        <ul>\n\t\t\t        <\/ul>\n    <\/div> \n","protected":false},"excerpt":{"rendered":"<p>El \u00faltimo recorrido de Katie Taylor hacia un cuadril\u00e1tero tendr\u00e1 como escenario un estadio repleto de 80,000 personas en su natal Irlanda. La imagen ofrece una medida del alcance de una carrera que comenz\u00f3 cuando el boxeo femenino todav\u00eda luchaba por abrirse espacio y que concluir\u00e1 el s\u00e1bado en el Croke Park, en Dubl\u00edn, con<\/p>\n","protected":false},"author":2,"featured_media":30345,"comment_status":"open","ping_status":"open","sticky":false,"template":"","format":"standard","meta":{"om_disable_all_campaigns":false,"_monsterinsights_skip_tracking":false,"footnotes":""},"categories":[7],"tags":[],"class_list":["post-30344","post","type-post","status-publish","format-standard","has-post-thumbnail","hentry","category-deportes"],"aioseo_notices":[],"_links":{"self":[{"href":"https:\/\/aleeknews.com\/4l33k5\/wp-json\/wp\/v2\/posts\/30344","targetHints":{"allow":["GET"]}}],"collection":[{"href":"https:\/\/aleeknews.com\/4l33k5\/wp-json\/wp\/v2\/posts"}],"about":[{"href":"https:\/\/aleeknews.com\/4l33k5\/wp-json\/wp\/v2\/types\/post"}],"author":[{"embeddable":true,"href":"https:\/\/aleeknews.com\/4l33k5\/wp-json\/wp\/v2\/users\/2"}],"replies":[{"embeddable":true,"href":"https:\/\/aleeknews.com\/4l33k5\/wp-json\/wp\/v2\/comments?post=30344"}],"version-history":[{"count":0,"href":"https:\/\/aleeknews.com\/4l33k5\/wp-json\/wp\/v2\/posts\/30344\/revisions"}],"wp:featuredmedia":[{"embeddable":true,"href":"https:\/\/aleeknews.com\/4l33k5\/wp-json\/wp\/v2\/media\/30345"}],"wp:attachment":[{"href":"https:\/\/aleeknews.com\/4l33k5\/wp-json\/wp\/v2\/media?parent=30344"}],"wp:term":[{"taxonomy":"category","embeddable":true,"href":"https:\/\/aleeknews.com\/4l33k5\/wp-json\/wp\/v2\/categories?post=30344"},{"taxonomy":"post_tag","embeddable":true,"href":"https:\/\/aleeknews.com\/4l33k5\/wp-json\/wp\/v2\/tags?post=30344"}],"curies":[{"name":"wp","href":"https:\/\/api.w.org\/{rel}","templated":true}]}}