{"id":30336,"date":"2026-09-03T19:42:54","date_gmt":"2026-09-03T23:42:54","guid":{"rendered":"https:\/\/aleeknews.com\/4l33k5\/2026\/09\/03\/nio-garcia-entre-fama-regueton-y-victima-de-la-criminalidad\/"},"modified":"2026-09-03T19:42:54","modified_gmt":"2026-09-03T23:42:54","slug":"nio-garcia-entre-fama-regueton-y-victima-de-la-criminalidad","status":"publish","type":"post","link":"https:\/\/aleeknews.com\/4l33k5\/2026\/09\/03\/nio-garcia-entre-fama-regueton-y-victima-de-la-criminalidad\/","title":{"rendered":"Nio Garc\u00eda: entre fama, reguet\u00f3n y v\u00edctima de la criminalidad"},"content":{"rendered":"<div data-fusion-lazy-id=\"f0fvkVotAlJJUv\">\n<div>\n<div>\n<p>El exponente urbano comenz\u00f3 su carrera hace 17 a\u00f1os en la escena del reguet\u00f3n. Fue v\u00edctima de un robo domiciliario en su residencia en Guaynabo.<\/p>\n<div>\n<div>\n<p><span>Por <b><\/b><a href=\"https:\/\/www.elnuevodia.com\/autor\/damaris-hernandez-mercado\/\"><b>Damaris Hern\u00e1ndez Mercado<\/b><\/a><\/span><\/p>\n<div>\n<p><span>Periodista de Entretenimiento y Estilos de Vida<\/span><a href=\"mailto:damaris.hernandez@gfrmedia.com\">damaris.hernandez@gfrmedia.com<\/a><\/p>\n<\/div>\n<\/div>\n<\/div>\n<div>\n<p>3 de septiembre de 2026 &#8211; 2:55 PM<\/p>\n<\/div>\n<\/div>\n<\/div>\n<div>\n<p><b>1 \/ 15 | <\/b><span> Nio Garc\u00eda: entre fama, reguet\u00f3n y v\u00edctima de la criminalidad . El exponente del g\u00e9nero urbano alcanz\u00f3 la fama global gracias los temas y remezclas como &#8220;Te Bot\u00e9&#8221; y &#8220;La Jeepeta&#8221;. <\/span><\/p>\n<\/div>\n<\/div>\n\n    <div class=\"xs_social_share_widget xs_share_url after_content \t\tmain_content  wslu-style-1 wslu-share-box-shaped wslu-fill-colored wslu-none wslu-share-horizontal wslu-theme-font-no wslu-main_content\">\n\n\t\t\n        <ul>\n\t\t\t        <\/ul>\n    <\/div> \n","protected":false},"excerpt":{"rendered":"<p>El exponente urbano comenz\u00f3 su carrera hace 17 a\u00f1os en la escena del reguet\u00f3n. Fue v\u00edctima de un robo domiciliario en su residencia en Guaynabo. Por Damaris Hern\u00e1ndez Mercado Periodista de Entretenimiento y Estilos de Vida damaris.hernandez@gfrmedia.com 3 de septiembre de 2026 &#8211; 2:55 PM 1 \/ 15 | Nio Garc\u00eda: entre fama, reguet\u00f3n y<\/p>\n","protected":false},"author":2,"featured_media":30337,"comment_status":"open","ping_status":"open","sticky":false,"template":"","format":"standard","meta":{"om_disable_all_campaigns":false,"_monsterinsights_skip_tracking":false,"footnotes":""},"categories":[61],"tags":[],"class_list":["post-30336","post","type-post","status-publish","format-standard","has-post-thumbnail","hentry","category-musica"],"aioseo_notices":[],"_links":{"self":[{"href":"https:\/\/aleeknews.com\/4l33k5\/wp-json\/wp\/v2\/posts\/30336","targetHints":{"allow":["GET"]}}],"collection":[{"href":"https:\/\/aleeknews.com\/4l33k5\/wp-json\/wp\/v2\/posts"}],"about":[{"href":"https:\/\/aleeknews.com\/4l33k5\/wp-json\/wp\/v2\/types\/post"}],"author":[{"embeddable":true,"href":"https:\/\/aleeknews.com\/4l33k5\/wp-json\/wp\/v2\/users\/2"}],"replies":[{"embeddable":true,"href":"https:\/\/aleeknews.com\/4l33k5\/wp-json\/wp\/v2\/comments?post=30336"}],"version-history":[{"count":0,"href":"https:\/\/aleeknews.com\/4l33k5\/wp-json\/wp\/v2\/posts\/30336\/revisions"}],"wp:featuredmedia":[{"embeddable":true,"href":"https:\/\/aleeknews.com\/4l33k5\/wp-json\/wp\/v2\/media\/30337"}],"wp:attachment":[{"href":"https:\/\/aleeknews.com\/4l33k5\/wp-json\/wp\/v2\/media?parent=30336"}],"wp:term":[{"taxonomy":"category","embeddable":true,"href":"https:\/\/aleeknews.com\/4l33k5\/wp-json\/wp\/v2\/categories?post=30336"},{"taxonomy":"post_tag","embeddable":true,"href":"https:\/\/aleeknews.com\/4l33k5\/wp-json\/wp\/v2\/tags?post=30336"}],"curies":[{"name":"wp","href":"https:\/\/api.w.org\/{rel}","templated":true}]}}