{"id":30334,"date":"2026-09-03T19:42:26","date_gmt":"2026-09-03T23:42:26","guid":{"rendered":"https:\/\/aleeknews.com\/4l33k5\/2026\/09\/03\/angela-y-nodal-marc-anthony-y-nadia-y-otras-parejas-que-conquistaron-la-alfombra-roja-de-premios-juventud\/"},"modified":"2026-09-03T19:42:26","modified_gmt":"2026-09-03T23:42:26","slug":"angela-y-nodal-marc-anthony-y-nadia-y-otras-parejas-que-conquistaron-la-alfombra-roja-de-premios-juventud","status":"publish","type":"post","link":"https:\/\/aleeknews.com\/4l33k5\/2026\/09\/03\/angela-y-nodal-marc-anthony-y-nadia-y-otras-parejas-que-conquistaron-la-alfombra-roja-de-premios-juventud\/","title":{"rendered":"\u00c1ngela y Nodal, Marc Anthony y Nadia, y otras parejas que conquistaron la alfombra roja de Premios Juventud"},"content":{"rendered":"<div>\n<p>Antes de que se entregaran los primeros galardones de <a href=\"https:\/\/www.elnuevodia.com\/topicos\/premios-juventud\/\" target=\"_self\" rel title=\"https:\/\/www.elnuevodia.com\/topicos\/premios-juventud\/\"><b>Premios Juventud 2026<\/b><\/a>, las miradas estuvieron puestas sobre la <b>alfombra roja <\/b>instalada en el<b> complejo Starlite Marbella<\/b>, escenario que acogi\u00f3 por primera vez en la historia de la premiaci\u00f3n una edici\u00f3n fuera del continente americano. La llamada<b> \u201cNoche de Estrellas\u201d<\/b> reuni\u00f3 a artistas consagrados, nuevas figuras de la <a href=\"https:\/\/www.elnuevodia.com\/entretenimiento\/musica\/\" target=\"_self\" rel title=\"https:\/\/www.elnuevodia.com\/entretenimiento\/musica\/\"><b>m\u00fasica latina <\/b><\/a>y personalidades de la <a href=\"https:\/\/www.elnuevodia.com\/entretenimiento\/television\/\" target=\"_self\" rel title=\"https:\/\/www.elnuevodia.com\/entretenimiento\/television\/\"><b>televisi\u00f3n<\/b><\/a> que desfilaron con propuestas de <a href=\"https:\/\/www.elnuevodia.com\/magacin\/moda\/\" target=\"_self\" rel title=\"https:\/\/www.elnuevodia.com\/magacin\/moda\/\"><b>moda<\/b><\/a> tan variadas como audaces.<\/p>\n<p>Bajo el lema <b>\u201cCon\u00e9ctate al Vibe\u201d<\/b>, la ceremonia transform\u00f3 a Marbella en una vitrina de la cultura pop latina, con una mezcla de glamour mediterr\u00e1neo y esencia urbana que qued\u00f3 plasmada desde los primeros minutos de la alfombra roja.<\/p>\n<p>Uno de los momentos m\u00e1s comentados fue la llegada de<a href=\"https:\/\/www.elnuevodia.com\/topicos\/angela-aguilar\/\" target=\"_self\" rel title=\"https:\/\/www.elnuevodia.com\/topicos\/angela-aguilar\/\"> <b>\u00c1ngela Aguilar<\/b><\/a><b> <\/b>y<b> <\/b><a href=\"https:\/\/www.elnuevodia.com\/topicos\/christian-nodal\/\" target=\"_self\" rel title=\"https:\/\/www.elnuevodia.com\/topicos\/christian-nodal\/\"><b>Christian Nodal<\/b><\/a>, quienes optaron por atuendos coordinados en tonos blancos. <b>La pareja acapar\u00f3 \u201cflashes\u201d y titulares con una aparici\u00f3n que marc\u00f3 uno de los reencuentros p\u00fablicos m\u00e1s esperados de la noche. <\/b>Mientras la cantante luci\u00f3 un elegante vestido strapless con abertura en la pierna, el int\u00e9rprete apost\u00f3 por un estilo relajado con referencias a la moda regional mexicana.<\/p>\n<p>Entre los \u201clooks\u201d m\u00e1s destacados tambi\u00e9n estuvo <a href=\"https:\/\/www.instagram.com\/keniaos\/?hl=es-la\" target=\"_self\" rel title=\"https:\/\/www.instagram.com\/keniaos\/?hl=es-la\"><b>Kenia Os<\/b><\/a>, quien deslumbr\u00f3 con un espectacular vestido rojo adornado con plumas y detalles dram\u00e1ticos que la convirtieron en una de las figuras m\u00e1s fotografiadas de la noche.<\/p>\n<p>La creatividad tuvo representaci\u00f3n en la llegada de <a href=\"https:\/\/www.elnuevodia.com\/topicos\/camilo\/\" target=\"_self\" rel title=\"https:\/\/www.elnuevodia.com\/topicos\/camilo\/\"><b>Camilo<\/b><\/a><b> <\/b>y<b> <\/b><a href=\"https:\/\/www.instagram.com\/evaluna\/?hl=es-la\" target=\"_self\" rel title=\"https:\/\/www.instagram.com\/evaluna\/?hl=es-la\"><b>Evaluna<\/b><\/a>, quienes volvieron a demostrar su sello personal con atuendos originales y alejados de las f\u00f3rmulas tradicionales. El exponente eligi\u00f3 un conjunto blanco estampado, mientras que su pareja sentimental apost\u00f3 por una combinaci\u00f3n de top blanco y una amplia falda verde de inspiraci\u00f3n rom\u00e1ntica.<\/p>\n<div>\n<p>La conductora <a href=\"https:\/\/www.elnuevodia.com\/topicos\/clarissa-molina\/\" target=\"_self\" rel title=\"https:\/\/www.elnuevodia.com\/topicos\/clarissa-molina\/\"><b>Clarissa Molina<\/b><\/a>, una de las anfitrionas de la ceremonia, acapar\u00f3 atenci\u00f3n con un vestido rosa de dise\u00f1o estructurado, mientras que figuras como <a href=\"https:\/\/www.instagram.com\/greeicy\/?hl=es-la\" target=\"_self\" rel title=\"https:\/\/www.instagram.com\/greeicy\/?hl=es-la\"><b>Greeicy<\/b><\/a><b>, <\/b><a href=\"https:\/\/www.elnuevodia.com\/topicos\/nadia-ferreira\/\" target=\"_self\" rel title=\"https:\/\/www.elnuevodia.com\/topicos\/nadia-ferreira\/\"><b>Nadia Ferreira<\/b><\/a><b>, <\/b><a href=\"https:\/\/www.elnuevodia.com\/topicos\/marc-anthony\/\" target=\"_self\" rel title=\"https:\/\/www.elnuevodia.com\/topicos\/marc-anthony\/\"><b>Marc Anthony<\/b><\/a><b>, <\/b><a href=\"https:\/\/www.elnuevodia.com\/topicos\/yandel\/\" target=\"_self\" rel title=\"https:\/\/www.elnuevodia.com\/topicos\/yandel\/\"><b>Yandel<\/b><\/a><b>, <\/b><a href=\"https:\/\/www.elnuevodia.com\/topicos\/farruko\/\" target=\"_self\" rel title=\"https:\/\/www.elnuevodia.com\/topicos\/farruko\/\"><b>Farruko<\/b><\/a><b>, <\/b><a href=\"https:\/\/www.elnuevodia.com\/topicos\/antonio-banderas\/\" target=\"_self\" rel title=\"https:\/\/www.elnuevodia.com\/topicos\/antonio-banderas\/\"><b>Antonio Banderas<\/b><\/a><b>, <\/b><a href=\"https:\/\/www.instagram.com\/paulinagoto\/?hl=es-la\" target=\"_self\" rel title=\"https:\/\/www.instagram.com\/paulinagoto\/?hl=es-la\"><b>Paulina Goto<\/b><\/a><b> y <\/b><a href=\"https:\/\/www.instagram.com\/laorejadevangogh\/?hl=es-la\" target=\"_self\" rel title=\"https:\/\/www.instagram.com\/laorejadevangogh\/?hl=es-la\"><b>La Oreja de Van Gogh<\/b><\/a> aportaron diversidad de estilos a una alfombra roja que combin\u00f3 elegancia cl\u00e1sica con tendencias contempor\u00e1neas.<\/p>\n<\/div>\n<p>Otro de los momentos que llam\u00f3 la atenci\u00f3n fue la aparici\u00f3n de<a href=\"https:\/\/www.instagram.com\/valeria.villalobos.vc\/?hl=es-la\" target=\"_self\" rel title=\"https:\/\/www.instagram.com\/valeria.villalobos.vc\/?hl=es-la\"> <b>Valeria Villalobos<\/b><\/a>, quien sorprendi\u00f3 al desfilar con un vestido confeccionado con anillas de lata, una propuesta que r\u00e1pidamente gener\u00f3 conversaci\u00f3n entre los asistentes y en redes sociales.<\/p>\n<p>M\u00e1s all\u00e1 de la moda,<b> la alfombra roja sirvi\u00f3 como antesala para algunos de los primeros reconocimientos de la noche.<\/b> Durante la transmisi\u00f3n especial se anunciaron premios para creadores de contenido y artistas emergentes.<\/p>\n<div>\n<p><b>1 \/ 14 | <\/b><span> La alfombra de Premios Juventud brill\u00f3 con glamour, tendencias y grandes estrellas desde Starlite Marbella. Estrellas de la m\u00fasica en Premios Juventud 2026.<\/span><i> &#8211; Suministrada<\/i><\/p>\n<\/div>\n<\/div>\n\n    <div class=\"xs_social_share_widget xs_share_url after_content \t\tmain_content  wslu-style-1 wslu-share-box-shaped wslu-fill-colored wslu-none wslu-share-horizontal wslu-theme-font-no wslu-main_content\">\n\n\t\t\n        <ul>\n\t\t\t        <\/ul>\n    <\/div> \n","protected":false},"excerpt":{"rendered":"<p>Antes de que se entregaran los primeros galardones de Premios Juventud 2026 , las miradas estuvieron puestas sobre la alfombra roja instalada en el complejo Starlite Marbella, escenario que acogi\u00f3 por primera vez en la historia de la premiaci\u00f3n una edici\u00f3n fuera del continente americano. La llamada \u201cNoche de Estrellas\u201d reuni\u00f3 a artistas consagrados, nuevas<\/p>\n","protected":false},"author":2,"featured_media":30335,"comment_status":"open","ping_status":"open","sticky":false,"template":"","format":"standard","meta":{"om_disable_all_campaigns":false,"_monsterinsights_skip_tracking":false,"footnotes":""},"categories":[47],"tags":[],"class_list":["post-30334","post","type-post","status-publish","format-standard","has-post-thumbnail","hentry","category-farandula"],"aioseo_notices":[],"_links":{"self":[{"href":"https:\/\/aleeknews.com\/4l33k5\/wp-json\/wp\/v2\/posts\/30334","targetHints":{"allow":["GET"]}}],"collection":[{"href":"https:\/\/aleeknews.com\/4l33k5\/wp-json\/wp\/v2\/posts"}],"about":[{"href":"https:\/\/aleeknews.com\/4l33k5\/wp-json\/wp\/v2\/types\/post"}],"author":[{"embeddable":true,"href":"https:\/\/aleeknews.com\/4l33k5\/wp-json\/wp\/v2\/users\/2"}],"replies":[{"embeddable":true,"href":"https:\/\/aleeknews.com\/4l33k5\/wp-json\/wp\/v2\/comments?post=30334"}],"version-history":[{"count":0,"href":"https:\/\/aleeknews.com\/4l33k5\/wp-json\/wp\/v2\/posts\/30334\/revisions"}],"wp:featuredmedia":[{"embeddable":true,"href":"https:\/\/aleeknews.com\/4l33k5\/wp-json\/wp\/v2\/media\/30335"}],"wp:attachment":[{"href":"https:\/\/aleeknews.com\/4l33k5\/wp-json\/wp\/v2\/media?parent=30334"}],"wp:term":[{"taxonomy":"category","embeddable":true,"href":"https:\/\/aleeknews.com\/4l33k5\/wp-json\/wp\/v2\/categories?post=30334"},{"taxonomy":"post_tag","embeddable":true,"href":"https:\/\/aleeknews.com\/4l33k5\/wp-json\/wp\/v2\/tags?post=30334"}],"curies":[{"name":"wp","href":"https:\/\/api.w.org\/{rel}","templated":true}]}}