{"id":30328,"date":"2026-09-03T18:42:23","date_gmt":"2026-09-03T22:42:23","guid":{"rendered":"https:\/\/aleeknews.com\/4l33k5\/2026\/09\/03\/llamado-a-unir-esfuerzos-por-la-salud-mental-asi-dio-inicio-el-mes-de-la-recuperacion-de-los-trastornos-de-uso-de-sustancias-y-salud-mental\/"},"modified":"2026-09-03T18:42:23","modified_gmt":"2026-09-03T22:42:23","slug":"llamado-a-unir-esfuerzos-por-la-salud-mental-asi-dio-inicio-el-mes-de-la-recuperacion-de-los-trastornos-de-uso-de-sustancias-y-salud-mental","status":"publish","type":"post","link":"https:\/\/aleeknews.com\/4l33k5\/2026\/09\/03\/llamado-a-unir-esfuerzos-por-la-salud-mental-asi-dio-inicio-el-mes-de-la-recuperacion-de-los-trastornos-de-uso-de-sustancias-y-salud-mental\/","title":{"rendered":"Llamado a unir esfuerzos por la salud mental: as\u00ed dio inicio el Mes de la Recuperaci\u00f3n de los Trastornos de Uso de Sustancias y Salud Mental"},"content":{"rendered":"<div>\n<p>La organizaci\u00f3n <a href=\"https:\/\/teenchallengepr.org\" target=\"_self\" rel title=\"https:\/\/teenchallengepr.org\"><b>Teen Challenge Puerto Rico<\/b><\/a> dio inicio al <b>Mes de la Recuperaci\u00f3n de los Trastornos de Uso de Sustancias y Salud Mental <\/b>con la celebraci\u00f3n del <b>Congreso Comunitario de Salud Mental y Adicciones 2026<\/b>. <\/p>\n<p>Este encuentro reuni\u00f3 a profesionales de la salud, l\u00edderes comunitarios, organizaciones, representantes gubernamentales y expertos invitados de Puerto Rico, Estados Unidos y <a href=\"https:\/\/www.elnuevodia.com\/topicos\/republica-dominicana\/\" target=\"_self\" rel title=\"https:\/\/www.elnuevodia.com\/topicos\/republica-dominicana\/\"><b>Rep\u00fablica Dominicana <\/b><\/a>para <b>dialogar sobre los retos que enfrentan las personas y familias afectadas por los trastornos de uso de sustancias, las adicciones y otras situaciones relacionadas con la salud mental.<\/b><\/p>\n<p>Celebrado bajo el lema <b>\u201cJuntos construimos esperanza, sanaci\u00f3n y transformaci\u00f3n\u201d<\/b>, el Congreso, realizado en el <a href=\"https:\/\/www.elnuevodia.com\/topicos\/centro-de-bellas-artes-de-caguas\/\" target=\"_self\" rel title=\"https:\/\/www.elnuevodia.com\/topicos\/centro-de-bellas-artes-de-caguas\/\"><b>Centro de Bellas Artes de Caguas<\/b><\/a>, sirvi\u00f3 como espacio de educaci\u00f3n, intercambio de conocimientos y colaboraci\u00f3n multisectorial, destacando la importancia de fortalecer los esfuerzos de prevenci\u00f3n, atenci\u00f3n y recuperaci\u00f3n.<\/p>\n<p>Durante la jornada se abordaron temas relacionados con la <a href=\"https:\/\/www.elnuevodia.com\/topicos\/salud-mental\/\" target=\"_blank\" rel=\"noreferrer\" title=\"https:\/\/www.elnuevodia.com\/topicos\/salud-mental\/\"><b>salud mental<\/b><\/a>, las <a href=\"https:\/\/www.elnuevodia.com\/topicos\/adicciones\/\" target=\"_blank\" rel=\"noreferrer\" title=\"https:\/\/www.elnuevodia.com\/topicos\/adicciones\/\"><b>adicciones<\/b><\/a>, los procesos de recuperaci\u00f3n, el fortalecimiento familiar y la necesidad de continuar creando alianzas entre el gobierno, el sector de la salud, la academia y las organizaciones comunitarias.<\/p>\n<p>El programa cont\u00f3 con la participaci\u00f3n del Dr. Edgar Joel Col\u00f3n; el Dr. Israel Figueroa Pastrana, presidente y CEO de Teen Challenge Puerto Rico; la Dra. Sonia Navarro Gonz\u00e1lez; el psic\u00f3logo Teodoro Esca\u00f1o, de Rep\u00fablica Dominicana; y la Dra. Catherine Oliver, administradora de ASSMCA, entre otros profesionales y representantes de entidades vinculadas al <a href=\"https:\/\/www.elnuevodia.com\/topicos\/bienestar\/\" target=\"_blank\" rel=\"noreferrer\" title=\"https:\/\/www.elnuevodia.com\/topicos\/bienestar\/\"><b>bienestar<\/b><\/a> y la <a href=\"https:\/\/www.elnuevodia.com\/estilos-de-vida\/salud\/\" target=\"_blank\" rel=\"noreferrer\" title=\"https:\/\/www.elnuevodia.com\/estilos-de-vida\/salud\/\"><b>salud<\/b><\/a>.<\/p>\n<p><b>De igual forma, participaron delegaciones de Teen Challenge Estados Unidos, Teen Challenge Nuevo M\u00e9xico, Teen Challenge Global y Rep\u00fablica Dominicana,<\/b> como estrategia para impulsar el alcance colaborativo e internacional de la iniciativa.<\/p>\n<p>\u201cEste <b>Mes de la Recuperaci\u00f3n de los Trastorno de Uso de Sustancias y Salud Mental <\/b>nos recuerda que la recuperaci\u00f3n es posible y que nadie tiene que recorrer ese camino solo. Cuando unimos conocimiento, recursos, comunidad y voluntad de servir, podemos abrir nuevas oportunidades para estas personas y sus familias\u201d, expres\u00f3 en declaraciones escritas el <b>Dr. Israel Figueroa Pastrana, presidente y CEO de Teen Challenge Puerto Rico.<\/b><\/p>\n<p>El <b>Mes de la Recuperaci\u00f3n de los Trastornos de Uso de Sustancias y Salud Mental <\/b>representa una oportunidad para reconocer los procesos necesarios para la recuperaci\u00f3n, promover la prevenci\u00f3n de las adicciones y conductas de dependencia y generar mayor conciencia sobre la importancia de atender los trastornos de uso de sustancias y la salud mental desde una perspectiva de apoyo, dignidad y esperanza.<\/p>\n<div>\n<p data-oembed-type=\"youtube\"><iframe width=\"560\" height=\"315\" src=\"https:\/\/www.youtube.com\/embed\/PgDnN6ONjvw?feature=oembed\" frameborder=\"0\" allow=\"accelerometer; autoplay; clipboard-write; encrypted-media; gyroscope; picture-in-picture; web-share\" referrerpolicy=\"strict-origin-when-cross-origin\" allowfullscreen title=\"Teen Challenge PR inicia Mes de la Recuperaci\u00f3n de los Trastornos d Uso de Sustancias y Salud Mental\"><\/iframe><\/p>\n<\/div>\n<p>Como parte de esta agenda y de la celebraci\u00f3n de su <b>58.\u00ba aniversario<\/b>, Teen Challenge Puerto Rico continuar\u00e1 desarrollando, durante el mes de septiembre, diversas iniciativas dirigidas a educar, sensibilizar y movilizar a la comunidad. Entre ellas se encuentra el <b>5K Transformando Vidas 2026<\/b>, que se celebrar\u00e1 el <b>s\u00e1bado, 12 de septiembre <\/b>en el<b> Paseo de las Artes de Caguas, <\/b>con salida a las<b> 6:30 a.m.<\/b><\/p>\n<p>La carrera, con el lema <b>\u201cCada paso transforma una vida\u201d<\/b>, busca convertir el <a href=\"https:\/\/www.elnuevodia.com\/topicos\/ejercicios\/\" target=\"_blank\" rel=\"noreferrer\" title=\"https:\/\/www.elnuevodia.com\/topicos\/ejercicios\/\"><b>ejercicio<\/b><\/a> y la participaci\u00f3n comunitaria en una expresi\u00f3n de apoyo a la misi\u00f3n de Teen Challenge Puerto Rico y a todas aquellas personas que trabajan por transformar sus vidas.<\/p>\n<p>Las inscripciones contin\u00faan abiertas y tienen un costo de <b>$35. A\u00fan quedan espacios disponibles para participar,<\/b> por lo que la organizaci\u00f3n invita a individuos, familias, empresas, organizaciones y grupos comunitarios a sumarse a esta iniciativa. Para inscribirse, visita la p\u00e1gina<b> <\/b><a href=\"https:\/\/url.avanan.click\/v2\/r01\/___https:\/us.list-manage.com\/NXPmj3Vz8PW?e=657aa96bb5&#038;c2id=657855a291199f5cfcfb7bbd9bdba6a1___.YXAzOmdmcm1lZGlhOmE6bzowZDExYzk5N2JiMjQxOGExMjdhYTMxN2ZjMzFiNWI0Njo3OjUyZWY6NDE0ODQxNjU0NWM2NDMxNmE1ZjdlYWJjMjllOGU0Nzk4OTg2ZWU3MDJlNmFhMGYzM2Q2ZGJkYTNlM2NmNTI3ZDpoOlQ6Tg\" rel title=\"https:\/\/url.avanan.click\/v2\/r01\/___https:\/us.list-manage.com\/NXPmj3Vz8PW?e=657aa96bb5&#038;c2id=657855a291199f5cfcfb7bbd9bdba6a1___.YXAzOmdmcm1lZGlhOmE6bzowZDExYzk5N2JiMjQxOGExMjdhYTMxN2ZjMzFiNWI0Njo3OjUyZWY6NDE0ODQxNjU0NWM2NDMxNmE1ZjdlYWJjMjllOGU0Nzk4OTg2ZWU3MDJlNmFhMGYzM2Q2ZGJkYTNlM2NmNTI3ZDpoOlQ6Tg\"><b>micarrerapr.com<\/b><\/a><b> <\/b>y, en el \u00e1rea de eventos busque \u201c5k Transformando Vidas 2026\u201d.<\/p>\n<\/div>\n\n    <div class=\"xs_social_share_widget xs_share_url after_content \t\tmain_content  wslu-style-1 wslu-share-box-shaped wslu-fill-colored wslu-none wslu-share-horizontal wslu-theme-font-no wslu-main_content\">\n\n\t\t\n        <ul>\n\t\t\t        <\/ul>\n    <\/div> \n","protected":false},"excerpt":{"rendered":"<p>La organizaci\u00f3n Teen Challenge Puerto Rico dio inicio al Mes de la Recuperaci\u00f3n de los Trastornos de Uso de Sustancias y Salud Mental con la celebraci\u00f3n del Congreso Comunitario de Salud Mental y Adicciones 2026. Este encuentro reuni\u00f3 a profesionales de la salud, l\u00edderes comunitarios, organizaciones, representantes gubernamentales y expertos invitados de Puerto Rico, Estados<\/p>\n","protected":false},"author":2,"featured_media":0,"comment_status":"open","ping_status":"open","sticky":false,"template":"","format":"standard","meta":{"om_disable_all_campaigns":false,"_monsterinsights_skip_tracking":false,"footnotes":""},"categories":[38],"tags":[],"class_list":["post-30328","post","type-post","status-publish","format-standard","hentry","category-estilo-de-vida"],"aioseo_notices":[],"_links":{"self":[{"href":"https:\/\/aleeknews.com\/4l33k5\/wp-json\/wp\/v2\/posts\/30328","targetHints":{"allow":["GET"]}}],"collection":[{"href":"https:\/\/aleeknews.com\/4l33k5\/wp-json\/wp\/v2\/posts"}],"about":[{"href":"https:\/\/aleeknews.com\/4l33k5\/wp-json\/wp\/v2\/types\/post"}],"author":[{"embeddable":true,"href":"https:\/\/aleeknews.com\/4l33k5\/wp-json\/wp\/v2\/users\/2"}],"replies":[{"embeddable":true,"href":"https:\/\/aleeknews.com\/4l33k5\/wp-json\/wp\/v2\/comments?post=30328"}],"version-history":[{"count":0,"href":"https:\/\/aleeknews.com\/4l33k5\/wp-json\/wp\/v2\/posts\/30328\/revisions"}],"wp:attachment":[{"href":"https:\/\/aleeknews.com\/4l33k5\/wp-json\/wp\/v2\/media?parent=30328"}],"wp:term":[{"taxonomy":"category","embeddable":true,"href":"https:\/\/aleeknews.com\/4l33k5\/wp-json\/wp\/v2\/categories?post=30328"},{"taxonomy":"post_tag","embeddable":true,"href":"https:\/\/aleeknews.com\/4l33k5\/wp-json\/wp\/v2\/tags?post=30328"}],"curies":[{"name":"wp","href":"https:\/\/api.w.org\/{rel}","templated":true}]}}