{"id":30313,"date":"2026-09-03T17:44:26","date_gmt":"2026-09-03T21:44:26","guid":{"rendered":"https:\/\/aleeknews.com\/4l33k5\/2026\/09\/03\/porsche-presenta-en-puerto-rico-el-cayenne-electrico\/"},"modified":"2026-09-03T17:44:26","modified_gmt":"2026-09-03T21:44:26","slug":"porsche-presenta-en-puerto-rico-el-cayenne-electrico","status":"publish","type":"post","link":"https:\/\/aleeknews.com\/4l33k5\/2026\/09\/03\/porsche-presenta-en-puerto-rico-el-cayenne-electrico\/","title":{"rendered":"Porsche presenta en Puerto Rico el Cayenne El\u00e9ctrico"},"content":{"rendered":"<div>\n<p><a href=\"https:\/\/www.elnuevodia.com\/topicos\/porsche\/\" target=\"_self\" rel title=\"https:\/\/www.elnuevodia.com\/topicos\/porsche\/\"><b>Porsche Center Puerto Rico<\/b><\/a> present\u00f3 este mi\u00e9rcoles el nuevo <b>Cayenne<\/b> <b>El\u00e9ctrico<\/b>, modelo con el que la marca alemana ampl\u00eda en la isla su oferta de <a href=\"https:\/\/www.elnuevodia.com\/topicos\/autos-electricos\/\" target=\"_self\" rel title=\"https:\/\/www.elnuevodia.com\/topicos\/autos-electricos\/\"><b>veh\u00edculos el\u00e9ctricos<\/b><\/a> sin abandonar las versiones de combusti\u00f3n e h\u00edbridas enchufables del SUV.<\/p>\n<p>La presentaci\u00f3n se realiz\u00f3 durante un evento en Hacienda Campo Rico, en Carolina. <b>La versi\u00f3n Cayenne Turbo El\u00e9ctrico alcanza hasta 1,156 caballos de fuerza, lo que la convierte, seg\u00fan la empresa, en el Porsche de producci\u00f3n m\u00e1s potente creado hasta el momento.<\/b><\/p>\n<p>El veh\u00edculo puede acelerar de cero a 60 millas por hora en 2.5 segundos y alcanzar una velocidad m\u00e1xima aproximada de 162 millas por hora. Estas prestaciones lo colocan en el rango de rendimiento de un superdeportivo, pero con el espacio y la funcionalidad propios de un veh\u00edculo utilitario deportivo.<\/p>\n<p><b>\u201cLa llegada del Cayenne El\u00e9ctrico a Puerto Rico nos permite mostrar a nuestros clientes, de primera mano, c\u00f3mo Porsche lleva la electrificaci\u00f3n a un nuevo nivel de rendimiento sin perder la emoci\u00f3n y la versatilidad que definen al Cayenne\u201d<\/b>, expres\u00f3<b> Orlando P\u00e9rez<\/b>, gerente general de Ventas de Porsche Center Puerto Rico.<\/p>\n<p>El nuevo modelo incorpora una arquitectura el\u00e9ctrica de 800 voltios que permite carga de alta velocidad. Bajo condiciones \u00f3ptimas, puede recuperar en 10 minutos energ\u00eda equivalente a unas 202 millas de autonom\u00eda, inform\u00f3 la compa\u00f1\u00eda.<\/p>\n<p>Su autonom\u00eda m\u00e1xima estimada es de 399 millas seg\u00fan el ciclo de medici\u00f3n europeo <i>WLTP<\/i>. Esa cifra puede variar en condiciones reales y no corresponde necesariamente al estimado que producir\u00eda la <a href=\"https:\/\/www.elnuevodia.com\/topicos\/epa\/\" target=\"_self\" rel title=\"https:\/\/www.elnuevodia.com\/topicos\/epa\/\"><b>Agencia de Protecci\u00f3n Ambiental de Estados Unidos<\/b><\/a> (EPA, en ingl\u00e9s).<\/p>\n<p>El sistema de recuperaci\u00f3n de energ\u00eda, basado en tecnolog\u00eda procedente del automovilismo, puede alcanzar hasta 600 kilovatios. El veh\u00edculo tambi\u00e9n cuenta con un coeficiente aerodin\u00e1mico de 0.25 y componentes activos, como un aler\u00f3n de techo adaptativo y elementos aerodin\u00e1micos que se ajustan seg\u00fan las condiciones de manejo.<\/p>\n<p>En el interior, Porsche incorpor\u00f3 su nuevo sistema <i>Driver Experience<\/i> y el denominado <i>Flow Display<\/i>, descrito por el fabricante como la pantalla de mayor tama\u00f1o utilizada hasta ahora en uno de sus veh\u00edculos. La cabina integra tecnolog\u00eda OLED, funciones de realidad aumentada y distintos modos para personalizar la experiencia de conducci\u00f3n.<\/p>\n<p>\u201cLa movilidad el\u00e9ctrica no significa dejar atr\u00e1s lo que ha definido a Porsche, sino llevar esa esencia a una nueva dimensi\u00f3n\u201d, sostuvo <b>V\u00edctor M. G\u00f3mez III<\/b>, presidente y principal oficial ejecutivo de <a href=\"https:\/\/www.elnuevodia.com\/topicos\/gomez-hermanos-kennedy\/\" target=\"_self\" rel title=\"https:\/\/www.elnuevodia.com\/topicos\/gomez-hermanos-kennedy\/\"><b>G\u00f3mez Hermanos<\/b><\/a>, distribuidor de Porsche en Puerto Rico.<\/p>\n<p>La introducci\u00f3n del veh\u00edculo forma parte de una estrategia mediante la cual Porsche ofrecer\u00e1 simult\u00e1neamente versiones el\u00e9ctricas, de combusti\u00f3n interna e h\u00edbridas enchufables del Cayenne. De esta manera, los compradores podr\u00e1n escoger entre distintos sistemas de propulsi\u00f3n.<\/p>\n<\/div>\n\n    <div class=\"xs_social_share_widget xs_share_url after_content \t\tmain_content  wslu-style-1 wslu-share-box-shaped wslu-fill-colored wslu-none wslu-share-horizontal wslu-theme-font-no wslu-main_content\">\n\n\t\t\n        <ul>\n\t\t\t        <\/ul>\n    <\/div> \n","protected":false},"excerpt":{"rendered":"<p>Porsche Center Puerto Rico present\u00f3 este mi\u00e9rcoles el nuevo Cayenne El\u00e9ctrico, modelo con el que la marca alemana ampl\u00eda en la isla su oferta de veh\u00edculos el\u00e9ctricos sin abandonar las versiones de combusti\u00f3n e h\u00edbridas enchufables del SUV. La presentaci\u00f3n se realiz\u00f3 durante un evento en Hacienda Campo Rico, en Carolina. La versi\u00f3n Cayenne Turbo<\/p>\n","protected":false},"author":2,"featured_media":30314,"comment_status":"open","ping_status":"open","sticky":false,"template":"","format":"standard","meta":{"om_disable_all_campaigns":false,"_monsterinsights_skip_tracking":false,"footnotes":""},"categories":[5],"tags":[],"class_list":["post-30313","post","type-post","status-publish","format-standard","has-post-thumbnail","hentry","category-negocios"],"aioseo_notices":[],"_links":{"self":[{"href":"https:\/\/aleeknews.com\/4l33k5\/wp-json\/wp\/v2\/posts\/30313","targetHints":{"allow":["GET"]}}],"collection":[{"href":"https:\/\/aleeknews.com\/4l33k5\/wp-json\/wp\/v2\/posts"}],"about":[{"href":"https:\/\/aleeknews.com\/4l33k5\/wp-json\/wp\/v2\/types\/post"}],"author":[{"embeddable":true,"href":"https:\/\/aleeknews.com\/4l33k5\/wp-json\/wp\/v2\/users\/2"}],"replies":[{"embeddable":true,"href":"https:\/\/aleeknews.com\/4l33k5\/wp-json\/wp\/v2\/comments?post=30313"}],"version-history":[{"count":0,"href":"https:\/\/aleeknews.com\/4l33k5\/wp-json\/wp\/v2\/posts\/30313\/revisions"}],"wp:featuredmedia":[{"embeddable":true,"href":"https:\/\/aleeknews.com\/4l33k5\/wp-json\/wp\/v2\/media\/30314"}],"wp:attachment":[{"href":"https:\/\/aleeknews.com\/4l33k5\/wp-json\/wp\/v2\/media?parent=30313"}],"wp:term":[{"taxonomy":"category","embeddable":true,"href":"https:\/\/aleeknews.com\/4l33k5\/wp-json\/wp\/v2\/categories?post=30313"},{"taxonomy":"post_tag","embeddable":true,"href":"https:\/\/aleeknews.com\/4l33k5\/wp-json\/wp\/v2\/tags?post=30313"}],"curies":[{"name":"wp","href":"https:\/\/api.w.org\/{rel}","templated":true}]}}