{"id":30312,"date":"2026-09-03T17:43:17","date_gmt":"2026-09-03T21:43:17","guid":{"rendered":"https:\/\/aleeknews.com\/4l33k5\/2026\/09\/03\/fallece-el-exalcalde-de-luquillo-jose-nelo-gonzalez-2\/"},"modified":"2026-09-03T17:43:17","modified_gmt":"2026-09-03T21:43:17","slug":"fallece-el-exalcalde-de-luquillo-jose-nelo-gonzalez-2","status":"publish","type":"post","link":"https:\/\/aleeknews.com\/4l33k5\/2026\/09\/03\/fallece-el-exalcalde-de-luquillo-jose-nelo-gonzalez-2\/","title":{"rendered":"Fallece el exalcalde de Luquillo Jos\u00e9 \u201cNelo\u201d Gonz\u00e1lez"},"content":{"rendered":"<div>\n<p>El presidente de la C\u00e1mara de Representantes, <a href=\"https:\/\/www.google.com\/search?client=safari&#038;rls=en&#038;q=elnuevodia+Carlos+%E2%80%9CJohnny%E2%80%9D+M%C3%A9ndez&#038;ie=UTF-8&#038;oe=UTF-8\" target=\"_blank\" rel=\"noreferrer\" title=\"https:\/\/www.google.com\/search?client=safari&#038;rls=en&#038;q=elnuevodia+Carlos+%E2%80%9CJohnny%E2%80%9D+M%C3%A9ndez&#038;ie=UTF-8&#038;oe=UTF-8\">Carlos \u201cJohnny\u201d M\u00e9ndez<\/a>, inform\u00f3 hoy, jueves, el fallecimiento del exalcalde de <a href=\"https:\/\/www.elnuevodia.com\/topicos\/luquillo\/\" target=\"_self\" rel title=\"https:\/\/www.elnuevodia.com\/topicos\/luquillo\/\">Luquillo<\/a> <b>Jos\u00e9 \u201cNelo\u201d Gonz\u00e1lez<\/b>.<\/p>\n<p>En comunicado de prensa, M\u00e9ndez record\u00f3 que Gonz\u00e1lez, afiliado al <a href=\"https:\/\/www.elnuevodia.com\/topicos\/pnp-partido-nuevo-progresista\/\" target=\"_self\" rel title=\"https:\/\/www.elnuevodia.com\/topicos\/pnp-partido-nuevo-progresista\/\">Partido Nuevo Progresista<\/a> (PNP), fungi\u00f3 como alcalde por tres cuatrienios consecutivos. <\/p>\n<p>Fue el ejecutivo municipal luquillense desde enero de 2000 hasta el 31 de diciembre de 2012. Previamente, se desempe\u00f1\u00f3 como legislador municipal, cuerpo que lleg\u00f3 a presidir bajo la incumbencia de la exalcaldesa Edna Figueroa.<\/p>\n<p><b>\u201cCon mucha tristeza nos toma la noticia del fallecimiento del exalcalde de Luquillo, Jos\u00e9 \u2018Nelo\u2019 Gonz\u00e1lez, quien por 12 a\u00f1os lider\u00f3 los destinos de este importante municipio. Nuestras oraciones se encuentran con su viuda, al igual que el resto de su familia y amistades en este dif\u00edcil momento\u201d, expres\u00f3 el presidente de la C\u00e1mara baja, en declaraciones escritas.<\/b><\/p>\n<p>Destac\u00f3 que Gonz\u00e1lez \u201chizo la diferencia para su pueblo, el que tanto am\u00f3 y por el cual nunca dej\u00f3 de abogar\u201d.<\/p>\n<p>\u201cSiempre trabaj\u00f3 por las comunidades de su pueblo. Fue el primero que llev\u00f3 a Luquillo el programa \u2018AmeriCorps\u2019 para desarrollar la juventud. Gestion\u00f3 acuerdos colaborativos con universidades para que los j\u00f3venes tuvieran oportunidad de crecimiento acad\u00e9mico y profesional\u201d, agreg\u00f3. <\/p>\n<p><b>Asimismo, resalt\u00f3 que \u201csu trabajo en proyectos comunitarios, como centros comunales, rehabilitaci\u00f3n de carreteras y caminos, as\u00ed como la infraestructura b\u00e1sica, entre otros, fue esencial para el despunte del municipio\u201d.<\/b><\/p>\n<p>\u201cIgualmente, cre\u00eda en el deporte gestionando la construcci\u00f3n de parques de pelota y canchas de baloncesto a trav\u00e9s de todo el municipio. Asisti\u00f3 en el desarrollo social de los residentes de comunidades como Villa Angelina, entre muchas otras obras que todav\u00eda perduran y son parte de su gran legado\u201d, afirm\u00f3.<\/p>\n<\/div>\n\n    <div class=\"xs_social_share_widget xs_share_url after_content \t\tmain_content  wslu-style-1 wslu-share-box-shaped wslu-fill-colored wslu-none wslu-share-horizontal wslu-theme-font-no wslu-main_content\">\n\n\t\t\n        <ul>\n\t\t\t        <\/ul>\n    <\/div> \n","protected":false},"excerpt":{"rendered":"<p>El presidente de la C\u00e1mara de Representantes, Carlos \u201cJohnny\u201d M\u00e9ndez, inform\u00f3 hoy, jueves, el fallecimiento del exalcalde de Luquillo Jos\u00e9 \u201cNelo\u201d Gonz\u00e1lez. En comunicado de prensa, M\u00e9ndez record\u00f3 que Gonz\u00e1lez, afiliado al Partido Nuevo Progresista (PNP), fungi\u00f3 como alcalde por tres cuatrienios consecutivos. Fue el ejecutivo municipal luquillense desde enero de 2000 hasta el 31<\/p>\n","protected":false},"author":2,"featured_media":30311,"comment_status":"open","ping_status":"open","sticky":false,"template":"","format":"standard","meta":{"om_disable_all_campaigns":false,"_monsterinsights_skip_tracking":false,"footnotes":""},"categories":[6],"tags":[],"class_list":["post-30312","post","type-post","status-publish","format-standard","has-post-thumbnail","hentry","category-politica"],"aioseo_notices":[],"_links":{"self":[{"href":"https:\/\/aleeknews.com\/4l33k5\/wp-json\/wp\/v2\/posts\/30312","targetHints":{"allow":["GET"]}}],"collection":[{"href":"https:\/\/aleeknews.com\/4l33k5\/wp-json\/wp\/v2\/posts"}],"about":[{"href":"https:\/\/aleeknews.com\/4l33k5\/wp-json\/wp\/v2\/types\/post"}],"author":[{"embeddable":true,"href":"https:\/\/aleeknews.com\/4l33k5\/wp-json\/wp\/v2\/users\/2"}],"replies":[{"embeddable":true,"href":"https:\/\/aleeknews.com\/4l33k5\/wp-json\/wp\/v2\/comments?post=30312"}],"version-history":[{"count":0,"href":"https:\/\/aleeknews.com\/4l33k5\/wp-json\/wp\/v2\/posts\/30312\/revisions"}],"wp:featuredmedia":[{"embeddable":true,"href":"https:\/\/aleeknews.com\/4l33k5\/wp-json\/wp\/v2\/media\/30311"}],"wp:attachment":[{"href":"https:\/\/aleeknews.com\/4l33k5\/wp-json\/wp\/v2\/media?parent=30312"}],"wp:term":[{"taxonomy":"category","embeddable":true,"href":"https:\/\/aleeknews.com\/4l33k5\/wp-json\/wp\/v2\/categories?post=30312"},{"taxonomy":"post_tag","embeddable":true,"href":"https:\/\/aleeknews.com\/4l33k5\/wp-json\/wp\/v2\/tags?post=30312"}],"curies":[{"name":"wp","href":"https:\/\/api.w.org\/{rel}","templated":true}]}}