{"id":30309,"date":"2026-09-03T17:43:19","date_gmt":"2026-09-03T21:43:19","guid":{"rendered":"https:\/\/aleeknews.com\/4l33k5\/2026\/09\/03\/convocatoria-para-eleccion-especial-de-nuevo-alcalde-de-catano-abrira-el-31-de-agosto-2\/"},"modified":"2026-09-03T17:43:19","modified_gmt":"2026-09-03T21:43:19","slug":"convocatoria-para-eleccion-especial-de-nuevo-alcalde-de-catano-abrira-el-31-de-agosto-2","status":"publish","type":"post","link":"https:\/\/aleeknews.com\/4l33k5\/2026\/09\/03\/convocatoria-para-eleccion-especial-de-nuevo-alcalde-de-catano-abrira-el-31-de-agosto-2\/","title":{"rendered":"Convocatoria para elecci\u00f3n especial de nuevo alcalde de Cata\u00f1o abrir\u00e1 el 31 de agosto"},"content":{"rendered":"<div>\n<p>El Directorio del <a href=\"https:\/\/www.elnuevodia.com\/topicos\/pnp\/\" rel title=\"https:\/\/www.elnuevodia.com\/topicos\/pnp\/\"><b>Partido Nuevo Progresista<\/b><\/a> (PNP) acord\u00f3 este jueves abrir la convocatoria a la elecci\u00f3n especial para un nuevo alcalde de <a href=\"https:\/\/www.elnuevodia.com\/topicos\/catano\/\" rel title=\"https:\/\/www.elnuevodia.com\/topicos\/catano\/\"><b>Cata\u00f1o<\/b><\/a> el pr\u00f3ximo lunes, 31 de agosto, pero la presidenta de la colectividad y gobernadora, <a href=\"https:\/\/www.elnuevodia.com\/topicos\/jenniffer-gonzalez\/\" rel title=\"https:\/\/www.elnuevodia.com\/topicos\/jenniffer-gonzalez\/\"><b>Jenniffer Gonz\u00e1lez<\/b><\/a>, evit\u00f3 respaldar aspirantes.<\/p>\n<p>\u201cEn este momento, el proceso ni siquiera se ha abierto. Hay que esperar cu\u00e1l va a ser la radicaci\u00f3n de candidaturas. Yo he participado en estos procesos. <b>Siempre que hay una vacante, se mencionan 1,000 (nombres) y despu\u00e9s terminan muy pocos. Una cosa es cuando uno quiere y otra cosa son las personas que pueden cumplir con el proceso\u201d<\/b>, afirm\u00f3 Gonz\u00e1lez, tras concluir la reuni\u00f3n del cuerpo rector de la Palma.<\/p>\n<p>\u201cComo presidenta del partido, en este momento, no voy a hacer ninguna expresi\u00f3n porque no s\u00e9 ni siquiera qui\u00e9nes son los candidatos. Esto no es una candidatura por acumulaci\u00f3n. <b>La persona tiene que vivir en Cata\u00f1o. Esto no es por control remoto<\/b>. Tiene que vivir en Cata\u00f1o, ser un residente de Cata\u00f1o, por lo menos, con un a\u00f1o antes de esta elecci\u00f3n\u201d, abund\u00f3.<\/p>\n<p>Al momento, tras la muerte por c\u00e1ncer de <b>Julio Alicea Vasallo<\/b>, el secretario del <a href=\"https:\/\/www.elnuevodia.com\/topicos\/daco\/\" rel title=\"https:\/\/www.elnuevodia.com\/topicos\/daco\/\"><b>Departamento de Asuntos del Consumidor<\/b><\/a>, <b>Hiram Torres Montalvo<\/b>, ha dicho que no descarta aspirar al puesto vacante. La hija del fenecido alcalde, <b>Julybeth Alicea<\/b>, tambi\u00e9n se menciona como que estar\u00eda interesada en la poltrona municipal, pero no reside en Cata\u00f1o, sino en San Juan.<\/p>\n<p>La convocatoria para presentar aspiraciones a la alcald\u00eda cerrar\u00e1 al mediod\u00eda del 4 de septiembre, precis\u00f3, por su parte, el comisionado electoral del PNP, <a href=\"https:\/\/www.elnuevodia.com\/topicos\/anibal-vega-borges\/\" rel title=\"https:\/\/www.elnuevodia.com\/topicos\/anibal-vega-borges\/\"><b>An\u00edbal Vega Borges<\/b><\/a>.<\/p>\n<div>\n<p><b>1 \/ 15 | <\/b><span> En im\u00e1genes: Cata\u00f1o rinde homenaje p\u00f3stumo al alcalde Julio Alicea Vasallo. Decenas de personas se dieron cita este martes, 18 de agosto, para dar un \u00faltimo adi\u00f3s al fenecido alcalde de Cata\u00f1o, Julio Alicea Vasallo.<\/span><i> &#8211; Carlos Rivera Giusti\/GFR Media<\/i><\/p>\n<\/div>\n<p>A la reuni\u00f3n del Directorio \u2013celebrada en la sede del PNP, en Hato Rey\u2013, la gobernadora lleg\u00f3 conduciendo un veh\u00edculo Kia Sportage, pero escoltada por la <a href=\"https:\/\/www.elnuevodia.com\/topicos\/policia-de-puerto-rico\/\" rel title=\"https:\/\/www.elnuevodia.com\/topicos\/policia-de-puerto-rico\/\"><b>Polic\u00eda<\/b><\/a>. La acompa\u00f1aban las secretarias de Estado y de la Gobernaci\u00f3n, <b>Rosachely Rivera <\/b>y <b>Norma Burgos<\/b>, respectivamente.<\/p>\n<p>El auto, confirm\u00f3 <b>El Nuevo D\u00eda<\/b>, es uno de dos que el comit\u00e9 de campa\u00f1a de Gonz\u00e1lez compr\u00f3 en el trimestre de abril a junio y que report\u00f3 como gasto ante la <a href=\"https:\/\/www.elnuevodia.com\/topicos\/oficina-del-contralor-electoral\/\" rel title=\"https:\/\/www.elnuevodia.com\/topicos\/oficina-del-contralor-electoral\/\"><b>Oficina del Contralor Electoral<\/b><\/a>.<\/p>\n<p>Sobre la ausencia al Directorio del l\u00edder del Senado y vicepresidente del PNP, <a href=\"https:\/\/www.elnuevodia.com\/topicos\/thomas-rivera-schatz\/\" rel title=\"https:\/\/www.elnuevodia.com\/topicos\/thomas-rivera-schatz\/\"><b>Thomas Rivera Schatz<\/b><\/a>, la mandataria dijo que estaba \u201cexcusado\u201d, pero destac\u00f3 que, por a\u00f1os, la colectividad se ha reunido, incluso bajo el mandato de este, en d\u00edas laborables. Rivera Schatz no particip\u00f3 de la reuni\u00f3n por entender que no deb\u00eda hacerse en horas de trabajo.<\/p>\n<p>\u201cSi la intenci\u00f3n del vicepresidente del partido, Rivera Schatz, es que este Directorio, porque \u00e9l no venga, no se va a reunir, se equivoca. <b>\u00c9l no ha venido a este Directorio desde el a\u00f1o pasado, a lo que tiene derecho. Pero este Directorio va a seguir reuni\u00e9ndose y va a seguir tomando acciones<\/b>. Lamento que busquemos la excusa de horario diurno, horario laboral, para no asistir. Pero, tal vez, ya est\u00e1 excusado\u201d, dijo.<\/p>\n<p>Reiter\u00f3, de paso, que el \u201cataque constante\u201d de Rivera Schatz en su contra \u201ces parte de (\u2026) una primaria que va a pasar y su af\u00e1n de una candidatura a la gobernaci\u00f3n\u201d.<\/p>\n<p>Por otro lado, el Directorio aprob\u00f3 dos resoluciones: una para apoyar acciones judiciales, administrativas y contractuales contra <a href=\"https:\/\/www.elnuevodia.com\/topicos\/luma-energy\/\" rel title=\"https:\/\/www.elnuevodia.com\/topicos\/luma-energy\/\"><b>LUMA Energy<\/b><\/a>, y otra para avalar la Resoluci\u00f3n Conjunta de la C\u00e1mara 391 y la \u201cadmisi\u00f3n de Puerto Rico como estado\u201d.<\/p>\n<p>\u201cEste partido tiene que responderle al pueblo, que ha reclamado una y otra vez la <a href=\"https:\/\/www.elnuevodia.com\/topicos\/estadidad\/\" rel title=\"https:\/\/www.elnuevodia.com\/topicos\/estadidad\/\"><b>estadidad<\/b><\/a>. Y este partido se cre\u00f3 por los que creemos en esa lucha de igualdad plena. Y la vamos a luchar, y la vamos a pelear, y vamos a tener que convencer a todos aquellos que no creen\u201d, respondi\u00f3 Gonz\u00e1lez cuando <b>El Nuevo D\u00eda<\/b> le pregunt\u00f3 qu\u00e9 apoyo tendr\u00eda la resoluci\u00f3n cuando el presidente <a href=\"https:\/\/www.elnuevodia.com\/topicos\/donald-trump\/\" rel title=\"https:\/\/www.elnuevodia.com\/topicos\/donald-trump\/\"><b>Donald Trump<\/b><\/a> ha rechazado la anexi\u00f3n de Puerto Rico.<\/p>\n<p>Este fin de semana, mientras, la gobernadora realizar\u00e1 una nueva actividad pol\u00edtica para recaudar fondos. Preguntada sobre las manifestaciones que hubo en el primer acto pol\u00edtico, el 15 de agosto, y que se hayan anunciado otras para el 22, dijo que cree que pueden celebrarse <b>\u201cen su justa perspectiva\u201d<\/b>. <\/p>\n<p>\u201cPero, obviamente, <b>quien convoca es el movimiento socialista, quien convoca es el movimiento comunista de Puerto Rico, que son los que han hecho estas convocatorias abiertamente<\/b>. As\u00ed que yo soy republicana, soy estadista\u201d, manifest\u00f3.<\/p>\n<\/div>\n\n    <div class=\"xs_social_share_widget xs_share_url after_content \t\tmain_content  wslu-style-1 wslu-share-box-shaped wslu-fill-colored wslu-none wslu-share-horizontal wslu-theme-font-no wslu-main_content\">\n\n\t\t\n        <ul>\n\t\t\t        <\/ul>\n    <\/div> \n","protected":false},"excerpt":{"rendered":"<p>El Directorio del Partido Nuevo Progresista (PNP) acord\u00f3 este jueves abrir la convocatoria a la elecci\u00f3n especial para un nuevo alcalde de Cata\u00f1o el pr\u00f3ximo lunes, 31 de agosto, pero la presidenta de la colectividad y gobernadora, Jenniffer Gonz\u00e1lez , evit\u00f3 respaldar aspirantes. \u201cEn este momento, el proceso ni siquiera se ha abierto. Hay que<\/p>\n","protected":false},"author":2,"featured_media":30307,"comment_status":"open","ping_status":"open","sticky":false,"template":"","format":"standard","meta":{"om_disable_all_campaigns":false,"_monsterinsights_skip_tracking":false,"footnotes":""},"categories":[6],"tags":[],"class_list":["post-30309","post","type-post","status-publish","format-standard","has-post-thumbnail","hentry","category-politica"],"aioseo_notices":[],"_links":{"self":[{"href":"https:\/\/aleeknews.com\/4l33k5\/wp-json\/wp\/v2\/posts\/30309","targetHints":{"allow":["GET"]}}],"collection":[{"href":"https:\/\/aleeknews.com\/4l33k5\/wp-json\/wp\/v2\/posts"}],"about":[{"href":"https:\/\/aleeknews.com\/4l33k5\/wp-json\/wp\/v2\/types\/post"}],"author":[{"embeddable":true,"href":"https:\/\/aleeknews.com\/4l33k5\/wp-json\/wp\/v2\/users\/2"}],"replies":[{"embeddable":true,"href":"https:\/\/aleeknews.com\/4l33k5\/wp-json\/wp\/v2\/comments?post=30309"}],"version-history":[{"count":0,"href":"https:\/\/aleeknews.com\/4l33k5\/wp-json\/wp\/v2\/posts\/30309\/revisions"}],"wp:featuredmedia":[{"embeddable":true,"href":"https:\/\/aleeknews.com\/4l33k5\/wp-json\/wp\/v2\/media\/30307"}],"wp:attachment":[{"href":"https:\/\/aleeknews.com\/4l33k5\/wp-json\/wp\/v2\/media?parent=30309"}],"wp:term":[{"taxonomy":"category","embeddable":true,"href":"https:\/\/aleeknews.com\/4l33k5\/wp-json\/wp\/v2\/categories?post=30309"},{"taxonomy":"post_tag","embeddable":true,"href":"https:\/\/aleeknews.com\/4l33k5\/wp-json\/wp\/v2\/tags?post=30309"}],"curies":[{"name":"wp","href":"https:\/\/api.w.org\/{rel}","templated":true}]}}