{"id":30308,"date":"2026-09-03T17:43:20","date_gmt":"2026-09-03T21:43:20","guid":{"rendered":"https:\/\/aleeknews.com\/4l33k5\/2026\/09\/03\/legisladores-municipales-de-catano-piden-al-pnp-que-impida-aspiracion-de-hiram-torres-montalvo-a-la-alcaldia-2\/"},"modified":"2026-09-03T17:43:20","modified_gmt":"2026-09-03T21:43:20","slug":"legisladores-municipales-de-catano-piden-al-pnp-que-impida-aspiracion-de-hiram-torres-montalvo-a-la-alcaldia-2","status":"publish","type":"post","link":"https:\/\/aleeknews.com\/4l33k5\/2026\/09\/03\/legisladores-municipales-de-catano-piden-al-pnp-que-impida-aspiracion-de-hiram-torres-montalvo-a-la-alcaldia-2\/","title":{"rendered":"Legisladores municipales de Cata\u00f1o piden al PNP que impida aspiraci\u00f3n de Hiram Torres Montalvo a la alcald\u00eda"},"content":{"rendered":"<div>\n<p>A solo horas del cierre de la convocatoria de radicaci\u00f3n de candidaturas para la elecci\u00f3n especial a la alcald\u00eda de<b> <\/b><a href=\"https:\/\/www.elnuevodia.com\/topicos\/catano\/\" target=\"_self\" rel title=\"https:\/\/www.elnuevodia.com\/topicos\/catano\/\"><b>Cata\u00f1o<\/b><\/a>, tres legisladores municipales del <a href=\"https:\/\/www.elnuevodia.com\/topicos\/pnp\/\" target=\"_self\" rel title=\"https:\/\/www.elnuevodia.com\/topicos\/pnp\/\"><b>Partido Nuevo Progresista<\/b><\/a> (PNP) pidieron a la alta plana de la colectividad que no se certifique a <b>Hiram Torres Montalvo<\/b>, actual secretario del <a href=\"https:\/\/www.elnuevodia.com\/topicos\/daco\/\" target=\"_self\" rel title=\"https:\/\/www.elnuevodia.com\/topicos\/daco\/\"><b>Departamento de Asuntos del Consumidor<\/b><\/a> (DACO), como uno de los contendores. <\/p>\n<p>\u201cLe pedimos que no se certifique la aspiraci\u00f3n de Hiram Torres Montalvo a la candidatura a la alcald\u00eda de Cata\u00f1o&#8230; <b>no se lo pedimos por preferencia personal ni por afinidad con ning\u00fan otro aspirante. Se lo pedimos porque la ley se lo impide<\/b>, porque el impedimento ya no se puede corregir, y porque el partido va a cargar con las consecuencias de ignorarlo\u201d, lee la carta, de tres p\u00e1ginas, firmada por los legisladores municipales <b>Gustavo Grana Mart\u00ednez<\/b>, <b>Dami\u00e1n Claudio Miranda<\/b> y <b>Jos\u00e9 L Ortega Rodr\u00edguez<\/b>.<\/p>\n<p>El tr\u00edo dirigi\u00f3 su misiva al <b>Comit\u00e9 de Evaluaci\u00f3n de Candidatos del PNP<\/b>, con copia al comisionado electoral de la colectividad, <a href=\"https:\/\/www.elnuevodia.com\/topicos\/anibal-vega-borges\/\" target=\"_self\" rel title=\"https:\/\/www.elnuevodia.com\/topicos\/anibal-vega-borges\/\"><b>An\u00edbal Vega Borges<\/b><\/a>; su presidenta y gobernadora, <a href=\"https:\/\/www.elnuevodia.com\/topicos\/jenniffer-gonzalez\/\" target=\"_self\" rel title=\"https:\/\/www.elnuevodia.com\/topicos\/jenniffer-gonzalez\/\"><b>Jenniffer Gonz\u00e1lez<\/b><\/a>; y uno de sus tres vicepresidentes y presidente del <a href=\"https:\/\/www.elnuevodia.com\/topicos\/senado\/\" target=\"_self\" rel title=\"https:\/\/www.elnuevodia.com\/topicos\/senado\/\"><b>Senado<\/b><\/a>, <a href=\"https:\/\/www.elnuevodia.com\/topicos\/thomas-rivera-schatz\/\" target=\"_self\" rel title=\"https:\/\/www.elnuevodia.com\/topicos\/thomas-rivera-schatz\/\"><b>Thomas Rivera Schatz<\/b><\/a>.<\/p>\n<p>Como defensa, citan el Art\u00edculo 7.2 (5) (c) del <a href=\"https:\/\/www.lexjuris.com\/lexlex\/leyes2020\/2020058-Codigo-Electoral.pdf\" rel title=\"https:\/\/www.lexjuris.com\/lexlex\/leyes2020\/2020058-Codigo-Electoral.pdf\"><b>C\u00f3digo Electoral<\/b><\/a>,<b> <\/b>que establece que \u201ctodo aspirante o candidato a un cargo electivo que se desempe\u00f1e como jefe, autoridad nominadora, o director regional de una agencia, departamento, dependencia gubernamental o corporaci\u00f3n p\u00fablica en la Rama Ejecutiva, incluyendo cualquier secretario, asesor o funcionario que ocupe una posici\u00f3n de confianza que formule pol\u00edtica p\u00fablica adscrito a la Oficina del Gobernador, excepto el gobernador, <b>deber\u00e1 presentar su renuncia a dicho cargo 30 d\u00edas antes de presentar su candidatura o la intenci\u00f3n de candidatura a un cargo p\u00fablico electivo<\/b>\u201d.<\/p>\n<p>\u201cEl se\u00f1or Torres Montalvo es el jefe del Departamento de Asuntos del Consumidor y su autoridad nominadora. No ha renunciado\u201d, advierten los legisladores municipales. <\/p>\n<p>Luego, explican por qu\u00e9, a su juicio, la situaci\u00f3n con Torres Montalvo ya no es subsanable. <\/p>\n<p>\u201cLos 30 d\u00edas no corren hacia adelante desde la renuncia. Corren hacia atr\u00e1s desde el momento en que la persona aspira. Treinta d\u00edas antes del cierre de radicaci\u00f3n del 4 de septiembre era el 5 de agosto. Treinta d\u00edas antes de que el se\u00f1or Torres Montalvo registrara su comit\u00e9 pol\u00edtico ante la <b>Oficina del Contralor Electoral<\/b>, el 21 de agosto, era el 22 de julio. En las dos fechas dirig\u00eda el DACO, y lo sigue dirigiendo hoy\u201d, a\u00f1ade la carta.<\/p>\n<p>La convocatoria de radicaci\u00f3n de candidaturas para la elecci\u00f3n especial el 31 de agosto, a las 8:00 a.m., y cierra el 4 de septiembre, al mediod\u00eda, tal cual lo determin\u00f3 el Directorio del PNP. <b>La elecci\u00f3n especial ser\u00e1 el domingo 27 de septiembre<\/b>.<\/p>\n<p>Previamente, Vega Borges ha dicho que Torres Montalvo no tiene por qu\u00e9 renunciar a la jefatura del DACO, por entender que el Art\u00edculo 7.2 (5) (c) del C\u00f3digo Electoral debe interpretarse como que solo deben dimitir funcionarios que aspiran a cargos que deben llenarse en un t\u00e9rmino mayor de 30 d\u00edas. A su vez, el secretario de Asuntos P\u00fablicos y portavoz de <a href=\"https:\/\/www.elnuevodia.com\/topicos\/la-fortaleza\/\" target=\"_self\" rel title=\"https:\/\/www.elnuevodia.com\/topicos\/la-fortaleza\/\"><b>La Fortaleza<\/b><\/a>, <b>Jean Pe\u00f1a Payano<\/b>, ha dicho que las disposiciones del C\u00f3digo Electoral no aplicar\u00edan en este escenario por tratarse de una elecci\u00f3n especial, no general.<\/p>\n<p>Pero, los legisladores municipales refutan esas interpretaciones. <\/p>\n<p><b>\u201cEl mismo Art\u00edculo 7.2 le ordena a la Comisi\u00f3n Estatal de Elecciones que no acepte, ni procese, ni radique la nominaci\u00f3n de un aspirante que incumpla con los requisitos de esa secci\u00f3n. No es una facultad que la Comisi\u00f3n pueda ejercer o no. Es una prohibici\u00f3n\u201d<\/b>, reza la carta. <\/p>\n<p>El tr\u00edo advierte que, si se deja aspirar a Torres Montalvo y prevalece en la elecci\u00f3n especial, \u201cel Municipio va a quedar con una alcald\u00eda en entredicho y con cada decisi\u00f3n municipal expuesta a impugnaci\u00f3n\u201d.<\/p>\n<p>La alcald\u00eda de Cata\u00f1o qued\u00f3 vacante tras la muerte, por c\u00e1ncer, de <b>Julio Alicea Vasallo<\/b>.<\/p>\n<\/div>\n\n    <div class=\"xs_social_share_widget xs_share_url after_content \t\tmain_content  wslu-style-1 wslu-share-box-shaped wslu-fill-colored wslu-none wslu-share-horizontal wslu-theme-font-no wslu-main_content\">\n\n\t\t\n        <ul>\n\t\t\t        <\/ul>\n    <\/div> \n","protected":false},"excerpt":{"rendered":"<p>A solo horas del cierre de la convocatoria de radicaci\u00f3n de candidaturas para la elecci\u00f3n especial a la alcald\u00eda de Cata\u00f1o , tres legisladores municipales del Partido Nuevo Progresista (PNP) pidieron a la alta plana de la colectividad que no se certifique a Hiram Torres Montalvo, actual secretario del Departamento de Asuntos del Consumidor (DACO)<\/p>\n","protected":false},"author":2,"featured_media":30305,"comment_status":"open","ping_status":"open","sticky":false,"template":"","format":"standard","meta":{"om_disable_all_campaigns":false,"_monsterinsights_skip_tracking":false,"footnotes":""},"categories":[6],"tags":[],"class_list":["post-30308","post","type-post","status-publish","format-standard","has-post-thumbnail","hentry","category-politica"],"aioseo_notices":[],"_links":{"self":[{"href":"https:\/\/aleeknews.com\/4l33k5\/wp-json\/wp\/v2\/posts\/30308","targetHints":{"allow":["GET"]}}],"collection":[{"href":"https:\/\/aleeknews.com\/4l33k5\/wp-json\/wp\/v2\/posts"}],"about":[{"href":"https:\/\/aleeknews.com\/4l33k5\/wp-json\/wp\/v2\/types\/post"}],"author":[{"embeddable":true,"href":"https:\/\/aleeknews.com\/4l33k5\/wp-json\/wp\/v2\/users\/2"}],"replies":[{"embeddable":true,"href":"https:\/\/aleeknews.com\/4l33k5\/wp-json\/wp\/v2\/comments?post=30308"}],"version-history":[{"count":0,"href":"https:\/\/aleeknews.com\/4l33k5\/wp-json\/wp\/v2\/posts\/30308\/revisions"}],"wp:featuredmedia":[{"embeddable":true,"href":"https:\/\/aleeknews.com\/4l33k5\/wp-json\/wp\/v2\/media\/30305"}],"wp:attachment":[{"href":"https:\/\/aleeknews.com\/4l33k5\/wp-json\/wp\/v2\/media?parent=30308"}],"wp:term":[{"taxonomy":"category","embeddable":true,"href":"https:\/\/aleeknews.com\/4l33k5\/wp-json\/wp\/v2\/categories?post=30308"},{"taxonomy":"post_tag","embeddable":true,"href":"https:\/\/aleeknews.com\/4l33k5\/wp-json\/wp\/v2\/tags?post=30308"}],"curies":[{"name":"wp","href":"https:\/\/api.w.org\/{rel}","templated":true}]}}