{"id":30293,"date":"2026-09-03T16:44:30","date_gmt":"2026-09-03T20:44:30","guid":{"rendered":"https:\/\/aleeknews.com\/4l33k5\/2026\/09\/03\/la-mayor-autoridad-cientifica-pide-calma-y-prevencion-ante-fuerte-el-nino-que-se-aproxima\/"},"modified":"2026-09-03T16:44:30","modified_gmt":"2026-09-03T20:44:30","slug":"la-mayor-autoridad-cientifica-pide-calma-y-prevencion-ante-fuerte-el-nino-que-se-aproxima","status":"publish","type":"post","link":"https:\/\/aleeknews.com\/4l33k5\/2026\/09\/03\/la-mayor-autoridad-cientifica-pide-calma-y-prevencion-ante-fuerte-el-nino-que-se-aproxima\/","title":{"rendered":"La mayor autoridad cient\u00edfica pide calma y prevenci\u00f3n ante fuerte El Ni\u00f1o que se aproxima"},"content":{"rendered":"<div>\n<p>La Organizaci\u00f3n Meteorol\u00f3gica Mundial (OMM), la mayor autoridad cient\u00edfica en cuestiones de clima, pidi\u00f3 este jueves calma y medidas de prevenci\u00f3n ante el fen\u00f3meno de El Ni\u00f1o que se avecina, cuyas primeras se\u00f1ales ya se est\u00e1n sintiendo y que ser\u00e1 muy fuerte en los pr\u00f3ximos meses.<\/p>\n<p><b>\u201cHe dicho esto antes y lo repetir\u00e9 una vez m\u00e1s: El Ni\u00f1o no tiene por qu\u00e9 ser una receta para el desastre. Tenemos las previsiones y la capacidad de anticipaci\u00f3n necesarias para salvar vidas y proteger los medios de subsistencia\u201d<\/b>, dijo en rueda de prensa la secretaria general de la OMM, Celeste Saulo, al presentar el bolet\u00edn trimestral sobre la evoluci\u00f3n de este fen\u00f3meno clim\u00e1tico.<\/p>\n<p>Insisti\u00f3 en que m\u00e1s all\u00e1 de confirmar que El Ni\u00f1o se intensificar\u00e1 hasta convertirse en un evento de intensidad muy fuerte, lo que ha querido transmitir hoy es un<b> \u201cllamado a la acci\u00f3n\u201d.<\/b><\/p>\n<p><b>\u201cLa ciencia es clara. Tenemos los conocimientos y las herramientas necesarias para evitar que los peligros relacionados con El Ni\u00f1o se conviertan en una crisis\u201d<\/b>, declar\u00f3.<\/p>\n<p>En ese sentido, expuso ante los periodistas ejemplos como los estados de emergencia que se han declarado en Panam\u00e1 y Per\u00fa, la asesor\u00eda que est\u00e1n prestando los servicios meteorol\u00f3gicos e hidrol\u00f3gicos nacionales a varios gobiernos en Asia o el plan nacional de respuesta a las olas de calor que est\u00e1 aplicando Singapur.<\/p>\n<p>El jefe de Predicci\u00f3n Clim\u00e1tica de la OMM, Wilfran Moufouma-Okia, se\u00f1al\u00f3 en la misma presentaci\u00f3n para la prensa que las previsiones indican una probabilidad cercana al 100% de que El Ni\u00f1o persistir\u00e1 durante septiembre y noviembre y que seguir\u00e1 activo hasta febrero de 2027, pero agreg\u00f3 que esto no significa autom\u00e1ticamente que se producir\u00e1n los desastres naturales que tanto se temen.<\/p>\n<p><b>\u201cEsto no significa que exista una probabilidad del 100% de que se produzca una inundaci\u00f3n, una sequ\u00eda o incluso una ola de calor en un pa\u00eds determinado\u201d,<\/b> asegur\u00f3.<\/p>\n<p>Seg\u00fan el bolet\u00edn de la OMM, la fuerza que tomar\u00e1 El Ni\u00f1o se originar\u00e1 en parte en las temperaturas excepcionalmente altas en el Pac\u00edfico tropical (que del lado de Latinoam\u00e9rica ba\u00f1a las costas de Ecuador, Colombia, Per\u00fa, entre otros pa\u00edses).<\/p>\n<p><b>Desde una perspectiva social, el impacto m\u00e1s grave ser\u00e1 la disminuci\u00f3n de la producci\u00f3n agr\u00edcola, con lo cual las comunidades perder\u00e1n acceso a los alimentos y los precios aumentar\u00e1n, poniendo en una situaci\u00f3n de inseguridad alimentaria a millones de personas en el mundo.<\/b><\/p>\n<p>Por ello, Saulo defendi\u00f3 que es el momento para que los gobiernos tomen decisiones en materia de producci\u00f3n agr\u00edcola, eligiendo -por ejemplo- que tipos de semilla es adecuado plantar si se espera m\u00e1s lluvia o, por el contrario, si se prev\u00e9 escasez de agua o se esperan temperaturas m\u00e1s elevadas.<\/p>\n<p>Uno de los valores que m\u00e1s alarma est\u00e1 causando entre los cient\u00edficos es el aumento excesivo de las temperaturas del mar, y no solo de la superficie, sino incluso debajo de \u00e9sta.<\/p>\n<p>En la superficie se ha superado con creces los registros normales, con un aumento de hasta 2.6 grados Celsius adicionales y valores que no han dejado de subir en las \u00faltimas semanas.<\/p>\n<p>Pero bajo la superficie del oc\u00e9ano <b>\u201cel calor acumulado alcanza una magnitud a\u00fan m\u00e1s excepcional\u201d<\/b>, pues en algunas zonas las temperaturas han superado la media en m\u00e1s de 8 grados.<\/p>\n<\/div>\n\n    <div class=\"xs_social_share_widget xs_share_url after_content \t\tmain_content  wslu-style-1 wslu-share-box-shaped wslu-fill-colored wslu-none wslu-share-horizontal wslu-theme-font-no wslu-main_content\">\n\n\t\t\n        <ul>\n\t\t\t        <\/ul>\n    <\/div> \n","protected":false},"excerpt":{"rendered":"<p>La Organizaci\u00f3n Meteorol\u00f3gica Mundial (OMM), la mayor autoridad cient\u00edfica en cuestiones de clima, pidi\u00f3 este jueves calma y medidas de prevenci\u00f3n ante el fen\u00f3meno de El Ni\u00f1o que se avecina, cuyas primeras se\u00f1ales ya se est\u00e1n sintiendo y que ser\u00e1 muy fuerte en los pr\u00f3ximos meses. \u201cHe dicho esto antes y lo repetir\u00e9 una vez<\/p>\n","protected":false},"author":2,"featured_media":30294,"comment_status":"open","ping_status":"open","sticky":false,"template":"","format":"standard","meta":{"om_disable_all_campaigns":false,"_monsterinsights_skip_tracking":false,"footnotes":""},"categories":[10],"tags":[],"class_list":["post-30293","post","type-post","status-publish","format-standard","has-post-thumbnail","hentry","category-mundo"],"aioseo_notices":[],"_links":{"self":[{"href":"https:\/\/aleeknews.com\/4l33k5\/wp-json\/wp\/v2\/posts\/30293","targetHints":{"allow":["GET"]}}],"collection":[{"href":"https:\/\/aleeknews.com\/4l33k5\/wp-json\/wp\/v2\/posts"}],"about":[{"href":"https:\/\/aleeknews.com\/4l33k5\/wp-json\/wp\/v2\/types\/post"}],"author":[{"embeddable":true,"href":"https:\/\/aleeknews.com\/4l33k5\/wp-json\/wp\/v2\/users\/2"}],"replies":[{"embeddable":true,"href":"https:\/\/aleeknews.com\/4l33k5\/wp-json\/wp\/v2\/comments?post=30293"}],"version-history":[{"count":0,"href":"https:\/\/aleeknews.com\/4l33k5\/wp-json\/wp\/v2\/posts\/30293\/revisions"}],"wp:featuredmedia":[{"embeddable":true,"href":"https:\/\/aleeknews.com\/4l33k5\/wp-json\/wp\/v2\/media\/30294"}],"wp:attachment":[{"href":"https:\/\/aleeknews.com\/4l33k5\/wp-json\/wp\/v2\/media?parent=30293"}],"wp:term":[{"taxonomy":"category","embeddable":true,"href":"https:\/\/aleeknews.com\/4l33k5\/wp-json\/wp\/v2\/categories?post=30293"},{"taxonomy":"post_tag","embeddable":true,"href":"https:\/\/aleeknews.com\/4l33k5\/wp-json\/wp\/v2\/tags?post=30293"}],"curies":[{"name":"wp","href":"https:\/\/api.w.org\/{rel}","templated":true}]}}