{"id":30290,"date":"2026-09-03T16:44:32","date_gmt":"2026-09-03T20:44:32","guid":{"rendered":"https:\/\/aleeknews.com\/4l33k5\/2026\/09\/03\/viva-cristo-rey-el-lema-de-de-la-espriella-que-abre-el-debate-sobre-politica-y-religion\/"},"modified":"2026-09-03T16:44:32","modified_gmt":"2026-09-03T20:44:32","slug":"viva-cristo-rey-el-lema-de-de-la-espriella-que-abre-el-debate-sobre-politica-y-religion","status":"publish","type":"post","link":"https:\/\/aleeknews.com\/4l33k5\/2026\/09\/03\/viva-cristo-rey-el-lema-de-de-la-espriella-que-abre-el-debate-sobre-politica-y-religion\/","title":{"rendered":"\u201cViva Cristo Rey\u201d, el lema de De la Espriella que abre el debate sobre pol\u00edtica y religi\u00f3n"},"content":{"rendered":"<div>\n<p>La frase <b>\u201cViva Cristo Rey\u201d <\/b>y la presencia de la religi\u00f3n en actos del Gobierno colombiano hacen parte del sello que el presidente, <a href=\"https:\/\/www.elnuevodia.com\/topicos\/abelardo-de-la-espriella\/\" target=\"_self\" rel title=\"https:\/\/www.elnuevodia.com\/topicos\/abelardo-de-la-espriella\/\">Abelardo de la Espriella<\/a>, est\u00e1 imponiendo a su mandato, lo que ha abierto un debate sobre si el mandatario est\u00e1 vulnerando la neutralidad religiosa del Estado.<\/p>\n<p>El debate, que tiene ya hasta una derivada judicial, se encarg\u00f3 de azuzarlo el propio De la Espriella en su investidura, el pasado 7 de agosto, en la que intervinieron tres religiosos de distintas confesiones y donde, por primera vez, grit\u00f3 <b>\u201c\u00a1Viva Cristo Rey!\u201d, un lema que se ha vuelto ya un cierre habitual de sus alocuciones y mensajes en redes sociales.<\/b><\/p>\n<p>La profesora <b>Bibiana Ortega<\/b>, del departamento de Ciencia Pol\u00edtica de la <b>Universidad Javeriana de Bogot\u00e1<\/b>, apunta a EFE que este uso de la religi\u00f3n hace parte de \u201cla batalla cultural\u201d que De la Espriella \u201cha afirmado dar\u00e1 bajo su mandato\u201d.<\/p>\n<div>\n<p><b>1 \/ 11 | <\/b><span> \u00bfQui\u00e9n es Abelardo de la Espriella, el presidente electo de Colombia?. El abogado Abelardo de la Espriella es el nuevo hu\u00e9sped de la Casa de Nari\u00f1o, con m\u00e1s de 12.9 millones de votos y sac\u00e1ndole una escasa ventaja, de menos del 1 por ciento, a Iv\u00e1n Cepeda.<\/span><i> &#8211; Ivan Valencia<\/i><\/p>\n<\/div>\n<p>Ortega considera que en esta puja el cristianismo, en general, \u201ces un pilar\u201d que el presidente colombiano destaca como un aspecto clave de \u201cla identidad\u201d que puede unir a Colombia, pero que no gira s\u00f3lo en torno a la Iglesia cat\u00f3lica, sino alrededor de varios credos, con sus respectivos grupos de inter\u00e9s detr\u00e1s.<\/p>\n<p><h4><b>El papel de la religi\u00f3n<\/b><\/h4>\n<\/p>\n<p>Buena parte del electorado del presidente colombiano procede de la feligres\u00eda de las iglesias cat\u00f3lica y evang\u00e9lica, que lo ven como un hombre de familia, contrario al aborto y a lo que denomina \u201cideolog\u00eda de g\u00e9nero\u201d.<\/p>\n<p>Esto contrasta con videos y mensajes del propio De la Espriella de hace m\u00e1s de una d\u00e9cada en los que en redes sociales se declaraba ateo. El presidente responde que hace seis a\u00f1os recuper\u00f3 la fe y se declar\u00f3 cat\u00f3lico.<\/p>\n<p><b>Durante la campa\u00f1a que lo llev\u00f3 a la Presidencia, su partido, Defensores de la Patria, se\u00f1al\u00f3 que De la Espriella \u201cno se considera un pol\u00edtico tradicional, sino un instrumento de la voluntad de Dios llamado a cambiar el rumbo de Colombia de manera definitiva\u201d.<\/b><\/p>\n<p>Una vez gan\u00f3 las elecciones el pasado 21 de junio, el peso de la religi\u00f3n se torn\u00f3 a\u00fan m\u00e1s evidente con la designaci\u00f3n del pastor evang\u00e9lico Jaime Andr\u00e9s Beltr\u00e1n como ministro de Vivienda, entre otros gestos.<\/p>\n<p>El primero de agosto, seis d\u00edas antes de asumir el cargo, De la Espriella organiz\u00f3 un \u201cretiro espiritual\u201d con sus ministros en el que asegur\u00f3 que pondr\u00eda a Dios \u201cen el centro de cada decisi\u00f3n\u201d.<\/p>\n<p>En esa reuni\u00f3n le entreg\u00f3 a cada uno de los asistentes una biblia. Igualmente, en los videos publicados de ese d\u00eda, se ve a De la Espriella arrodillado rezando, as\u00ed como im\u00e1genes de un sacerdote oficiando una misa.<\/p>\n<div>\n<p><b>1 \/ 15 | <\/b><span> Rompe con la tradici\u00f3n: Abelardo de la Espriella toma posesi\u00f3n como presidente de Colombia en Cali. El presidente de Colombia, Abelardo de la Espriella, saluda tras recibir la banda presidencial de manos del presidente del Senado, Honorio Henr\u00edquez, durante la ceremonia de toma de posesi\u00f3n, celebrada en Cali.<\/span><i> &#8211; Matias Delacroix<\/i><\/p>\n<\/div>\n<p>\u201c<b>Es un uso simb\u00f3lico que le permite legitimar el proyecto pol\u00edtico (Defensores de la Patria) que fund\u00f3. Una de las patas de ese proyecto pol\u00edtico se fund\u00f3 en ciertos temas religiosos. <\/b>Me parece que si \u00e9l est\u00e1 buscando hablarle a un p\u00fablico, pues ah\u00ed le est\u00e1 hablando a su p\u00fablico y su p\u00fablico se siente representado y no se siente amenazado\u201d, a\u00f1ade la profesora Ortega.<\/p>\n<p><h4><b>Investidura y manejo<\/b><\/h4>\n<\/p>\n<p>Pese a que <a href=\"https:\/\/www.elnuevodia.com\/topicos\/colombia\/\" target=\"_self\" rel title=\"https:\/\/www.elnuevodia.com\/topicos\/colombia\/\">Colombia<\/a> es un Estado laico, la religi\u00f3n fue protagonista en la investidura. Durante el acto intervino el rabino David Michaan, quien ley\u00f3 vers\u00edculos del Antiguo Testamento y termin\u00f3 su discurso al grito de <b>\u201cViva Colombia y viva Israel\u201d<\/b>.<\/p>\n<p>Le siguieron el pastor Eduardo Ca\u00f1as Estrada y el monse\u00f1or Francisco M\u00fanera, que pidieron, por separado, que cesen los atentados terroristas, vuelva la seguridad y prime la uni\u00f3n en Colombia.<\/p>\n<p>Por esa raz\u00f3n, un juez orden\u00f3 el mi\u00e9rcoles pasado al mandatario, al resolver en primera instancia una acci\u00f3n de tutela (recurso de amparo), que \u201cen alocuci\u00f3n en radio y televisi\u00f3n a realizarse el martes 30 de septiembre de 2026\u201d ofreciera disculpas al pa\u00eds \u201cpor haber vulnerado la neutralidad religiosa del Estado\u201d.<\/p>\n<p><b>El presidente cumpli\u00f3 con el requerimiento, pero a la vez apel\u00f3 la decisi\u00f3n judicial y ha seguido empleando el controvertido lema religioso en casi todas sus intervenciones p\u00fablicas posteriores.<\/b><\/p>\n<p>De la Espriella tambi\u00e9n es criticado por sus opositores porque, a pesar de defender los valores cristianos, esta semana difundi\u00f3 un video en el que aparece caminando entre los cad\u00e1veres embolsados de 23 supuestos disidentes de las FARC muertos en una operaci\u00f3n militar en el departamento del Guaviare (centro-sur).<\/p>\n<p>\u201cSe pasea entre las bolsas con los cad\u00e1veres.<b> Casi los pisa con desprecio. Se dice cristiano, pero en realidad es un ser sin escr\u00fapulos y sin el m\u00e1s m\u00ednimo sentido de humanidad<\/b>\u201d, se\u00f1al\u00f3 en X el senador opositor Iv\u00e1n Cepeda, el candidato izquierdista derrotado en las elecciones de junio pasado. <\/p>\n<\/div>\n\n    <div class=\"xs_social_share_widget xs_share_url after_content \t\tmain_content  wslu-style-1 wslu-share-box-shaped wslu-fill-colored wslu-none wslu-share-horizontal wslu-theme-font-no wslu-main_content\">\n\n\t\t\n        <ul>\n\t\t\t        <\/ul>\n    <\/div> \n","protected":false},"excerpt":{"rendered":"<p>La frase \u201cViva Cristo Rey\u201d y la presencia de la religi\u00f3n en actos del Gobierno colombiano hacen parte del sello que el presidente, Abelardo de la Espriella, est\u00e1 imponiendo a su mandato, lo que ha abierto un debate sobre si el mandatario est\u00e1 vulnerando la neutralidad religiosa del Estado. El debate, que tiene ya hasta<\/p>\n","protected":false},"author":2,"featured_media":30291,"comment_status":"open","ping_status":"open","sticky":false,"template":"","format":"standard","meta":{"om_disable_all_campaigns":false,"_monsterinsights_skip_tracking":false,"footnotes":""},"categories":[10],"tags":[],"class_list":["post-30290","post","type-post","status-publish","format-standard","has-post-thumbnail","hentry","category-mundo"],"aioseo_notices":[],"_links":{"self":[{"href":"https:\/\/aleeknews.com\/4l33k5\/wp-json\/wp\/v2\/posts\/30290","targetHints":{"allow":["GET"]}}],"collection":[{"href":"https:\/\/aleeknews.com\/4l33k5\/wp-json\/wp\/v2\/posts"}],"about":[{"href":"https:\/\/aleeknews.com\/4l33k5\/wp-json\/wp\/v2\/types\/post"}],"author":[{"embeddable":true,"href":"https:\/\/aleeknews.com\/4l33k5\/wp-json\/wp\/v2\/users\/2"}],"replies":[{"embeddable":true,"href":"https:\/\/aleeknews.com\/4l33k5\/wp-json\/wp\/v2\/comments?post=30290"}],"version-history":[{"count":0,"href":"https:\/\/aleeknews.com\/4l33k5\/wp-json\/wp\/v2\/posts\/30290\/revisions"}],"wp:featuredmedia":[{"embeddable":true,"href":"https:\/\/aleeknews.com\/4l33k5\/wp-json\/wp\/v2\/media\/30291"}],"wp:attachment":[{"href":"https:\/\/aleeknews.com\/4l33k5\/wp-json\/wp\/v2\/media?parent=30290"}],"wp:term":[{"taxonomy":"category","embeddable":true,"href":"https:\/\/aleeknews.com\/4l33k5\/wp-json\/wp\/v2\/categories?post=30290"},{"taxonomy":"post_tag","embeddable":true,"href":"https:\/\/aleeknews.com\/4l33k5\/wp-json\/wp\/v2\/tags?post=30290"}],"curies":[{"name":"wp","href":"https:\/\/api.w.org\/{rel}","templated":true}]}}