{"id":30274,"date":"2026-09-02T19:42:59","date_gmt":"2026-09-02T23:42:59","guid":{"rendered":"https:\/\/aleeknews.com\/4l33k5\/2026\/09\/02\/asi-lucio-j-balvin-en-la-alfombra-roja-inaugural-del-festival-de-cine-de-venecia\/"},"modified":"2026-09-02T19:42:59","modified_gmt":"2026-09-02T23:42:59","slug":"asi-lucio-j-balvin-en-la-alfombra-roja-inaugural-del-festival-de-cine-de-venecia","status":"publish","type":"post","link":"https:\/\/aleeknews.com\/4l33k5\/2026\/09\/02\/asi-lucio-j-balvin-en-la-alfombra-roja-inaugural-del-festival-de-cine-de-venecia\/","title":{"rendered":"As\u00ed luci\u00f3 J Balvin en la alfombra roja inaugural del Festival de Cine de Venecia"},"content":{"rendered":"<div>\n<div>\n<p>El cantante colombiano <a href=\"https:\/\/www.elnuevodia.com\/topicos\/j-balvin\/\" target=\"_self\" rel title=\"https:\/\/www.elnuevodia.com\/topicos\/j-balvin\/\"><b>J Balvin<\/b><\/a> deslumbr\u00f3 este mi\u00e9rcoles en la inauguraci\u00f3n del <a href=\"https:\/\/www.elnuevodia.com\/topicos\/festival-internacional-de-cine-de-venecia\/\" target=\"_self\" rel title=\"https:\/\/www.elnuevodia.com\/topicos\/festival-internacional-de-cine-de-venecia\/\"><b>Festival Internacional de Cine de Venecia<\/b><\/a>, en Italia, con un sofisticado conjunto \u201coversize\u201d de <b>Emporio <\/b><a href=\"https:\/\/www.elnuevodia.com\/topicos\/giorgio-armani\/\" target=\"_self\" rel title=\"https:\/\/www.elnuevodia.com\/topicos\/giorgio-armani\/\"><b>Armani<\/b><\/a>.<\/p>\n<\/div>\n<p>Para el estreno de \u201cInk\u201d, la nueva pel\u00edcula de <b>Danny Boyle,<\/b> que inaugur\u00f3 oficialmente la edici\u00f3n 83 del festival veneciano, combin\u00f3 <b>una chaqueta de doble botonatura con un pantal\u00f3n amplio en un estampado geom\u00e9trico, que recuerda los textiles tribales, en tonos grises y beige.<\/b><\/p>\n<p>Jos\u00e9 \u00c1lvaro Osorio Balv\u00edn, nombre de pila del artista, complet\u00f3 su look con <b>su cabello platinado,<\/b> <b>gafas aviadoras, zapatos negros y una cadena dorada, a juego con sus pulseras y sortijas.<\/b><\/p>\n<p>Esta es la primera vez que el colombiano hace su paso por el festival italiano, lo que su equipo define como \u201cotro momento importante en la proyecci\u00f3n global de Balvin, representando la m\u00fasica y la cultura latinas en uno de los eventos internacionales m\u00e1s destacados del mundo\u201d.<\/p>\n<div>\n<figure><picture><source media=\"(max-width: 375px)\" ><source media=\"(max-width: 767px)\" ><source media=\"(max-width: 1023px)\" ><source ><img src=\"https:\/\/www.elnuevodia.com\/resizer\/v2\/KU3FZ6D4RBGO7C3VEFO5QGJJ64.jpg?auth=634b49b54c7f780382455cb76afac7968a7db8ff368cf084431e3c1a02473e8b&#038;quality=75&#038;width=829&#038;smart=true\" alt=\"Balvin asisti\u00f3 al estreno de \u201cInk\u201d, la nueva pel\u00edcula de Danny Boyle que inaugur\u00f3 oficialmente la edici\u00f3n 83 del festival veneciano.\" loading=\"eager\" fetchpriority=\"high\" decoding=\"sync\"><\/picture><figcaption>Balvin asisti\u00f3 al estreno de \u201cInk\u201d, la nueva pel\u00edcula de Danny Boyle que inaugur\u00f3 oficialmente la edici\u00f3n 83 del festival veneciano. (Suministrada)<\/figcaption><\/figure>\n<\/div>\n<p><b>El evento es uno de los festivales de cine m\u00e1s prestigiosos del mundo, solo por detr\u00e1s de <\/b><a href=\"https:\/\/www.elnuevodia.com\/topicos\/festival-de-cine-de-cannes\/\" target=\"_blank\" rel=\"noreferrer\" title=\"https:\/\/www.elnuevodia.com\/topicos\/festival-de-cine-de-cannes\/\"><b>Cannes<\/b><\/a><b>, y t\u00e9cnicamente el m\u00e1s antiguo.<\/b> Venecia tambi\u00e9n es, de forma fiable, una cita repleta de estrellas, que re\u00fane algunas de las mejores pel\u00edculas del cine internacional, y a menudo influye en la carrera hacia los Oscar.<\/p>\n<p>El festival, que se extiende hasta el 12 de septiembre, arranc\u00f3 con la presentaci\u00f3n del filme \u201cInk\u201d, una adaptaci\u00f3n de la aclamada obra teatral sobre los primeros a\u00f1os de Rupert Murdoch, interpretado por Guy Pearce, y su adquisici\u00f3n del diario The Sun. Jack O\u2019Connell y Claire Foy tambi\u00e9n protagonizan la cinta.<\/p>\n<p>Entre las estrellas que estar\u00e1n presentes, siempre se espera a <b>George Clooney<\/b>, quien m\u00e1s all\u00e1 de tener su presencia casi anual, esta vez asistir\u00e1 para recibir un premio a la trayectoria, que tambi\u00e9n recibir\u00e1 <b>Ellen Burstyn<\/b>.<\/p>\n<div>\n<figure><picture><source media=\"(max-width: 375px)\" ><source media=\"(max-width: 767px)\" ><source media=\"(max-width: 1023px)\" ><source ><img src=\"https:\/\/www.elnuevodia.com\/resizer\/v2\/H6B3ZV4E2JH4JNSKBC43BYMNI4.jpg?auth=280ced9054b8dec9a6ee768ce99bf8de5536c8d948428b5dfad8ea1b6d5e1d48&#038;quality=75&#038;width=829&#038;smart=true\" alt=\"El evento es uno de los festivales de cine m\u00e1s prestigiosos del mundo, solo por detr\u00e1s de Cannes.\" loading=\"eager\" fetchpriority=\"high\" decoding=\"sync\"><\/picture><figcaption>El evento es uno de los festivales de cine m\u00e1s prestigiosos del mundo, solo por detr\u00e1s de Cannes. (Suministrada)<\/figcaption><\/figure>\n<\/div>\n<\/div>\n\n    <div class=\"xs_social_share_widget xs_share_url after_content \t\tmain_content  wslu-style-1 wslu-share-box-shaped wslu-fill-colored wslu-none wslu-share-horizontal wslu-theme-font-no wslu-main_content\">\n\n\t\t\n        <ul>\n\t\t\t        <\/ul>\n    <\/div> \n","protected":false},"excerpt":{"rendered":"<p>El cantante colombiano J Balvin deslumbr\u00f3 este mi\u00e9rcoles en la inauguraci\u00f3n del Festival Internacional de Cine de Venecia , en Italia, con un sofisticado conjunto \u201coversize\u201d de Emporio Armani . Para el estreno de \u201cInk\u201d, la nueva pel\u00edcula de Danny Boyle, que inaugur\u00f3 oficialmente la edici\u00f3n 83 del festival veneciano, combin\u00f3 una chaqueta de doble<\/p>\n","protected":false},"author":2,"featured_media":30275,"comment_status":"open","ping_status":"open","sticky":false,"template":"","format":"standard","meta":{"om_disable_all_campaigns":false,"_monsterinsights_skip_tracking":false,"footnotes":""},"categories":[36],"tags":[],"class_list":["post-30274","post","type-post","status-publish","format-standard","has-post-thumbnail","hentry","category-magazine"],"aioseo_notices":[],"_links":{"self":[{"href":"https:\/\/aleeknews.com\/4l33k5\/wp-json\/wp\/v2\/posts\/30274","targetHints":{"allow":["GET"]}}],"collection":[{"href":"https:\/\/aleeknews.com\/4l33k5\/wp-json\/wp\/v2\/posts"}],"about":[{"href":"https:\/\/aleeknews.com\/4l33k5\/wp-json\/wp\/v2\/types\/post"}],"author":[{"embeddable":true,"href":"https:\/\/aleeknews.com\/4l33k5\/wp-json\/wp\/v2\/users\/2"}],"replies":[{"embeddable":true,"href":"https:\/\/aleeknews.com\/4l33k5\/wp-json\/wp\/v2\/comments?post=30274"}],"version-history":[{"count":0,"href":"https:\/\/aleeknews.com\/4l33k5\/wp-json\/wp\/v2\/posts\/30274\/revisions"}],"wp:featuredmedia":[{"embeddable":true,"href":"https:\/\/aleeknews.com\/4l33k5\/wp-json\/wp\/v2\/media\/30275"}],"wp:attachment":[{"href":"https:\/\/aleeknews.com\/4l33k5\/wp-json\/wp\/v2\/media?parent=30274"}],"wp:term":[{"taxonomy":"category","embeddable":true,"href":"https:\/\/aleeknews.com\/4l33k5\/wp-json\/wp\/v2\/categories?post=30274"},{"taxonomy":"post_tag","embeddable":true,"href":"https:\/\/aleeknews.com\/4l33k5\/wp-json\/wp\/v2\/tags?post=30274"}],"curies":[{"name":"wp","href":"https:\/\/api.w.org\/{rel}","templated":true}]}}