{"id":30272,"date":"2026-09-02T18:43:08","date_gmt":"2026-09-02T22:43:08","guid":{"rendered":"https:\/\/aleeknews.com\/4l33k5\/2026\/09\/02\/fda-aprueba-nuevo-farmaco-para-tratar-la-psoriasis-en-placa-de-moderada-a-severa\/"},"modified":"2026-09-02T18:43:08","modified_gmt":"2026-09-02T22:43:08","slug":"fda-aprueba-nuevo-farmaco-para-tratar-la-psoriasis-en-placa-de-moderada-a-severa","status":"publish","type":"post","link":"https:\/\/aleeknews.com\/4l33k5\/2026\/09\/02\/fda-aprueba-nuevo-farmaco-para-tratar-la-psoriasis-en-placa-de-moderada-a-severa\/","title":{"rendered":"FDA aprueba nuevo f\u00e1rmaco para tratar la psoriasis en placa de moderada a severa"},"content":{"rendered":"<div>\n<div data-fusion-lazy-id=\"f0fQYcNoHQKSGL\">\n<div class>\n<p><a href=\"https:\/\/thetrustproject.org\/\"><img decoding=\"async\" src=\"https:\/\/www.elnuevodia.com\/pf\/resources\/v2\/icons\/trust-icon.svg?d=247\"><\/a><\/p>\n<div>\n<p>Se adhiere a los criterios de The Trust Project<\/p>\n<\/div>\n<\/div>\n<div>\n<h2>La Fundaci\u00f3n Nacional de Psoriasis estima que esta enfermedad afecta a m\u00e1s de 125 millones de personas en el mundo<\/h2>\n<div>\n<p>7 de mayo de 2019 &#8211; 12:29 PM<\/p>\n<\/div>\n<div>\n<p><b>Archivo<\/b><\/p>\n<p>Esta historia fue publicada hace m\u00e1s de 7 a\u00f1os.<\/p>\n<\/div>\n<\/div>\n<\/div>\n<div data-fusion-lazy-id=\"f0fIYaQF9GLV14D\">\n<div><picture><source media=\"(max-width: 375px)\" ><source media=\"(max-width: 767px)\" ><source media=\"(max-width: 1023px)\" ><source ><\/picture><figcaption>La psoriasis afecta a 7.5 millones de americanos y es la enfermedad autoinmune de mayor prevalencia en Estados Unidos. (Cristian Newman \/ Unsplash) <\/figcaption><\/div>\n<div>\n<p>En d\u00edas recientes, la <a href=\"https:\/\/www.fda.gov\/about-fda\/fda-en-espanol\" target=\"_blank\"><u><strong>Administraci\u00f3n de Drogas y Alimentos de Estados Unidos<\/strong><\/u><\/a> (FDA, por sus siglas en ingl\u00e9s) anunci\u00f3 la aprobaci\u00f3n de un nuevo medicamento para tratar la psoriasis en placa de moderada a severa en adultos que son candidatos para recibir terapia sist\u00e9mica o fototerapia para el tratamiento de esta condici\u00f3n.<\/p>\n<\/div>\n<\/div>\n<section>\n<header><span>Popular en la Comunidad<\/span><\/header>\n<\/section>\n<\/div>\n\n    <div class=\"xs_social_share_widget xs_share_url after_content \t\tmain_content  wslu-style-1 wslu-share-box-shaped wslu-fill-colored wslu-none wslu-share-horizontal wslu-theme-font-no wslu-main_content\">\n\n\t\t\n        <ul>\n\t\t\t        <\/ul>\n    <\/div> \n","protected":false},"excerpt":{"rendered":"<p>Se adhiere a los criterios de The Trust Project La Fundaci\u00f3n Nacional de Psoriasis estima que esta enfermedad afecta a m\u00e1s de 125 millones de personas en el mundo 7 de mayo de 2019 &#8211; 12:29 PM Archivo Esta historia fue publicada hace m\u00e1s de 7 a\u00f1os. La psoriasis afecta a 7.5 millones de americanos<\/p>\n","protected":false},"author":2,"featured_media":30273,"comment_status":"open","ping_status":"open","sticky":false,"template":"","format":"standard","meta":{"om_disable_all_campaigns":false,"_monsterinsights_skip_tracking":false,"footnotes":""},"categories":[8],"tags":[],"class_list":["post-30272","post","type-post","status-publish","format-standard","has-post-thumbnail","hentry","category-salud"],"aioseo_notices":[],"_links":{"self":[{"href":"https:\/\/aleeknews.com\/4l33k5\/wp-json\/wp\/v2\/posts\/30272","targetHints":{"allow":["GET"]}}],"collection":[{"href":"https:\/\/aleeknews.com\/4l33k5\/wp-json\/wp\/v2\/posts"}],"about":[{"href":"https:\/\/aleeknews.com\/4l33k5\/wp-json\/wp\/v2\/types\/post"}],"author":[{"embeddable":true,"href":"https:\/\/aleeknews.com\/4l33k5\/wp-json\/wp\/v2\/users\/2"}],"replies":[{"embeddable":true,"href":"https:\/\/aleeknews.com\/4l33k5\/wp-json\/wp\/v2\/comments?post=30272"}],"version-history":[{"count":0,"href":"https:\/\/aleeknews.com\/4l33k5\/wp-json\/wp\/v2\/posts\/30272\/revisions"}],"wp:featuredmedia":[{"embeddable":true,"href":"https:\/\/aleeknews.com\/4l33k5\/wp-json\/wp\/v2\/media\/30273"}],"wp:attachment":[{"href":"https:\/\/aleeknews.com\/4l33k5\/wp-json\/wp\/v2\/media?parent=30272"}],"wp:term":[{"taxonomy":"category","embeddable":true,"href":"https:\/\/aleeknews.com\/4l33k5\/wp-json\/wp\/v2\/categories?post=30272"},{"taxonomy":"post_tag","embeddable":true,"href":"https:\/\/aleeknews.com\/4l33k5\/wp-json\/wp\/v2\/tags?post=30272"}],"curies":[{"name":"wp","href":"https:\/\/api.w.org\/{rel}","templated":true}]}}