{"id":30269,"date":"2026-09-02T18:43:10","date_gmt":"2026-09-02T22:43:10","guid":{"rendered":"https:\/\/aleeknews.com\/4l33k5\/2026\/09\/02\/el-ojo-rojo-un-problema-muy-comun-y-de-multiples-causas-2\/"},"modified":"2026-09-02T18:43:10","modified_gmt":"2026-09-02T22:43:10","slug":"el-ojo-rojo-un-problema-muy-comun-y-de-multiples-causas-2","status":"publish","type":"post","link":"https:\/\/aleeknews.com\/4l33k5\/2026\/09\/02\/el-ojo-rojo-un-problema-muy-comun-y-de-multiples-causas-2\/","title":{"rendered":"El ojo rojo: un problema muy com\u00fan y de m\u00faltiples causas"},"content":{"rendered":"<div>\n<div data-fusion-lazy-id=\"f0fQYcNoHQKSGL\">\n<div class>\n<p><a href=\"https:\/\/thetrustproject.org\/\"><img decoding=\"async\" src=\"https:\/\/www.elnuevodia.com\/pf\/resources\/v2\/icons\/trust-icon.svg?d=247\"><\/a><\/p>\n<div>\n<p>Se adhiere a los criterios de The Trust Project<\/p>\n<\/div>\n<\/div>\n<div>\n<h2>El enrojecimiento ocular tiene diversos or\u00edgenes, algunos con consecuencias graves<\/h2>\n<div>\n<p>13 de enero de 2020 &#8211; 9:03 AM<\/p>\n<\/div>\n<div>\n<p><b>Archivo<\/b><\/p>\n<p>Esta historia fue publicada hace m\u00e1s de 6 a\u00f1os.<\/p>\n<\/div>\n<\/div>\n<\/div>\n<div data-fusion-lazy-id=\"f0fIYaQF9GLV14D\">\n<div><picture><source media=\"(max-width: 375px)\" ><source media=\"(max-width: 767px)\" ><source media=\"(max-width: 1023px)\" ><source ><\/picture><figcaption>Los ojos rojos son un trastorno en el que la parte blanca (llamada esclera) toma ese color debido a la ruptura o la dilataci\u00f3n de los vasos sangu\u00edneos. (agnesliinnea \/ Pixabay) <\/figcaption><\/div>\n<div>\n<p><span>Por <b><\/b><b>El Tiempo \/ GDA<\/b><\/span><\/p>\n<p><span>Peri\u00f3dico miembro del Grupo de Diarios Am\u00e9rica<\/span><\/p>\n<\/div>\n<div>\n<p>El enrojecimiento de los ojos por lo general se relaciona con la conjuntivitis, es decir, la inflamaci\u00f3n de las envolturas del ojo, pero, en realidad, esta es apenas una de m\u00faltiples causas de este s\u00edntoma, tal como explica el oftalm\u00f3logo y retin\u00f3logo Orlando Ust\u00e1riz.<\/p>\n<\/div>\n<\/div>\n<section>\n<header><span>Popular en la Comunidad<\/span><\/header>\n<\/section>\n<\/div>\n\n    <div class=\"xs_social_share_widget xs_share_url after_content \t\tmain_content  wslu-style-1 wslu-share-box-shaped wslu-fill-colored wslu-none wslu-share-horizontal wslu-theme-font-no wslu-main_content\">\n\n\t\t\n        <ul>\n\t\t\t        <\/ul>\n    <\/div> \n","protected":false},"excerpt":{"rendered":"<p>Se adhiere a los criterios de The Trust Project El enrojecimiento ocular tiene diversos or\u00edgenes, algunos con consecuencias graves 13 de enero de 2020 &#8211; 9:03 AM Archivo Esta historia fue publicada hace m\u00e1s de 6 a\u00f1os. Los ojos rojos son un trastorno en el que la parte blanca (llamada esclera) toma ese color debido<\/p>\n","protected":false},"author":2,"featured_media":30263,"comment_status":"open","ping_status":"open","sticky":false,"template":"","format":"standard","meta":{"om_disable_all_campaigns":false,"_monsterinsights_skip_tracking":false,"footnotes":""},"categories":[8],"tags":[],"class_list":["post-30269","post","type-post","status-publish","format-standard","has-post-thumbnail","hentry","category-salud"],"aioseo_notices":[],"_links":{"self":[{"href":"https:\/\/aleeknews.com\/4l33k5\/wp-json\/wp\/v2\/posts\/30269","targetHints":{"allow":["GET"]}}],"collection":[{"href":"https:\/\/aleeknews.com\/4l33k5\/wp-json\/wp\/v2\/posts"}],"about":[{"href":"https:\/\/aleeknews.com\/4l33k5\/wp-json\/wp\/v2\/types\/post"}],"author":[{"embeddable":true,"href":"https:\/\/aleeknews.com\/4l33k5\/wp-json\/wp\/v2\/users\/2"}],"replies":[{"embeddable":true,"href":"https:\/\/aleeknews.com\/4l33k5\/wp-json\/wp\/v2\/comments?post=30269"}],"version-history":[{"count":0,"href":"https:\/\/aleeknews.com\/4l33k5\/wp-json\/wp\/v2\/posts\/30269\/revisions"}],"wp:featuredmedia":[{"embeddable":true,"href":"https:\/\/aleeknews.com\/4l33k5\/wp-json\/wp\/v2\/media\/30263"}],"wp:attachment":[{"href":"https:\/\/aleeknews.com\/4l33k5\/wp-json\/wp\/v2\/media?parent=30269"}],"wp:term":[{"taxonomy":"category","embeddable":true,"href":"https:\/\/aleeknews.com\/4l33k5\/wp-json\/wp\/v2\/categories?post=30269"},{"taxonomy":"post_tag","embeddable":true,"href":"https:\/\/aleeknews.com\/4l33k5\/wp-json\/wp\/v2\/tags?post=30269"}],"curies":[{"name":"wp","href":"https:\/\/api.w.org\/{rel}","templated":true}]}}