{"id":30260,"date":"2026-09-02T18:43:16","date_gmt":"2026-09-02T22:43:16","guid":{"rendered":"https:\/\/aleeknews.com\/4l33k5\/2026\/09\/02\/la-importancia-de-detectar-a-tiempo-la-uveitis\/"},"modified":"2026-09-02T18:43:16","modified_gmt":"2026-09-02T22:43:16","slug":"la-importancia-de-detectar-a-tiempo-la-uveitis","status":"publish","type":"post","link":"https:\/\/aleeknews.com\/4l33k5\/2026\/09\/02\/la-importancia-de-detectar-a-tiempo-la-uveitis\/","title":{"rendered":"La importancia de detectar a tiempo la uve\u00edtis"},"content":{"rendered":"<div>\n<div data-fusion-lazy-id=\"f0fQYcNoHQKSGL\">\n<div class>\n<p><a href=\"https:\/\/thetrustproject.org\/\"><img decoding=\"async\" src=\"https:\/\/www.elnuevodia.com\/pf\/resources\/v2\/icons\/trust-icon.svg?d=247\"><\/a><\/p>\n<div>\n<p>Se adhiere a los criterios de The Trust Project<\/p>\n<\/div>\n<\/div>\n<div>\n<h2>Se trata de una inflamaci\u00f3n seria que puede afectar la salud de los ojos<\/h2>\n<div>\n<p>30 de junio de 2017 &#8211; 10:24 AM<\/p>\n<\/div>\n<div>\n<p><b>Archivo<\/b><\/p>\n<p>Esta historia fue publicada hace m\u00e1s de 9 a\u00f1os.<\/p>\n<\/div>\n<\/div>\n<\/div>\n<div data-fusion-lazy-id=\"f0fIYaQF9GLV14D\">\n<div><picture><source media=\"(max-width: 375px)\" ><source media=\"(max-width: 767px)\" ><source media=\"(max-width: 1023px)\" ><source ><\/picture><figcaption>La uve\u00edtis es una causa de p\u00e9rdida de visi\u00f3n en personas menores de 50 a\u00f1os. (Shutterstock) <\/figcaption><\/div>\n<div>\n<p><img decoding=\"async\" alt=\"Ileana Delgado Castro\" src=\"https:\/\/www.elnuevodia.com\/resizer\/v2\/https%3A%2F%2Fs3.amazonaws.com%2Farc-authors%2Fgfrmedia%2Fed1c60a5-a163-49fd-96aa-dece5c8c4af1.png?auth=94ca884abc3f431a8f3c828ecb9b4c21be6ad5260679e7db2932f6d7a66ff59f&#038;quality=75&#038;smart=true&#038;width=170&#038;height=147\"><\/p>\n<\/div>\n<div>\n<p>Es una inflamaci\u00f3n que afecta la salud de los ojos y que, si no es tratada adecuadamente, puede afectar seriamente la visi\u00f3n. Sin embargo, es una de las dolencias visuales de las que menos se habla, aunque afecta a personas de todas las edades, incluyendo a ni\u00f1os.<\/p>\n<\/div>\n<\/div>\n<section>\n<header><span>Popular en la Comunidad<\/span><\/header>\n<\/section>\n<\/div>\n\n    <div class=\"xs_social_share_widget xs_share_url after_content \t\tmain_content  wslu-style-1 wslu-share-box-shaped wslu-fill-colored wslu-none wslu-share-horizontal wslu-theme-font-no wslu-main_content\">\n\n\t\t\n        <ul>\n\t\t\t        <\/ul>\n    <\/div> \n","protected":false},"excerpt":{"rendered":"<p>Se adhiere a los criterios de The Trust Project Se trata de una inflamaci\u00f3n seria que puede afectar la salud de los ojos 30 de junio de 2017 &#8211; 10:24 AM Archivo Esta historia fue publicada hace m\u00e1s de 9 a\u00f1os. La uve\u00edtis es una causa de p\u00e9rdida de visi\u00f3n en personas menores de 50<\/p>\n","protected":false},"author":2,"featured_media":30261,"comment_status":"open","ping_status":"open","sticky":false,"template":"","format":"standard","meta":{"om_disable_all_campaigns":false,"_monsterinsights_skip_tracking":false,"footnotes":""},"categories":[8],"tags":[],"class_list":["post-30260","post","type-post","status-publish","format-standard","has-post-thumbnail","hentry","category-salud"],"aioseo_notices":[],"_links":{"self":[{"href":"https:\/\/aleeknews.com\/4l33k5\/wp-json\/wp\/v2\/posts\/30260","targetHints":{"allow":["GET"]}}],"collection":[{"href":"https:\/\/aleeknews.com\/4l33k5\/wp-json\/wp\/v2\/posts"}],"about":[{"href":"https:\/\/aleeknews.com\/4l33k5\/wp-json\/wp\/v2\/types\/post"}],"author":[{"embeddable":true,"href":"https:\/\/aleeknews.com\/4l33k5\/wp-json\/wp\/v2\/users\/2"}],"replies":[{"embeddable":true,"href":"https:\/\/aleeknews.com\/4l33k5\/wp-json\/wp\/v2\/comments?post=30260"}],"version-history":[{"count":0,"href":"https:\/\/aleeknews.com\/4l33k5\/wp-json\/wp\/v2\/posts\/30260\/revisions"}],"wp:featuredmedia":[{"embeddable":true,"href":"https:\/\/aleeknews.com\/4l33k5\/wp-json\/wp\/v2\/media\/30261"}],"wp:attachment":[{"href":"https:\/\/aleeknews.com\/4l33k5\/wp-json\/wp\/v2\/media?parent=30260"}],"wp:term":[{"taxonomy":"category","embeddable":true,"href":"https:\/\/aleeknews.com\/4l33k5\/wp-json\/wp\/v2\/categories?post=30260"},{"taxonomy":"post_tag","embeddable":true,"href":"https:\/\/aleeknews.com\/4l33k5\/wp-json\/wp\/v2\/tags?post=30260"}],"curies":[{"name":"wp","href":"https:\/\/api.w.org\/{rel}","templated":true}]}}