{"id":30258,"date":"2026-09-02T18:43:17","date_gmt":"2026-09-02T22:43:17","guid":{"rendered":"https:\/\/aleeknews.com\/4l33k5\/2026\/09\/02\/la-uveitis-en-pacientes-con-artritis-psoriasica\/"},"modified":"2026-09-02T18:43:17","modified_gmt":"2026-09-02T22:43:17","slug":"la-uveitis-en-pacientes-con-artritis-psoriasica","status":"publish","type":"post","link":"https:\/\/aleeknews.com\/4l33k5\/2026\/09\/02\/la-uveitis-en-pacientes-con-artritis-psoriasica\/","title":{"rendered":"La uve\u00edtis en pacientes con artritis psori\u00e1sica"},"content":{"rendered":"<div>\n<div data-fusion-lazy-id=\"f0fQYcNoHQKSGL\">\n<div class>\n<p><a href=\"https:\/\/thetrustproject.org\/\"><img decoding=\"async\" src=\"https:\/\/www.elnuevodia.com\/pf\/resources\/v2\/icons\/trust-icon.svg?d=247\"><\/a><\/p>\n<div>\n<p>Se adhiere a los criterios de The Trust Project<\/p>\n<\/div>\n<\/div>\n<div>\n<h2>Octubre es el mes concienciaci\u00f3n de la psoriasis y la Asociaci\u00f3n Puertorrique\u00f1a de Pacientes de Psoriasis ofrecer\u00e1 charlas educativas libres de costo con diferentes especialistas m\u00e9dicos y otros profesionales de la salud <\/h2>\n<div>\n<p>5 de octubre de 2022 &#8211; 8:50 AM<\/p>\n<\/div>\n<div>\n<p><b>Archivo<\/b><\/p>\n<p>Esta historia fue publicada hace m\u00e1s de 3 a\u00f1os.<\/p>\n<\/div>\n<\/div>\n<\/div>\n<div data-fusion-lazy-id=\"f0fIYaQF9GLV14D\">\n<div><picture><source media=\"(max-width: 375px)\" ><source media=\"(max-width: 767px)\" ><source media=\"(max-width: 1023px)\" ><source ><\/picture><figcaption>La colaboraci\u00f3n entre el oftalm\u00f3logo y el reumat\u00f3logo es sumamente importante en el manejo de la uve\u00edtis autoinmune\u201d, agrega la oftalm\u00f3loga, quien advierte que si un paciente no atiende esta condici\u00f3n puede desarrollar otras complicaciones como glaucoma, cataratas, la destrucci\u00f3n de la \u00favea, desprendimiento de la retina y p\u00e9rdida de visi\u00f3n. <span>(Suministrada)<\/span><\/figcaption><\/div>\n<div>\n<p>La <a href=\"https:\/\/www.elnuevodia.com\/topicos\/dia-mundial-de-la-psoriasis\/\" target=\"_blank\">psoriasis <\/a>est\u00e1 asociada a varias comorbilidades, incluyendo enfermedades cardiovasculares, infartos, diabetes mellitus, enfermedades renales y artritis. Existen tambi\u00e9n otras patolog\u00edas como la <a href=\"https:\/\/www.elnuevodia.com\/estilos-de-vida\/salud\/notas\/la-importancia-de-detectar-a-tiempo-la-uveitis\/\" target=\"_blank\">uve\u00edtis<\/a>, un tipo de inflamaci\u00f3n en los ojos. Seg\u00fan estudios, la uve\u00edtis se diagnostica particularmente en pacientes con psoriasis y artritis psori\u00e1sica.<\/p>\n<\/div>\n<\/div>\n<section>\n<header><span>Popular en la Comunidad<\/span><\/header>\n<\/section>\n<\/div>\n\n    <div class=\"xs_social_share_widget xs_share_url after_content \t\tmain_content  wslu-style-1 wslu-share-box-shaped wslu-fill-colored wslu-none wslu-share-horizontal wslu-theme-font-no wslu-main_content\">\n\n\t\t\n        <ul>\n\t\t\t        <\/ul>\n    <\/div> \n","protected":false},"excerpt":{"rendered":"<p>Se adhiere a los criterios de The Trust Project Octubre es el mes concienciaci\u00f3n de la psoriasis y la Asociaci\u00f3n Puertorrique\u00f1a de Pacientes de Psoriasis ofrecer\u00e1 charlas educativas libres de costo con diferentes especialistas m\u00e9dicos y otros profesionales de la salud 5 de octubre de 2022 &#8211; 8:50 AM Archivo Esta historia fue publicada hace<\/p>\n","protected":false},"author":2,"featured_media":30259,"comment_status":"open","ping_status":"open","sticky":false,"template":"","format":"standard","meta":{"om_disable_all_campaigns":false,"_monsterinsights_skip_tracking":false,"footnotes":""},"categories":[8],"tags":[],"class_list":["post-30258","post","type-post","status-publish","format-standard","has-post-thumbnail","hentry","category-salud"],"aioseo_notices":[],"_links":{"self":[{"href":"https:\/\/aleeknews.com\/4l33k5\/wp-json\/wp\/v2\/posts\/30258","targetHints":{"allow":["GET"]}}],"collection":[{"href":"https:\/\/aleeknews.com\/4l33k5\/wp-json\/wp\/v2\/posts"}],"about":[{"href":"https:\/\/aleeknews.com\/4l33k5\/wp-json\/wp\/v2\/types\/post"}],"author":[{"embeddable":true,"href":"https:\/\/aleeknews.com\/4l33k5\/wp-json\/wp\/v2\/users\/2"}],"replies":[{"embeddable":true,"href":"https:\/\/aleeknews.com\/4l33k5\/wp-json\/wp\/v2\/comments?post=30258"}],"version-history":[{"count":0,"href":"https:\/\/aleeknews.com\/4l33k5\/wp-json\/wp\/v2\/posts\/30258\/revisions"}],"wp:featuredmedia":[{"embeddable":true,"href":"https:\/\/aleeknews.com\/4l33k5\/wp-json\/wp\/v2\/media\/30259"}],"wp:attachment":[{"href":"https:\/\/aleeknews.com\/4l33k5\/wp-json\/wp\/v2\/media?parent=30258"}],"wp:term":[{"taxonomy":"category","embeddable":true,"href":"https:\/\/aleeknews.com\/4l33k5\/wp-json\/wp\/v2\/categories?post=30258"},{"taxonomy":"post_tag","embeddable":true,"href":"https:\/\/aleeknews.com\/4l33k5\/wp-json\/wp\/v2\/tags?post=30258"}],"curies":[{"name":"wp","href":"https:\/\/api.w.org\/{rel}","templated":true}]}}