{"id":30238,"date":"2026-09-02T17:11:10","date_gmt":"2026-09-02T21:11:10","guid":{"rendered":"https:\/\/aleeknews.com\/4l33k5\/2026\/09\/02\/entre-el-apoyo-y-el-repudio-lideres-politicos-reaccionan-a-la-designacion-de-norma-burgos-como-secretaria-de-la-gobernacion\/"},"modified":"2026-09-02T17:11:10","modified_gmt":"2026-09-02T21:11:10","slug":"entre-el-apoyo-y-el-repudio-lideres-politicos-reaccionan-a-la-designacion-de-norma-burgos-como-secretaria-de-la-gobernacion","status":"publish","type":"post","link":"https:\/\/aleeknews.com\/4l33k5\/2026\/09\/02\/entre-el-apoyo-y-el-repudio-lideres-politicos-reaccionan-a-la-designacion-de-norma-burgos-como-secretaria-de-la-gobernacion\/","title":{"rendered":"Entre el apoyo y el repudio: l\u00edderes pol\u00edticos reaccionan a la designaci\u00f3n de Norma Burgos como secretaria de la Gobernaci\u00f3n"},"content":{"rendered":"<div>\n<div>\n<p>Luego de que la gobernadora<b> <\/b><a href=\"https:\/\/www.elnuevodia.com\/noticias\/gobierno\/notas\/jenniffer-gonzalez-designa-a-norma-burgos-como-nueva-secretaria-de-la-gobernacion\/\" rel><b>Jenniffer Gonz\u00e1lez<\/b> anunciara, el lunes en la ma\u00f1ana, que<b> Norma Burgos<\/b><\/a> ocupar\u00e1 la secretar\u00eda de la Gobernaci\u00f3n, varios funcionarios afiliados al <a href=\"https:\/\/www.elnuevodia.com\/topicos\/pnp-partido-nuevo-progresista\/\" rel>Partido Nuevo Progresista<\/a> (PNP) expresaron su respaldo a la designaci\u00f3n de la exlegisladora, quien sustituir\u00e1 a <b>Francisco Domenech<\/b> tras su salida el pasado 7 de agosto.<\/p>\n<\/div>\n<p>Los alcaldes de Bayam\u00f3n y San Juan encabezan las reacciones a favor del nombramiento.<\/p>\n<p>Tras destacar las m\u00faltiples posiciones que ha ocupado en la rama ejecutiva y legislativa, el alcalde de Bayam\u00f3n, <b>Ram\u00f3n Luis Rivera<\/b>, destac\u00f3 que Burgos \u201ctiene experiencia y en este momento hist\u00f3rico la experiencia es bien importante\u201d.<\/p>\n<p><b>\u201cUna persona que carga con muchos a\u00f1os de experiencia tiene una ventaja porque estuvo en el gobierno, conoce el gobierno, sabe c\u00f3mo funcionan las cosas en el gobierno. No viene a aprender\u201d, agreg\u00f3. <\/b>\u201cUna persona nueva, entonces le tomar\u00eda un a\u00f1o adaptarse al trabajo, aprender c\u00f3mo corren las cosas en el gobierno. Pues eso es una ventaja que tiene a su favor\u201d.<\/p>\n<div>\n<p><b>1 \/ 20 | <\/b><span> Interpelaci\u00f3n en im\u00e1genes: as\u00ed fue la Comisi\u00f3n Total del Senado a Francisco Domenech. La silla para Francisco Domenech en el sal\u00f3n Leopoldo Figueroa Carreras.<\/span><i> &#8211; Xavier J. Ara\u00fajo Berr\u00edos<\/i><\/p>\n<\/div>\n<p>Por su parte, el alcalde de San Juan, <b>Miguel Romero<\/b>, dijo que ve el nombramiento \u201cmuy positivo\u201d.<\/p>\n<p>Al recordar las distintas posiciones que Burgos ha ocupado, dijo que \u201chay que apoyarla. <b>Me parece que ha sido una buena determinaci\u00f3n de la gobernadora\u201d.<\/b><\/p>\n<p>El ejecutivo municipal se mostr\u00f3 esperanzado en que su llegada contribuya a que la relaci\u00f3n del Ejecutivo con \u201cla Rama Legislativa y el Senado\u201d, por \u201ctodo lo que hab\u00eda estado pasado que giraba entorno al secretario de la gobernaci\u00f3n anterior, para que quede atr\u00e1s y todos puedan remar para el mismo lado\u201d.<\/p>\n<p>Mientras, los alcaldes de Vega Alta, Cabo Rojo, Orocovis , Corozal, Guaynabo, Fajardo, Gurabo, San Germ\u00e1n, Naranjito y Toa Baja coincidieron en que la experiencia de Burgos representa una oportunidad para acercar la gesti\u00f3n del gobierno central a las necesidades particulares de cada municipio.<\/p>\n<p><b>\u201cNorma Burgos tiene esa experiencia y ese conocimiento\u201d<\/b>, expresaron los alcaldes en un comunicado de prensa conjunto.<\/p>\n<div>\n<p><b>1 \/ 8 | <\/b><span> Mira qu\u00e9 funcionarios fueron parte del mensaje de renuncia de Francisco Domenech.  La gobernadora Jenniffer Gonz\u00e1lez confirm\u00f3, el 21 de julio de 2026, la salida de su administraci\u00f3n del secretario de la Gobernaci\u00f3n y director ejecutivo de la Autoridad de Asesor\u00eda Financiera y Agencia Fiscal (Aafaf), Francisco Domenech, y de la subsecretaria de la Gobernaci\u00f3n, Itza Garc\u00eda.<\/span><i> &#8211; Captura<\/i><\/p>\n<\/div>\n<p>\u201cNorma conoce Puerto Rico y conoce sus municipios. Sabe que cada pueblo tiene necesidades y retos particulares. Desde los municipios tendr\u00e1n nuestra colaboraci\u00f3n y tambi\u00e9n encontrar\u00e1 alcaldes dispuestos a trabajar en equipo para adelantar soluciones para nuestra gente\u201d, a\u00f1adieron.<\/p>\n<p>Asimismo, el senador del PNP, Juan Oscar Morales, tambi\u00e9n se mostr\u00f3 esperanzado en que la experiencia de Burgos le ayude a desempe\u00f1arse en el puesto.<\/p>\n<p><b>\u201cMi petici\u00f3n, y la hago con mucha humildad, es que Norma pueda venir con nuevos estilos de gobernanza, donde pueda tener una buena comunicaci\u00f3n con el (sector) Legislativo; comunicaci\u00f3n que no hab\u00eda existido con el pasado secretario de la gobernaci\u00f3n\u201d, expres\u00f3 Morales en entrevista con TeleOnce.<\/b><\/p>\n<p>A su vez, la representante Lourdes Ramos expres\u00f3 en un comunicado de prensa su respaldo a la llegada de Burgos, por entender que lleva a la Fortaleza \u201corden, rigor y eficacia\u201d.<\/p>\n<p>\u201cConozco de primera mano el rigor, la dedicaci\u00f3n y el profundo amor por Puerto Rico que caracterizan a Norma Burgos. Su hoja de servicios demuestra que posee el temple, la capacidad t\u00e9cnica y la visi\u00f3n estrat\u00e9gica necesarias para desempe\u00f1ar esta alta encomienda con un \u00e9xito rotundo\u201d, manifest\u00f3 Ramos.<\/p>\n<p><h4><b>Reacciones en el PPD<\/b><\/h4>\n<\/p>\n<p>De otra parte, el portavoz de la delegaci\u00f3n del <a href=\"https:\/\/www.elnuevodia.com\/topicos\/partido-popular-democratico\/\" target=\"_blank\" rel=\"noreferrer\" title=\"https:\/\/www.elnuevodia.com\/topicos\/partido-popular-democratico\/\">Partido Popular Democr\u00e1tico<\/a> (PPD) en el Senado, <b>Luis Javier Hern\u00e1ndez Ortiz<\/b>, indic\u00f3, en un comunicado de prensa, que el nombramiento de Burgos demuestra que \u201caquello de los 8,000 resum\u00e9s era otra mentira de la gobernadora Jenniffer Gonz\u00e1lez\u201d.<\/p>\n<p><b>Para el senador, la gobernadora \u201cse ha quedado tan sola en su administraci\u00f3n, que ha recurrido a Norma Burgos, que no solamente estaba retirada, sino que adem\u00e1s no vive en Puerto Rico.<\/b> Hoy sientan en la Secretar\u00eda de la Gobernaci\u00f3n a una persona enajenada del Pa\u00eds por los pasados meses. Peor a\u00fan, una persona cuyo historial en el servicio p\u00fablico ha estado marcado por investigaciones y se\u00f1alamientos de actuaciones il\u00edcitas\u201d.<\/p>\n<p><b>Por una l\u00ednea similar, el secretario general del PPD, Manuel Calder\u00f3n Cerame, coment\u00f3, tambi\u00e9n en declaraciones escritas, que el nombramiento \u201ces reciclaje y m\u00e1s de lo mismo.<\/b> Insisto: el problema de Puerto Rico no es una persona; el problema de nuestro pa\u00eds es el PNP. Y ser\u00e1 solamente con los votos que podremos ponerle fin a este problema que ya lleva tres cuatrienios y cuatro gobernadores\u201d.<\/p>\n<p><h4><b>Dalmau dice que hay \u201cbancarrota pol\u00edtica\u201d<\/b><\/h4>\n<\/p>\n<p>El excandidato a la gobernaci\u00f3n por el Partido Independentista Puertorrique\u00f1o (PIP),<b> Juan Dalmau<\/b>, cuestion\u00f3 el nombramiento de Burgos a la jefatura del gabinete.<\/p>\n<p><b>\u201cLa gobernadora Jenniffer Gonz\u00e1lez acaba de declarar la bancarrota pol\u00edtica de su administraci\u00f3n\u201d, sostuvo Dalmau en declaraciones escritas.<\/b><\/p>\n<p>El tambi\u00e9n exlegislador entiende que Gonz\u00e1lez \u201cle minti\u00f3 al pa\u00eds cuando asegur\u00f3 que ten\u00eda 8,000 resum\u00e9s de personas dispuestas y capacitadas para trabajar en su gobierno\u201d.<\/p>\n<p>\u201cLo que demuestra este nombramiento es precisamente lo contrario: *la debilidad pol\u00edtica de una gobernadora que no ha podido convocar un gabinete renovado* y que termina recurriendo a figuras con el historial pol\u00edtico de Norma Burgos\u201d, afirm\u00f3. <\/p>\n<p>\u201cEsta no es una buena noticia para Puerto Rico\u201d, a\u00f1adi\u00f3.<\/p>\n<\/div>\n\n    <div class=\"xs_social_share_widget xs_share_url after_content \t\tmain_content  wslu-style-1 wslu-share-box-shaped wslu-fill-colored wslu-none wslu-share-horizontal wslu-theme-font-no wslu-main_content\">\n\n\t\t\n        <ul>\n\t\t\t        <\/ul>\n    <\/div> \n","protected":false},"excerpt":{"rendered":"<p>Luego de que la gobernadora Jenniffer Gonz\u00e1lez anunciara, el lunes en la ma\u00f1ana, que Norma Burgos ocupar\u00e1 la secretar\u00eda de la Gobernaci\u00f3n, varios funcionarios afiliados al Partido Nuevo Progresista (PNP) expresaron su respaldo a la designaci\u00f3n de la exlegisladora, quien sustituir\u00e1 a Francisco Domenech tras su salida el pasado 7 de agosto. Los alcaldes de<\/p>\n","protected":false},"author":2,"featured_media":30239,"comment_status":"open","ping_status":"open","sticky":false,"template":"","format":"standard","meta":{"om_disable_all_campaigns":false,"_monsterinsights_skip_tracking":false,"footnotes":""},"categories":[6],"tags":[],"class_list":["post-30238","post","type-post","status-publish","format-standard","has-post-thumbnail","hentry","category-politica"],"aioseo_notices":[],"_links":{"self":[{"href":"https:\/\/aleeknews.com\/4l33k5\/wp-json\/wp\/v2\/posts\/30238","targetHints":{"allow":["GET"]}}],"collection":[{"href":"https:\/\/aleeknews.com\/4l33k5\/wp-json\/wp\/v2\/posts"}],"about":[{"href":"https:\/\/aleeknews.com\/4l33k5\/wp-json\/wp\/v2\/types\/post"}],"author":[{"embeddable":true,"href":"https:\/\/aleeknews.com\/4l33k5\/wp-json\/wp\/v2\/users\/2"}],"replies":[{"embeddable":true,"href":"https:\/\/aleeknews.com\/4l33k5\/wp-json\/wp\/v2\/comments?post=30238"}],"version-history":[{"count":0,"href":"https:\/\/aleeknews.com\/4l33k5\/wp-json\/wp\/v2\/posts\/30238\/revisions"}],"wp:featuredmedia":[{"embeddable":true,"href":"https:\/\/aleeknews.com\/4l33k5\/wp-json\/wp\/v2\/media\/30239"}],"wp:attachment":[{"href":"https:\/\/aleeknews.com\/4l33k5\/wp-json\/wp\/v2\/media?parent=30238"}],"wp:term":[{"taxonomy":"category","embeddable":true,"href":"https:\/\/aleeknews.com\/4l33k5\/wp-json\/wp\/v2\/categories?post=30238"},{"taxonomy":"post_tag","embeddable":true,"href":"https:\/\/aleeknews.com\/4l33k5\/wp-json\/wp\/v2\/tags?post=30238"}],"curies":[{"name":"wp","href":"https:\/\/api.w.org\/{rel}","templated":true}]}}