{"id":30233,"date":"2026-09-02T16:45:22","date_gmt":"2026-09-02T20:45:22","guid":{"rendered":"https:\/\/aleeknews.com\/4l33k5\/2026\/09\/02\/presidente-de-iran-reconoce-el-duro-golpe-de-las-sanciones-y-el-bloqueo-de-estados-unidos-2\/"},"modified":"2026-09-02T16:45:22","modified_gmt":"2026-09-02T20:45:22","slug":"presidente-de-iran-reconoce-el-duro-golpe-de-las-sanciones-y-el-bloqueo-de-estados-unidos-2","status":"publish","type":"post","link":"https:\/\/aleeknews.com\/4l33k5\/2026\/09\/02\/presidente-de-iran-reconoce-el-duro-golpe-de-las-sanciones-y-el-bloqueo-de-estados-unidos-2\/","title":{"rendered":"Presidente de Ir\u00e1n reconoce el duro golpe de las sanciones y el bloqueo de Estados Unidos"},"content":{"rendered":"<div>\n<p>El presidente de <a href=\"https:\/\/www.elnuevodia.com\/topicos\/iran\/\" target=\"_self\" rel title=\"https:\/\/www.elnuevodia.com\/topicos\/iran\/\"><b>Ir\u00e1n, Masud Pezeshkian,<\/b><\/a><b> <\/b>admiti\u00f3 que la <a href=\"https:\/\/www.elnuevodia.com\/noticias\/estados-unidos\/notas\/seis-meses-de-guerra-los-objetivos-de-estados-unidos-siguen-cambiando\/\" target=\"_self\" rel title=\"https:\/\/www.elnuevodia.com\/noticias\/estados-unidos\/notas\/seis-meses-de-guerra-los-objetivos-de-estados-unidos-siguen-cambiando\/\"><b>Rep\u00fablica Isl\u00e1mica<\/b><\/a><b> <\/b>se enfrenta a problemas por las sanciones econ\u00f3micas de Estados Unidos y el bloqueo de sus puertos y buques, que han hecho disminuir las exportaciones e importaciones del pa\u00eds persa en un 35%.<\/p>\n<p><b>\u201cEs evidente que tenemos problemas en la vida cotidiana de la gente\u201d, dijo el mandatario en una entrevista en la televisi\u00f3n estatal.<\/b><\/p>\n<p>Pezeshkian advirti\u00f3 que \u201csi las sanciones contin\u00faan, la inflaci\u00f3n aumentar\u00e1\u201d.<\/p>\n<p>La inflaci\u00f3n interanual se situ\u00f3 en julio en el 87.9% y en alimentos y bebidas en el 128%, lo que provoca un continuo aumento de los precios.<\/p>\n<p><b>La Rep\u00fablica Isl\u00e1mica lleva d\u00e9cadas sometida a sanciones econ\u00f3micas de Estados Unidos, pero esta semana Washington lanz\u00f3 la operaci\u00f3n Paria Econ\u00f3mico para aislar a\u00fan m\u00e1s financieramente al pa\u00eds persa para tratar de doblegarlo en la guerra que acaba de cumplir seis meses.<\/b><\/p>\n<div>\n<p><b>1 \/ 7 | <\/b><span> \ud83d\udcf7 En fotos: nueva jornada de ataques entre Ir\u00e1n y Estados Unidos sacude Medio Oriente. La tensi\u00f3n entre Ir\u00e1n y Estados Unidos volvi\u00f3 a escalar este mi\u00e9rcoles luego de que Teher\u00e1n lanzara una nueva ofensiva con misiles contra posiciones estadounidenses en la regi\u00f3n.<\/span><i> &#8211; Planet Labs PBC<\/i><\/p>\n<\/div>\n<p>A ello se suma el cerco que Estados Unidos impuso a los puertos y buques iran\u00edes en julio cuando Teher\u00e1n bloque\u00f3 de nuevo el estrecho de Ormuz.<\/p>\n<p>Ese bloqueo ha provocado que las exportaciones e importaciones iran\u00edes hayan disminuido entre un 25 y 35% en los \u00faltimos meses, seg\u00fan Pezeshkian.<\/p>\n<p>El mandatario tambi\u00e9n explic\u00f3 que buena parte de las importaciones de su pa\u00eds llegaban por barco, pero ahora el pa\u00eds debe \u201cbuscar rutas alternativas, comprar a precios m\u00e1s altos y transportarlos a un costo mayor\u201d.<\/p>\n<p><b>Las exportaciones de petr\u00f3leo tambi\u00e9n se han visto afectadas, seg\u00fan Pezeshkian, aunque no dio detalles.<\/b><\/p>\n<p><b>S\u00ed inform\u00f3 de que durante las semanas que estuvo en vigor el Memorando de Entendimiento firmado con Estados Unidos en junio Teher\u00e1n export\u00f3 90 millones de barriles de petr\u00f3leo.<\/b><\/p>\n<p>Ir\u00e1n ha calificado las nuevas sanciones estadounidenses de \u201cterrorismo de Estado\u201d y \u201cguerra econ\u00f3mica\u201d y ha llamado a otros pa\u00edses a no aplicarlas.<\/p>\n<p>La mala situaci\u00f3n econ\u00f3mica alimenta el descontento popular y en los \u00faltimos a\u00f1os ha provocado protestas contra la Rep\u00fablica Isl\u00e1mica.<\/p>\n<div>\n<p><b>1 \/ 20 | <\/b><span> Con reclamos de venganza contra Donald Trump: despiden a l\u00edder supremo de Ir\u00e1n, Al\u00ed Jamenei. Ir\u00e1n inici\u00f3 el lunes una procesi\u00f3n por su capital, Teher\u00e1n, para el funeral del difunto l\u00edder supremo, el ayatol\u00e1 Al\u00ed Jamenei.<\/span><i> &#8211; Altaf Qadri<\/i><\/p>\n<\/div>\n<p>En la \u00faltima ocasi\u00f3n el alto coste de la vida provoc\u00f3 protestas a finales del a\u00f1o pasado en las que se pidi\u00f3 el fin de la Rep\u00fablica Isl\u00e1mica y que solo desaparecieron tras una dura represi\u00f3n en la que, seg\u00fan las autoridades iran\u00edes, murieron 3,117 personas.<\/p>\n<p><b>No obstante, organizaciones de derechos humanos como la opositora HRANA, con sede en Estados Unidos, elevan esa cifra a m\u00e1s de 7,000. <\/b><\/p>\n<\/div>\n\n    <div class=\"xs_social_share_widget xs_share_url after_content \t\tmain_content  wslu-style-1 wslu-share-box-shaped wslu-fill-colored wslu-none wslu-share-horizontal wslu-theme-font-no wslu-main_content\">\n\n\t\t\n        <ul>\n\t\t\t        <\/ul>\n    <\/div> \n","protected":false},"excerpt":{"rendered":"<p>El presidente de Ir\u00e1n, Masud Pezeshkian, admiti\u00f3 que la Rep\u00fablica Isl\u00e1mica se enfrenta a problemas por las sanciones econ\u00f3micas de Estados Unidos y el bloqueo de sus puertos y buques, que han hecho disminuir las exportaciones e importaciones del pa\u00eds persa en un 35%. \u201cEs evidente que tenemos problemas en la vida cotidiana de la<\/p>\n","protected":false},"author":2,"featured_media":30228,"comment_status":"open","ping_status":"open","sticky":false,"template":"","format":"standard","meta":{"om_disable_all_campaigns":false,"_monsterinsights_skip_tracking":false,"footnotes":""},"categories":[10],"tags":[],"class_list":["post-30233","post","type-post","status-publish","format-standard","has-post-thumbnail","hentry","category-mundo"],"aioseo_notices":[],"_links":{"self":[{"href":"https:\/\/aleeknews.com\/4l33k5\/wp-json\/wp\/v2\/posts\/30233","targetHints":{"allow":["GET"]}}],"collection":[{"href":"https:\/\/aleeknews.com\/4l33k5\/wp-json\/wp\/v2\/posts"}],"about":[{"href":"https:\/\/aleeknews.com\/4l33k5\/wp-json\/wp\/v2\/types\/post"}],"author":[{"embeddable":true,"href":"https:\/\/aleeknews.com\/4l33k5\/wp-json\/wp\/v2\/users\/2"}],"replies":[{"embeddable":true,"href":"https:\/\/aleeknews.com\/4l33k5\/wp-json\/wp\/v2\/comments?post=30233"}],"version-history":[{"count":0,"href":"https:\/\/aleeknews.com\/4l33k5\/wp-json\/wp\/v2\/posts\/30233\/revisions"}],"wp:featuredmedia":[{"embeddable":true,"href":"https:\/\/aleeknews.com\/4l33k5\/wp-json\/wp\/v2\/media\/30228"}],"wp:attachment":[{"href":"https:\/\/aleeknews.com\/4l33k5\/wp-json\/wp\/v2\/media?parent=30233"}],"wp:term":[{"taxonomy":"category","embeddable":true,"href":"https:\/\/aleeknews.com\/4l33k5\/wp-json\/wp\/v2\/categories?post=30233"},{"taxonomy":"post_tag","embeddable":true,"href":"https:\/\/aleeknews.com\/4l33k5\/wp-json\/wp\/v2\/tags?post=30233"}],"curies":[{"name":"wp","href":"https:\/\/api.w.org\/{rel}","templated":true}]}}