{"id":30232,"date":"2026-09-02T16:45:23","date_gmt":"2026-09-02T20:45:23","guid":{"rendered":"https:\/\/aleeknews.com\/4l33k5\/2026\/09\/02\/casa-blanca-afirma-que-estados-unidos-no-mantiene-negociaciones-activas-con-iran-2\/"},"modified":"2026-09-02T16:45:23","modified_gmt":"2026-09-02T20:45:23","slug":"casa-blanca-afirma-que-estados-unidos-no-mantiene-negociaciones-activas-con-iran-2","status":"publish","type":"post","link":"https:\/\/aleeknews.com\/4l33k5\/2026\/09\/02\/casa-blanca-afirma-que-estados-unidos-no-mantiene-negociaciones-activas-con-iran-2\/","title":{"rendered":"Casa Blanca afirma que Estados Unidos no mantiene negociaciones activas con Ir\u00e1n"},"content":{"rendered":"<div>\n<p><a href=\"https:\/\/www.elnuevodia.com\/noticias\/estados-unidos\/\" target=\"_self\" rel title=\"https:\/\/www.elnuevodia.com\/noticias\/estados-unidos\/\">Estados Unidos<\/a> no mantiene de momento negociaciones activas con <a href=\"https:\/\/www.elnuevodia.com\/topicos\/iran\/\" target=\"_self\" rel title=\"https:\/\/www.elnuevodia.com\/topicos\/iran\/\">Ir\u00e1n<\/a> para poner fin a la guerra, afirm\u00f3 este jueves la secretaria de prensa de la Casa Blanca, <a href=\"https:\/\/www.elnuevodia.com\/noticias\/estados-unidos\/notas\/secretaria-de-prensa-de-la-casa-blanca-dejara-el-cargo-a-fin-de-agosto\/\" target=\"_self\" rel title=\"https:\/\/www.elnuevodia.com\/noticias\/estados-unidos\/notas\/secretaria-de-prensa-de-la-casa-blanca-dejara-el-cargo-a-fin-de-agosto\/\">Karoline Leavitt<\/a>, casi seis meses despu\u00e9s del inicio de un conflicto impopular entre la mayor\u00eda de los estadounidenses.<\/p>\n<p>\u201c<b>No se est\u00e1n produciendo negociaciones (con Ir\u00e1n) en este momento, y esta situaci\u00f3n persistir\u00e1 hasta que el presidente (Donald Trump) considere que la otra parte est\u00e1 dispuesta a sentarse a la mesa de manera significativa. A\u00fan no hemos visto tal disposici\u00f3n<\/b>\u201d, dijo a Fox News.<\/p>\n<p>La portavoz principal de la Administraci\u00f3n, que esta semana dejar\u00e1 el cargo para continuar como asesora externa del mandatario, insisti\u00f3 en que Trump \u201cmantiene todas las opciones sobre la mesa\u201d en cuanto a la guerra iniciada por EE.UU. e<a href=\"https:\/\/www.elnuevodia.com\/noticias\/israel\/\" target=\"_self\" rel title=\"https:\/\/www.elnuevodia.com\/noticias\/israel\/\"> Israel<\/a> contra la Rep\u00fablica Isl\u00e1mica el <b>28 de febrero<\/b>.<\/p>\n<div>\n<p><b>1 \/ 20 | <\/b><span> Con reclamos de venganza contra Donald Trump: despiden a l\u00edder supremo de Ir\u00e1n, Al\u00ed Jamenei. Ir\u00e1n inici\u00f3 el lunes una procesi\u00f3n por su capital, Teher\u00e1n, para el funeral del difunto l\u00edder supremo, el ayatol\u00e1 Al\u00ed Jamenei.<\/span><i> &#8211; Altaf Qadri<\/i><\/p>\n<\/div>\n<p>\u201cSigue vigente el bloqueo naval, que ha demostrado ser sumamente eficaz. EE.UU. controla, en esencia, el estrecho de Ormuz, que permanece abierto gracias al presidente Trump y a las fuerzas armadas estadounidenses\u201d, agreg\u00f3 Leavitt, algo que Teher\u00e1n rechaza mientras insiste en su autoridad sobre la estrat\u00e9gica v\u00eda comercial.<\/p>\n<div>\n<p>La portavoz mencion\u00f3 qu<a href=\"https:\/\/www.elnuevodia.com\/topicos\/iran\/\" target=\"_blank\" rel=\"noreferrer\" title=\"https:\/\/www.elnuevodia.com\/topicos\/iran\/\">e Washington busca ahora elevar la presi\u00f3n econ\u00f3mica sobre Ir\u00e1n <\/a>con la operaci\u00f3n \u201cParia econ\u00f3mico\u201d anunciada este lunes, sin fecha de aplicaci\u00f3n, para sancionar a todo aquel que comercie con Ir\u00e1n.<\/p>\n<\/div>\n<p><b>Trump asegur\u00f3 la v\u00edspera a la cadena catar\u00ed Al Jazeera que \u201cno tiene prisa\u201d en retomar las conversaciones de paz estancadas.<\/b> \u201cNo tengo plazo alguno. Estamos ganando con mucha ventaja\u201d, insisti\u00f3.<\/p>\n<p>Preguntado sobre si las medidas econ\u00f3micas son m\u00e1s eficaces que un ataque militar, respondi\u00f3: \u201cAmbas son efectivas\u201d.<\/p>\n<p><b>El republicano asegur\u00f3 el martes pasado que las fuerzas militares de su pa\u00eds han desminado el estrecho de Ormuz y advirti\u00f3 a Ir\u00e1n sobre cualquier intento de colocar nuevos explosivos en el paso mar\u00edtimo.<\/b><\/p>\n<p>El apoyo de los estadounidenses a la guerra contra Ir\u00e1n cay\u00f3 al 31 %, seg\u00fan una encuesta de Ipsos\/Reuters publicada este mi\u00e9rcoles, una bajada con respecto al 34 % registrado a inicios de agosto y un 37 % en marzo, poco despu\u00e9s del inicio del conflicto. <\/p>\n<\/div>\n\n    <div class=\"xs_social_share_widget xs_share_url after_content \t\tmain_content  wslu-style-1 wslu-share-box-shaped wslu-fill-colored wslu-none wslu-share-horizontal wslu-theme-font-no wslu-main_content\">\n\n\t\t\n        <ul>\n\t\t\t        <\/ul>\n    <\/div> \n","protected":false},"excerpt":{"rendered":"<p>Estados Unidos no mantiene de momento negociaciones activas con Ir\u00e1n para poner fin a la guerra, afirm\u00f3 este jueves la secretaria de prensa de la Casa Blanca, Karoline Leavitt, casi seis meses despu\u00e9s del inicio de un conflicto impopular entre la mayor\u00eda de los estadounidenses. \u201cNo se est\u00e1n produciendo negociaciones (con Ir\u00e1n) en este momento<\/p>\n","protected":false},"author":2,"featured_media":30230,"comment_status":"open","ping_status":"open","sticky":false,"template":"","format":"standard","meta":{"om_disable_all_campaigns":false,"_monsterinsights_skip_tracking":false,"footnotes":""},"categories":[10],"tags":[],"class_list":["post-30232","post","type-post","status-publish","format-standard","has-post-thumbnail","hentry","category-mundo"],"aioseo_notices":[],"_links":{"self":[{"href":"https:\/\/aleeknews.com\/4l33k5\/wp-json\/wp\/v2\/posts\/30232","targetHints":{"allow":["GET"]}}],"collection":[{"href":"https:\/\/aleeknews.com\/4l33k5\/wp-json\/wp\/v2\/posts"}],"about":[{"href":"https:\/\/aleeknews.com\/4l33k5\/wp-json\/wp\/v2\/types\/post"}],"author":[{"embeddable":true,"href":"https:\/\/aleeknews.com\/4l33k5\/wp-json\/wp\/v2\/users\/2"}],"replies":[{"embeddable":true,"href":"https:\/\/aleeknews.com\/4l33k5\/wp-json\/wp\/v2\/comments?post=30232"}],"version-history":[{"count":0,"href":"https:\/\/aleeknews.com\/4l33k5\/wp-json\/wp\/v2\/posts\/30232\/revisions"}],"wp:featuredmedia":[{"embeddable":true,"href":"https:\/\/aleeknews.com\/4l33k5\/wp-json\/wp\/v2\/media\/30230"}],"wp:attachment":[{"href":"https:\/\/aleeknews.com\/4l33k5\/wp-json\/wp\/v2\/media?parent=30232"}],"wp:term":[{"taxonomy":"category","embeddable":true,"href":"https:\/\/aleeknews.com\/4l33k5\/wp-json\/wp\/v2\/categories?post=30232"},{"taxonomy":"post_tag","embeddable":true,"href":"https:\/\/aleeknews.com\/4l33k5\/wp-json\/wp\/v2\/tags?post=30232"}],"curies":[{"name":"wp","href":"https:\/\/api.w.org\/{rel}","templated":true}]}}