{"id":30210,"date":"2026-09-01T18:46:01","date_gmt":"2026-09-01T22:46:01","guid":{"rendered":"https:\/\/aleeknews.com\/4l33k5\/2026\/09\/01\/mensajes-de-carino-acompanan-a-sonya-cortes-en-la-perdida-de-su-madre\/"},"modified":"2026-09-01T18:46:01","modified_gmt":"2026-09-01T22:46:01","slug":"mensajes-de-carino-acompanan-a-sonya-cortes-en-la-perdida-de-su-madre","status":"publish","type":"post","link":"https:\/\/aleeknews.com\/4l33k5\/2026\/09\/01\/mensajes-de-carino-acompanan-a-sonya-cortes-en-la-perdida-de-su-madre\/","title":{"rendered":"Mensajes de cari\u00f1o acompa\u00f1an a Sonya Cort\u00e9s en la p\u00e9rdida de su madre"},"content":{"rendered":"<div>\n<p>La comunicadora, cantante y locutora <a href=\"https:\/\/www.elnuevodia.com\/topicos\/sonya-cortes\/\" target=\"_self\" rel title=\"https:\/\/www.elnuevodia.com\/topicos\/sonya-cortes\/\"><b>Sonya Cort\u00e9s<\/b><\/a> recibi\u00f3 este martes una ola de solidaridad de parte de figuras del <a href=\"https:\/\/www.elnuevodia.com\/entretenimiento\/\" target=\"_self\" rel title=\"https:\/\/www.elnuevodia.com\/entretenimiento\/\"><b>entretenimiento<\/b><\/a>, compa\u00f1eros de trabajo y seguidores luego de darse a conocer el fallecimiento de su madre,<b> Gloria Gonz\u00e1lez, conocida cari\u00f1osamente como \u201cMother\u201d<\/b>. <\/p>\n<p>La noticia fue confirmada por el<a href=\"https:\/\/www.instagram.com\/padreorlandolugo\/\" target=\"_self\" rel title=\"https:\/\/www.instagram.com\/padreorlandolugo\/\"><b> padre Orlando Lugo<\/b><\/a>, compa\u00f1ero de Cort\u00e9s en el programa radial <a href=\"https:\/\/www.elnuevodia.com\/topicos\/la-mega\/\" target=\"_self\" rel title=\"https:\/\/www.elnuevodia.com\/topicos\/la-mega\/\"><b>\u201cEl Circo de La Mega\u201d<\/b><\/a>, mediante una emotiva publicaci\u00f3n en <a href=\"https:\/\/www.elnuevodia.com\/topicos\/redes-sociales\/\" target=\"_self\" rel title=\"https:\/\/www.elnuevodia.com\/topicos\/redes-sociales\/\"><b>redes sociales<\/b><\/a> en la que expres\u00f3 su apoyo a la presentadora y a toda su familia.<\/p>\n<p><b>\u201cDe manera especial, abraza a nuestra compa\u00f1era Sonya Cort\u00e9s y a toda su familia ante la partida de su querida madre, do\u00f1a Gloria Gonz\u00e1lez, nuestra \u2018Mother\u2019\u201d, expres\u00f3 Lugo en su mensaje de oraci\u00f3n.<\/b><\/p>\n<p>Tras conocerse la noticia, las plataformas digitales se llenaron de mensajes de condolencia para la artista, quien durante a\u00f1os comparti\u00f3 con sus seguidores momentos especiales junto a su madre. En m\u00faltiples publicaciones, Cort\u00e9s mostraba la estrecha relaci\u00f3n que manten\u00eda con \u201cMother\u201d, adem\u00e1s de compartir reflexiones, peticiones de oraci\u00f3n y actualizaciones sobre su estado de salud.<\/p>\n<p>La presentadora <a href=\"https:\/\/www.elnuevodia.com\/topicos\/deddie-romero\/\" target=\"_self\" rel title=\"https:\/\/www.elnuevodia.com\/topicos\/deddie-romero\/\"><b>Deddie Romero <\/b><\/a><b> <\/b>dedic\u00f3 una publicaci\u00f3n a su amiga y colega. En su discurso, la anfitriona de <a href=\"https:\/\/www.instagram.com\/prenvivot11\/\" target=\"_self\" rel title=\"https:\/\/www.instagram.com\/prenvivot11\/\"><b>\u201cPR en vivo\u201d<\/b><\/a> de <a href=\"https:\/\/www.elnuevodia.com\/topicos\/teleonce\/\" target=\"_self\" rel title=\"https:\/\/www.elnuevodia.com\/topicos\/teleonce\/\"><b>TeleOnce<\/b><\/a> se refiri\u00f3 a Cort\u00e9s como \u201cSister\u201d. <\/p>\n<p>\u201cHoy es unos de esos d\u00edas que nos duele en el alma. Hay momentos en la vida que nos quedamos sin mucho que decir. Fuiste una excelente hija, a \u2018Father\u2019 y a \u2018Mother\u2019 le diste lo mejor. Hoy est\u00e1 descansando en paz. <b>S\u00e9 por experiencia que nada de lo que te diga en este momento servir\u00e1 de consuelo.<\/b> Pero \u2018Mother\u2019, est\u00e1 descansando con papito Dios y por fin se uni\u00f3 con \u2018Father\u2019. Te amo, \u2018Sister\u2019\u201d, expres\u00f3 Romero.<\/p>\n<div>\n<p>Asimismo, la periodista de <a href=\"https:\/\/www.elnuevodia.com\/topicos\/noticentro\/\" target=\"_self\" rel title=\"https:\/\/www.elnuevodia.com\/topicos\/noticentro\/\"><b>\u201cNoticentro\u201d <\/b><\/a>de <a href=\"https:\/\/www.elnuevodia.com\/topicos\/wapa-tv\/\" target=\"_self\" rel title=\"https:\/\/www.elnuevodia.com\/topicos\/wapa-tv\/\"><b>Wapa Televisi\u00f3n<\/b><\/a>, <a href=\"https:\/\/www.elnuevodia.com\/autor\/luz-nereida-velez\/\" target=\"_self\" rel title=\"https:\/\/www.elnuevodia.com\/autor\/luz-nereida-velez\/\"><b>Luz Nereida V\u00e9lez<\/b><\/a>, dedic\u00f3 unas palabras de aliento a \u201cMami Sonya\u201d. <\/p>\n<\/div>\n<p>\u201cT\u00fa sabes lo excelente hija que fuiste. Cuidaste de tu mami hasta que Dios la reclam\u00f3, la hiciste feliz y qu\u00e9 mucho disfrutaron juntas&#8230; As\u00ed que dentro de ese dolor por la p\u00e9rdida queda una hija maravillosa y tu mami, un \u00e1ngel que te cuidar\u00e1 por siempre. Te abrazo a la distancia. Descanse en paz\u201d, escribi\u00f3. <\/p>\n<p>El actor <a href=\"https:\/\/www.elnuevodia.com\/topicos\/modesto-lacen\/\" target=\"_self\" rel title=\"https:\/\/www.elnuevodia.com\/topicos\/modesto-lacen\/\"><b>Modesto Lac\u00e9n<\/b><\/a>, la comediante <a href=\"https:\/\/www.elnuevodia.com\/topicos\/tita-guerrero\/\" target=\"_self\" rel title=\"https:\/\/www.elnuevodia.com\/topicos\/tita-guerrero\/\"><b>Tita Guerrero<\/b><\/a> y el cantante <a href=\"https:\/\/www.instagram.com\/derekdiazpop\/\" target=\"_self\" rel title=\"https:\/\/www.instagram.com\/derekdiazpop\/\"><b>Derek Diaz<\/b><\/a> tambi\u00e9n se unieron a las muestras de apoyo. Precisamente, hace apenas unas semanas, la animadora hab\u00eda agradecido p\u00fablicamente las muestras de cari\u00f1o y respaldo recibidas durante una hospitalizaci\u00f3n de su progenitora. <b>En aquel momento destac\u00f3 la fe y la gratitud como pilares para enfrentar la dif\u00edcil situaci\u00f3n familiar.<\/b><\/p>\n<p>Gonz\u00e1lez falleci\u00f3 a los 99 a\u00f1os, luego de enfrentar complicaciones de salud. Su muerte ha provocado numerosas expresiones de afecto hacia Cort\u00e9s, una de las personalidades m\u00e1s queridas de la <a href=\"https:\/\/www.elnuevodia.com\/topicos\/radio\/\" target=\"_self\" rel title=\"https:\/\/www.elnuevodia.com\/topicos\/radio\/\"><b>radio<\/b><\/a> y la <a href=\"https:\/\/www.elnuevodia.com\/entretenimiento\/television\/\" target=\"_self\" rel title=\"https:\/\/www.elnuevodia.com\/entretenimiento\/television\/\"><b>televisi\u00f3n<\/b><\/a> puertorrique\u00f1a.<\/p>\n<div>\n<p><b>1 \/ 28 | <\/b><span> FOTOS: Sonya Cort\u00e9s a trav\u00e9s de los a\u00f1os. Sonya hizo su debut como cantante el 2000 en el desaparecido programa &#8220;Dame un Break&#8221;.<br \/>\n<\/span><i> &#8211; Archivo<\/i><\/p>\n<\/div>\n<\/div>\n\n    <div class=\"xs_social_share_widget xs_share_url after_content \t\tmain_content  wslu-style-1 wslu-share-box-shaped wslu-fill-colored wslu-none wslu-share-horizontal wslu-theme-font-no wslu-main_content\">\n\n\t\t\n        <ul>\n\t\t\t        <\/ul>\n    <\/div> \n","protected":false},"excerpt":{"rendered":"<p>La comunicadora, cantante y locutora Sonya Cort\u00e9s recibi\u00f3 este martes una ola de solidaridad de parte de figuras del entretenimiento , compa\u00f1eros de trabajo y seguidores luego de darse a conocer el fallecimiento de su madre, Gloria Gonz\u00e1lez, conocida cari\u00f1osamente como \u201cMother\u201d. La noticia fue confirmada por el padre Orlando Lugo , compa\u00f1ero de Cort\u00e9s<\/p>\n","protected":false},"author":2,"featured_media":30211,"comment_status":"open","ping_status":"open","sticky":false,"template":"","format":"standard","meta":{"om_disable_all_campaigns":false,"_monsterinsights_skip_tracking":false,"footnotes":""},"categories":[47],"tags":[],"class_list":["post-30210","post","type-post","status-publish","format-standard","has-post-thumbnail","hentry","category-farandula"],"aioseo_notices":[],"_links":{"self":[{"href":"https:\/\/aleeknews.com\/4l33k5\/wp-json\/wp\/v2\/posts\/30210","targetHints":{"allow":["GET"]}}],"collection":[{"href":"https:\/\/aleeknews.com\/4l33k5\/wp-json\/wp\/v2\/posts"}],"about":[{"href":"https:\/\/aleeknews.com\/4l33k5\/wp-json\/wp\/v2\/types\/post"}],"author":[{"embeddable":true,"href":"https:\/\/aleeknews.com\/4l33k5\/wp-json\/wp\/v2\/users\/2"}],"replies":[{"embeddable":true,"href":"https:\/\/aleeknews.com\/4l33k5\/wp-json\/wp\/v2\/comments?post=30210"}],"version-history":[{"count":0,"href":"https:\/\/aleeknews.com\/4l33k5\/wp-json\/wp\/v2\/posts\/30210\/revisions"}],"wp:featuredmedia":[{"embeddable":true,"href":"https:\/\/aleeknews.com\/4l33k5\/wp-json\/wp\/v2\/media\/30211"}],"wp:attachment":[{"href":"https:\/\/aleeknews.com\/4l33k5\/wp-json\/wp\/v2\/media?parent=30210"}],"wp:term":[{"taxonomy":"category","embeddable":true,"href":"https:\/\/aleeknews.com\/4l33k5\/wp-json\/wp\/v2\/categories?post=30210"},{"taxonomy":"post_tag","embeddable":true,"href":"https:\/\/aleeknews.com\/4l33k5\/wp-json\/wp\/v2\/tags?post=30210"}],"curies":[{"name":"wp","href":"https:\/\/api.w.org\/{rel}","templated":true}]}}