{"id":30206,"date":"2026-09-01T18:45:10","date_gmt":"2026-09-01T22:45:10","guid":{"rendered":"https:\/\/aleeknews.com\/4l33k5\/2026\/09\/01\/el-vinculo-entre-la-psoriasis-y-la-salud-mental\/"},"modified":"2026-09-01T18:45:10","modified_gmt":"2026-09-01T22:45:10","slug":"el-vinculo-entre-la-psoriasis-y-la-salud-mental","status":"publish","type":"post","link":"https:\/\/aleeknews.com\/4l33k5\/2026\/09\/01\/el-vinculo-entre-la-psoriasis-y-la-salud-mental\/","title":{"rendered":"El v\u00ednculo entre la psoriasis y la salud mental"},"content":{"rendered":"<div>\n<div data-fusion-lazy-id=\"f0fQYcNoHQKSGL\">\n<div class>\n<p><a href=\"https:\/\/thetrustproject.org\/\"><img decoding=\"async\" src=\"https:\/\/www.elnuevodia.com\/pf\/resources\/v2\/icons\/trust-icon.svg?d=247\"><\/a><\/p>\n<div>\n<p>Se adhiere a los criterios de The Trust Project<\/p>\n<\/div>\n<\/div>\n<div>\n<h2>En octubre, mes de concienciaci\u00f3n sobre psoriasis, la Federaci\u00f3n Internacional de Asociaciones de Psoriasis (IFPA), publica un informe que explora la relaci\u00f3n entre esta enfermedad, la depresi\u00f3n y la ansiedad<\/h2>\n<div>\n<p>11 de octubre de 2022 &#8211; 10:10 AM<\/p>\n<\/div>\n<div>\n<p><b>Archivo<\/b><\/p>\n<p>Esta historia fue publicada hace m\u00e1s de 3 a\u00f1os.<\/p>\n<\/div>\n<\/div>\n<\/div>\n<div data-fusion-lazy-id=\"f0fIYaQF9GLV14D\">\n<div><picture><source media=\"(max-width: 375px)\" ><source media=\"(max-width: 767px)\" ><source media=\"(max-width: 1023px)\" ><source ><\/picture><figcaption>La psoriasis es una condici\u00f3n mediada por el sistema inmune y esto hace que se produzcan placas inflamatorias en las capas altas de la piel. (GFR Media) <\/figcaption><\/div>\n<div>\n<p>Convivir con una enfermedad visible en la piel conlleva una carga pesada para la <a href=\"https:\/\/www.elnuevodia.com\/topicos\/salud-mental\/\" target=\"_blank\">salud menta<\/a>l y el bienestar emocional de las personas. Y una de las que m\u00e1s afecta el estado emocional de las personas es la <a href=\"https:\/\/www.elnuevodia.com\/topicos\/dia-mundial-de-la-psoriasis\/\" target=\"_blank\"><b>enfermedad psori\u00e1sica<\/b><\/a><b>, una dolencia inflamatoria cr\u00f3nica, sist\u00e9mica, no transmisible, con manifestaciones en la piel que provoca la aparici\u00f3n de lesiones de diferentes tama\u00f1os<\/b> que aparecen en codos, rodillas y cuero cabelludo, que pueden desaparecer y volver a aparecer en los mismos sitios del cuerpo o en otros.<\/p>\n<\/div>\n<\/div>\n<section>\n<header><span>Popular en la Comunidad<\/span><\/header>\n<\/section>\n<\/div>\n\n    <div class=\"xs_social_share_widget xs_share_url after_content \t\tmain_content  wslu-style-1 wslu-share-box-shaped wslu-fill-colored wslu-none wslu-share-horizontal wslu-theme-font-no wslu-main_content\">\n\n\t\t\n        <ul>\n\t\t\t        <\/ul>\n    <\/div> \n","protected":false},"excerpt":{"rendered":"<p>Se adhiere a los criterios de The Trust Project En octubre, mes de concienciaci\u00f3n sobre psoriasis, la Federaci\u00f3n Internacional de Asociaciones de Psoriasis (IFPA), publica un informe que explora la relaci\u00f3n entre esta enfermedad, la depresi\u00f3n y la ansiedad 11 de octubre de 2022 &#8211; 10:10 AM Archivo Esta historia fue publicada hace m\u00e1s de<\/p>\n","protected":false},"author":2,"featured_media":30207,"comment_status":"open","ping_status":"open","sticky":false,"template":"","format":"standard","meta":{"om_disable_all_campaigns":false,"_monsterinsights_skip_tracking":false,"footnotes":""},"categories":[8],"tags":[],"class_list":["post-30206","post","type-post","status-publish","format-standard","has-post-thumbnail","hentry","category-salud"],"aioseo_notices":[],"_links":{"self":[{"href":"https:\/\/aleeknews.com\/4l33k5\/wp-json\/wp\/v2\/posts\/30206","targetHints":{"allow":["GET"]}}],"collection":[{"href":"https:\/\/aleeknews.com\/4l33k5\/wp-json\/wp\/v2\/posts"}],"about":[{"href":"https:\/\/aleeknews.com\/4l33k5\/wp-json\/wp\/v2\/types\/post"}],"author":[{"embeddable":true,"href":"https:\/\/aleeknews.com\/4l33k5\/wp-json\/wp\/v2\/users\/2"}],"replies":[{"embeddable":true,"href":"https:\/\/aleeknews.com\/4l33k5\/wp-json\/wp\/v2\/comments?post=30206"}],"version-history":[{"count":0,"href":"https:\/\/aleeknews.com\/4l33k5\/wp-json\/wp\/v2\/posts\/30206\/revisions"}],"wp:featuredmedia":[{"embeddable":true,"href":"https:\/\/aleeknews.com\/4l33k5\/wp-json\/wp\/v2\/media\/30207"}],"wp:attachment":[{"href":"https:\/\/aleeknews.com\/4l33k5\/wp-json\/wp\/v2\/media?parent=30206"}],"wp:term":[{"taxonomy":"category","embeddable":true,"href":"https:\/\/aleeknews.com\/4l33k5\/wp-json\/wp\/v2\/categories?post=30206"},{"taxonomy":"post_tag","embeddable":true,"href":"https:\/\/aleeknews.com\/4l33k5\/wp-json\/wp\/v2\/tags?post=30206"}],"curies":[{"name":"wp","href":"https:\/\/api.w.org\/{rel}","templated":true}]}}