{"id":30201,"date":"2026-09-01T18:45:13","date_gmt":"2026-09-01T22:45:13","guid":{"rendered":"https:\/\/aleeknews.com\/4l33k5\/2026\/09\/01\/psoriasis-una-patologia-con-mayor-impacto-en-la-mujer\/"},"modified":"2026-09-01T18:45:13","modified_gmt":"2026-09-01T22:45:13","slug":"psoriasis-una-patologia-con-mayor-impacto-en-la-mujer","status":"publish","type":"post","link":"https:\/\/aleeknews.com\/4l33k5\/2026\/09\/01\/psoriasis-una-patologia-con-mayor-impacto-en-la-mujer\/","title":{"rendered":"Psoriasis: una patolog\u00eda con mayor impacto en la mujer"},"content":{"rendered":"<div>\n<div data-fusion-lazy-id=\"f0fQYcNoHQKSGL\">\n<div class>\n<p><a href=\"https:\/\/thetrustproject.org\/\"><img decoding=\"async\" src=\"https:\/\/www.elnuevodia.com\/pf\/resources\/v2\/icons\/trust-icon.svg?d=247\"><\/a><\/p>\n<div>\n<p>Se adhiere a los criterios de The Trust Project<\/p>\n<\/div>\n<\/div>\n<div>\n<h2>Esta enfermedad puede diagnosticarse a cualquier edad, pero el 75% de los casos aparecen antes de los 40 a\u00f1os  <\/h2>\n<div>\n<p>6 de marzo de 2023 &#8211; 6:00 AM<\/p>\n<\/div>\n<div>\n<p><b>Archivo<\/b><\/p>\n<p>Esta historia fue publicada hace m\u00e1s de 3 a\u00f1os.<\/p>\n<\/div>\n<\/div>\n<\/div>\n<div data-fusion-lazy-id=\"f0fIYaQF9GLV14D\">\n<div><picture><source media=\"(max-width: 375px)\" ><source media=\"(max-width: 767px)\" ><source media=\"(max-width: 1023px)\" ><source ><\/picture><figcaption>Con motivo de marzo, Mes de la Mujer, APAPP en alianza con la Universidad Ana G. M\u00e9ndez, Recinto de Carolina, presentar\u00e1 la exposici\u00f3n fotogr\u00e1fica Lib\u00e9rate\u2026m\u00e1s all\u00e1 de la psoriasis, en el \u00e1rea del vest\u00edbulo de la Biblioteca del 7 al 21 de marzo. <span>(Suministrada)<\/span><\/figcaption><\/div>\n<div>\n<p>Betty fue diagnosticada <b>con <\/b><a href=\"https:\/\/www.elnuevodia.com\/topicos\/dia-mundial-de-la-psoriasis\/\" target=\"_blank\"><b>psoriasis<\/b><\/a><b> a los 34 a\u00f1os, una dolencia que, en su ambiente laboral y en sus relaciones personales<\/b>, fue motivo de discriminaci\u00f3n y comentarios fuera de lugar debido a la manifestaci\u00f3n de la enfermedad en diferentes partes del cuerpo. La paciente, que utiliza un seud\u00f3nimo, admite que se trata de una situaci\u00f3n de salud que le ha causado <b>baja autoestima, cambios en su manera de vestir, rechazo a su apariencia f\u00edsica, aislamiento social y depresi\u00f3n,<\/b> al igual que la aparici\u00f3n de otras condiciones de salud.<\/p>\n<\/div>\n<\/div>\n<section>\n<header><span>Popular en la Comunidad<\/span><\/header>\n<\/section>\n<\/div>\n\n    <div class=\"xs_social_share_widget xs_share_url after_content \t\tmain_content  wslu-style-1 wslu-share-box-shaped wslu-fill-colored wslu-none wslu-share-horizontal wslu-theme-font-no wslu-main_content\">\n\n\t\t\n        <ul>\n\t\t\t        <\/ul>\n    <\/div> \n","protected":false},"excerpt":{"rendered":"<p>Se adhiere a los criterios de The Trust Project Esta enfermedad puede diagnosticarse a cualquier edad, pero el 75% de los casos aparecen antes de los 40 a\u00f1os 6 de marzo de 2023 &#8211; 6:00 AM Archivo Esta historia fue publicada hace m\u00e1s de 3 a\u00f1os. Con motivo de marzo, Mes de la Mujer, APAPP<\/p>\n","protected":false},"author":2,"featured_media":30202,"comment_status":"open","ping_status":"open","sticky":false,"template":"","format":"standard","meta":{"om_disable_all_campaigns":false,"_monsterinsights_skip_tracking":false,"footnotes":""},"categories":[8],"tags":[],"class_list":["post-30201","post","type-post","status-publish","format-standard","has-post-thumbnail","hentry","category-salud"],"aioseo_notices":[],"_links":{"self":[{"href":"https:\/\/aleeknews.com\/4l33k5\/wp-json\/wp\/v2\/posts\/30201","targetHints":{"allow":["GET"]}}],"collection":[{"href":"https:\/\/aleeknews.com\/4l33k5\/wp-json\/wp\/v2\/posts"}],"about":[{"href":"https:\/\/aleeknews.com\/4l33k5\/wp-json\/wp\/v2\/types\/post"}],"author":[{"embeddable":true,"href":"https:\/\/aleeknews.com\/4l33k5\/wp-json\/wp\/v2\/users\/2"}],"replies":[{"embeddable":true,"href":"https:\/\/aleeknews.com\/4l33k5\/wp-json\/wp\/v2\/comments?post=30201"}],"version-history":[{"count":0,"href":"https:\/\/aleeknews.com\/4l33k5\/wp-json\/wp\/v2\/posts\/30201\/revisions"}],"wp:featuredmedia":[{"embeddable":true,"href":"https:\/\/aleeknews.com\/4l33k5\/wp-json\/wp\/v2\/media\/30202"}],"wp:attachment":[{"href":"https:\/\/aleeknews.com\/4l33k5\/wp-json\/wp\/v2\/media?parent=30201"}],"wp:term":[{"taxonomy":"category","embeddable":true,"href":"https:\/\/aleeknews.com\/4l33k5\/wp-json\/wp\/v2\/categories?post=30201"},{"taxonomy":"post_tag","embeddable":true,"href":"https:\/\/aleeknews.com\/4l33k5\/wp-json\/wp\/v2\/tags?post=30201"}],"curies":[{"name":"wp","href":"https:\/\/api.w.org\/{rel}","templated":true}]}}